{"id":559221,"date":"2025-11-26T05:17:13","date_gmt":"2025-11-26T05:17:13","guid":{"rendered":"https:\/\/www.europesays.com\/fr\/559221\/"},"modified":"2025-11-26T05:17:13","modified_gmt":"2025-11-26T05:17:13","slug":"pionnier-de-la-couleur-a-lhumour-singulier-le-photographe-michel-brault-sen-est-alle","status":"publish","type":"post","link":"https:\/\/www.europesays.com\/fr\/559221\/","title":{"rendered":"\u00ab\u00a0Pionnier de la couleur\u00a0\u00bb \u00e0 l\u2019humour singulier, le photographe Michel Brault s\u2019en est all\u00e9"},"content":{"rendered":"<p class=\"fs-5 \">Dans les ann\u00e9es 1970, il avait fait partie de la premi\u00e8re vague de jeunes photographes embauch\u00e9s \u00e0 Var-Matin R\u00e9publique. Pendant plus de vingt ans,<strong> Michel Brault<\/strong> a photographi\u00e9 le quotidien des habitants de l\u2019Ouest-Var, d\u2019abord \u00e0 l\u2019agence de <strong>La Seyne <\/strong>puis celle de <strong>Toulon<\/strong>, install\u00e9e sur le cours Lafayette.<\/p>\n<p class=\"fs-5 \">\u00c9lanc\u00e9, fine moustache, chevelure abondante, Michel portait beau. Mais pas de sac photo. \u00ab Il mettait ses bo\u00eetiers dans un sac en cuir bourr\u00e9 de mousse car il ne voulait pas se faire remarquer. Il mettait souvent un grand imperm\u00e9able. <strong>Michel, c\u2019\u00e9tait la classe !<\/strong>, se rem\u00e9more en riant son ancien coll\u00e8gue Patrick Blanchard, embarqu\u00e9 au journal en 1979. Il avait son petit caract\u00e8re et un humour \u00e0 la Mister Bean, parfois un peu coinc\u00e9, mais c\u2019\u00e9tait un bon camarade, une bonne patte. J\u2019ai de tr\u00e8s bons souvenirs. C\u2019est une \u00e9poque o\u00f9 on vivait beaucoup de choses ensemble et il \u00e9tait tout le temps de la f\u00eate ! \u00bb<\/p>\n<p>                                                                                Pionnier de la pellicule couleur<\/p>\n<p class=\"fs-5 \">Au d\u00e9but des ann\u00e9es 1980, la couleur d\u00e9barque dans les colonnes de la presse fran\u00e7aise. Pour les photographes, qui r\u00e9v\u00e8lent toujours leurs photos en laboratoire, le m\u00e9tier devient plus technique. \u00ab On ne nous a pas oblig\u00e9s \u00e0 passer \u00e0 la couleur tout de suite. Michel a \u00e9t\u00e9 l\u2019un des premiers \u00e0 s\u2019y risquer avec notre coll\u00e8gue G\u00e9rard Raynaud \u00bb, salue Patrick Blanchard.<\/p>\n<p class=\"fs-5 \">Pur photographe localier, heureux de mettre en lumi\u00e8re ceux qu\u2019elle oubliait de toucher, il s\u2019\u00e9tait fait remarquer en signant une exposition aussi insolite qu\u2019itin\u00e9rante : <strong>l\u2019affichage de certaines de ses images dans les bus <\/strong>du r\u00e9seau de l\u2019agglom\u00e9ration toulonnaise.<\/p>\n<p class=\"fs-5 \">En 1998, il d\u00e9cide de prendre la clause de cession lors du rachat du quotidien par le Groupe Nice-matin. Ainsi d\u00e9tach\u00e9 de la r\u00e9daction, il s\u2019en \u00e9loignera progressivement puis d\u00e9finitivement. Souffrant de probl\u00e8mes de sant\u00e9 depuis plusieurs ann\u00e9es, Michel Brault s\u2019est \u00e9teint \u00e0 77 ans. La r\u00e9daction de Var-matin adresse ses sinc\u00e8res condol\u00e9ances \u00e0 sa fille Carol, sa famille et ses amis.<\/p>\n","protected":false},"excerpt":{"rendered":"Dans les ann\u00e9es 1970, il avait fait partie de la premi\u00e8re vague de jeunes photographes embauch\u00e9s \u00e0 Var-Matin&hellip;\n","protected":false},"author":2,"featured_media":559222,"comment_status":"","ping_status":"","sticky":false,"template":"","format":"standard","meta":{"footnotes":""},"categories":[1358],"tags":[1348,1384,1385,1386,58,59,1011,27],"class_list":{"0":"post-559221","1":"post","2":"type-post","3":"status-publish","4":"format-standard","5":"has-post-thumbnail","7":"category-arts-et-design","8":"tag-arts","9":"tag-arts-and-design","10":"tag-arts-et-design","11":"tag-design","12":"tag-divertissement","13":"tag-entertainment","14":"tag-fr","15":"tag-france"},"share_on_mastodon":{"url":"https:\/\/pubeurope.com\/@fr\/115614308264267885","error":""},"_links":{"self":[{"href":"https:\/\/www.europesays.com\/fr\/wp-json\/wp\/v2\/posts\/559221","targetHints":{"allow":["GET"]}}],"collection":[{"href":"https:\/\/www.europesays.com\/fr\/wp-json\/wp\/v2\/posts"}],"about":[{"href":"https:\/\/www.europesays.com\/fr\/wp-json\/wp\/v2\/types\/post"}],"author":[{"embeddable":true,"href":"https:\/\/www.europesays.com\/fr\/wp-json\/wp\/v2\/users\/2"}],"replies":[{"embeddable":true,"href":"https:\/\/www.europesays.com\/fr\/wp-json\/wp\/v2\/comments?post=559221"}],"version-history":[{"count":0,"href":"https:\/\/www.europesays.com\/fr\/wp-json\/wp\/v2\/posts\/559221\/revisions"}],"wp:featuredmedia":[{"embeddable":true,"href":"https:\/\/www.europesays.com\/fr\/wp-json\/wp\/v2\/media\/559222"}],"wp:attachment":[{"href":"https:\/\/www.europesays.com\/fr\/wp-json\/wp\/v2\/media?parent=559221"}],"wp:term":[{"taxonomy":"category","embeddable":true,"href":"https:\/\/www.europesays.com\/fr\/wp-json\/wp\/v2\/categories?post=559221"},{"taxonomy":"post_tag","embeddable":true,"href":"https:\/\/www.europesays.com\/fr\/wp-json\/wp\/v2\/tags?post=559221"}],"curies":[{"name":"wp","href":"https:\/\/api.w.org\/{rel}","templated":true}]}}