{"id":559225,"date":"2025-11-26T05:20:15","date_gmt":"2025-11-26T05:20:15","guid":{"rendered":"https:\/\/www.europesays.com\/fr\/559225\/"},"modified":"2025-11-26T05:20:15","modified_gmt":"2025-11-26T05:20:15","slug":"les-francais-ne-sont-pas-assez-cons-alain-souchon-81-ans-apeure-le-chanteur-a-deja-choisi-son-pays-dexil-au-cas-ou-le-rn-arriverait-au-pouvoir-en-2027","status":"publish","type":"post","link":"https:\/\/www.europesays.com\/fr\/559225\/","title":{"rendered":"\u00ab\u00a0Les Fran\u00e7ais ne sont pas assez cons\u00a0\u00bb : Alain Souchon (81 ans) apeur\u00e9, le chanteur a d\u00e9j\u00e0 choisi son pays d&rsquo;exil, au cas o\u00f9 le RN arriverait au pouvoir en 2027"},"content":{"rendered":"<p>Alain Souchon, le c\u00e9l\u00e8bre chanteur<br \/>\nfran\u00e7ais de 81 ans, a exprim\u00e9 son intention de quitter la France<br \/>\npour la Suisse si le Rassemblement National remporte la<br \/>\npr\u00e9sidentielle de 2027. Cette d\u00e9claration, faite lors d&rsquo;une<br \/>\ninterview sur RTL, suscite de vives r\u00e9actions et relance le d\u00e9bat<br \/>\nsur la mont\u00e9e du parti d&rsquo;extr\u00eame droite.<\/p>\n<p>Pr\u00e9sidentielle 2027 : Alain<br \/>\nSouchon pr\u00eat \u00e0 quitter la France si le RN arrive au<br \/>\npouvoir<br \/>\n\u00ab On ne sera jamais dans un pays dirig\u00e9 par le RN<br \/>\n\u00bb<\/p>\n<p>\u00c0 81 ans, <a href=\"https:\/\/www.pleinevie.fr\/loisirs\/celebrites\/alain-souchon-81-ans-je-dormais-dans-les-champs-le-chanteur-possede-une-maison-de-campagne-a-quelques-heures-de-paris-160165.html\" target=\"_blank\" rel=\"noopener\"><br \/>\nAlain Souchon<\/a> cr\u00e9e la surprise. Invit\u00e9 sur RTL ce 14 novembre<br \/>\n2025, le chanteur a affirm\u00e9 qu\u2019il partirait vivre en Suisse si le<br \/>\nRassemblement national <a href=\"https:\/\/www.pleinevie.fr\/vie-quotidienne\/societe\/sondage-presidentielle-2027-jordan-bardella-est-donne-favori-quel-que-soit-ladversaire-selon-odoxa-179065.html\" target=\"_blank\" rel=\"noopener\"><br \/>\nremportait la pr\u00e9sidentielle de 2027<\/a>. Une prise de position qui<br \/>\nfait r\u00e9agir.<\/p>\n<p>De passage sur RTL pour la promotion de son nouvel album<br \/>\nStudio Saint-Germain, Alain Souchon n\u2019a pas esquiv\u00e9 les<br \/>\nquestions politiques. Interrog\u00e9 par Marc-Olivier Fogiel sur la<br \/>\nmont\u00e9e du RN dans les sondages, l\u2019artiste a r\u00e9pondu sans d\u00e9tour.<br \/>\nSelon lui, l\u2019hypoth\u00e8se d\u2019un pr\u00e9sident Rassemblement national est<br \/>\n\u00ab\u00a0inimaginable\u00a0\u00bb.<br \/> \u00ab\u00a0On ne sera jamais dans un pays<br \/>\ndirig\u00e9 par le RN. Par contre, il monte, il fait peur, tout le monde<br \/>\nen parle, \u00e7a fait des frissons. Si le RN gagne, je pars en<br \/>\nSuisse\u00a0\u00bb, a-t-il indiqu\u00e9 \u00e0 Marc-Olivier Fogiel. Face \u00e0 la<br \/>\npossibilit\u00e9 d\u2019une victoire du parti de Jordan Bardella ou de Marine<br \/>\nLe Pen en 2027, Alain Souchon <strong>s\u2019est montr\u00e9<br \/>\ncat\u00e9gorique<\/strong> : il ne resterait pas en France. \u00ab\u00a0Si<br \/>\njamais il y avait un pr\u00e9sident du Rassemblement national, je<br \/>\npartirais en Suisse.\u00a0\u00bb<\/p>\n<p>Le chanteur \u00e9voque m\u00eame la possibilit\u00e9 d\u2019un mouvement populaire<br \/>\n: \u00ab\u00a0\u00c0 mon avis, s\u2019il y avait un pr\u00e9sident du RN, il y aurait une<br \/>\nr\u00e9volution. Les Fran\u00e7ais ne sont pas assez cons pour \u00e9lire le<br \/>\nRN\u00a0\u00bb. <a href=\"https:\/\/www.pleinevie.fr\/loisirs\/celebrites\/alain-souchon-79-ans-sa-maison-en-bretagne-a-20-metres-de-la-mer-et-proche-de-celle-de-son-ami-laurent-voulzy-111488.html\" target=\"_blank\" rel=\"noopener\"><br \/>\nLe grand ami de Laurent Voulzy<\/a> estime que les \u00e9lecteurs ne<br \/>\ndonneront pas, selon lui, majorit\u00e9 au parti d\u2019extr\u00eame droite :<br \/>\n\u00ab\u00a0Je ne crois pas que les Fran\u00e7ais soient assez cons pour \u00e9lire<br \/>\nquelqu\u2019un du Front national pour diriger.\u00a0\u00bb Des propos forts,<br \/>\nqui s\u2019inscrivent dans une longue tradition d\u2019engagement de<br \/>\nl\u2019artiste, connu pour ses prises de position sociales.<\/p>\n<p>Un album \u00e9v\u00e9nement avec ses deux fils<\/p>\n<p>Au-del\u00e0 du d\u00e9bat politique, Souchon \u00e9tait invit\u00e9 pour pr\u00e9senter<br \/>\nStudio Saint-Germain, un album o\u00f9 il revisite ses plus<br \/>\ngrands titres en compagnie de ses fils, Charles (alias Ours) et<br \/>\nPierre Souchon. <strong>Un projet familial<\/strong> salu\u00e9 par la<br \/>\ncritique et attendu par les fans.<\/p>\n<p>Comme souvent lorsqu\u2019une personnalit\u00e9 publique s\u2019exprime sur la<br \/>\npolitique, les r\u00e9actions ont \u00e9t\u00e9 imm\u00e9diates : certains saluent une<br \/>\nprise de position \u00ab\u00a0courageuse\u00a0\u00bb. D\u2019autres d\u00e9noncent un<br \/>\n\u00ab\u00a0m\u00e9pris du vote populaire\u00a0\u00bb. Certains internautes<br \/>\nrappellent ses engagements historiques, d\u2019autres critiquent ses<br \/>\npropos jug\u00e9s trop abrupts. Le d\u00e9bat reste vif, \u00e0 mesure que la<br \/>\npr\u00e9sidentielle 2027 approche et que les sondages placent le RN en<br \/>\nposition favorable.<\/p>\n","protected":false},"excerpt":{"rendered":"Alain Souchon, le c\u00e9l\u00e8bre chanteur fran\u00e7ais de 81 ans, a exprim\u00e9 son intention de quitter la France pour&hellip;\n","protected":false},"author":2,"featured_media":559226,"comment_status":"","ping_status":"","sticky":false,"template":"","format":"standard","meta":{"footnotes":""},"categories":[1355],"tags":[10281,58,59,1011,27,1361,873],"class_list":{"0":"post-559225","1":"post","2":"type-post","3":"status-publish","4":"format-standard","5":"has-post-thumbnail","7":"category-musique","8":"tag-buzz-nonli","9":"tag-divertissement","10":"tag-entertainment","11":"tag-fr","12":"tag-france","13":"tag-music","14":"tag-musique"},"share_on_mastodon":{"url":"https:\/\/pubeurope.com\/@fr\/115614320193137716","error":""},"_links":{"self":[{"href":"https:\/\/www.europesays.com\/fr\/wp-json\/wp\/v2\/posts\/559225","targetHints":{"allow":["GET"]}}],"collection":[{"href":"https:\/\/www.europesays.com\/fr\/wp-json\/wp\/v2\/posts"}],"about":[{"href":"https:\/\/www.europesays.com\/fr\/wp-json\/wp\/v2\/types\/post"}],"author":[{"embeddable":true,"href":"https:\/\/www.europesays.com\/fr\/wp-json\/wp\/v2\/users\/2"}],"replies":[{"embeddable":true,"href":"https:\/\/www.europesays.com\/fr\/wp-json\/wp\/v2\/comments?post=559225"}],"version-history":[{"count":0,"href":"https:\/\/www.europesays.com\/fr\/wp-json\/wp\/v2\/posts\/559225\/revisions"}],"wp:featuredmedia":[{"embeddable":true,"href":"https:\/\/www.europesays.com\/fr\/wp-json\/wp\/v2\/media\/559226"}],"wp:attachment":[{"href":"https:\/\/www.europesays.com\/fr\/wp-json\/wp\/v2\/media?parent=559225"}],"wp:term":[{"taxonomy":"category","embeddable":true,"href":"https:\/\/www.europesays.com\/fr\/wp-json\/wp\/v2\/categories?post=559225"},{"taxonomy":"post_tag","embeddable":true,"href":"https:\/\/www.europesays.com\/fr\/wp-json\/wp\/v2\/tags?post=559225"}],"curies":[{"name":"wp","href":"https:\/\/api.w.org\/{rel}","templated":true}]}}