{"id":559227,"date":"2025-11-26T05:21:21","date_gmt":"2025-11-26T05:21:21","guid":{"rendered":"https:\/\/www.europesays.com\/fr\/559227\/"},"modified":"2025-11-26T05:21:21","modified_gmt":"2025-11-26T05:21:21","slug":"bugonia-le-huis-clos-delicieusement-absurde-de-yorgos-lanthimos-telerama","status":"publish","type":"post","link":"https:\/\/www.europesays.com\/fr\/559227\/","title":{"rendered":"\u201cBugonia\u201d, le huis clos d\u00e9licieusement absurde de Y\u00f3rgos L\u00e1nthimos &#8211; T\u00e9l\u00e9rama"},"content":{"rendered":"<ol>\n<li><a href=\"https:\/\/news.google.com\/rss\/articles\/CBMirwFBVV95cUxNVUE3bE5FZDFzRVJCVTNDakEwaXBlT19RRkRUUTBoU1NQNmg3VUxycU16dWV3R3htbHY0VVpQbmNrQ0ZSRlFPN003c1pIY2g5SnhuN0VxMEdheGd1TkMyTnZqWF9oSGFkRHZVY09UY0pzeXVvQW5oZUFQR09pVDF1OFRjOTU2cWZTaGMyUm84UjlZZkpwR2ZWeFVqZmMyYlNCZlNtV0dPNFhPOHpDM2VJ?oc=5\" target=\"_blank\" rel=\"noopener\">\u201cBugonia\u201d, le huis clos d\u00e9licieusement absurde de Y\u00f3rgos L\u00e1nthimos<\/a>&nbsp;&nbsp;T\u00e9l\u00e9rama<\/li>\n<li><a href=\"https:\/\/news.google.com\/rss\/articles\/CBMitwFBVV95cUxNZ0Y2azAxc2NOdUNpdTVZdU1DZHRXRlJ4SHZkVDBtYnVRYUM0VTlFbVNSRU9jQjJGU3BXRkZnUkhaQnM4OVk3eFEyNmhOUW9Rd0lUT2NpeXlQYUUyZTc4OEV5LWdKa1N1bU9LNXc1TmJnUXRwQzJBZW8xbDQxdzhvdGdBbHhHQ3N3UDNYU3N6Ny1SVjEtX0x6Z2hHdXhYQXR4R3J4SWk3SmZKV2dwcUFVaDhPZXo4cEk?oc=5\" target=\"_blank\" rel=\"noopener\">Les sorties cin\u00e9ma de la semaine : \u201cBugonia\u201d, \u201cVie priv\u00e9e\u201d, \u201cLa Voix de Hind Rajab\u201d\u2026<\/a>&nbsp;&nbsp;T\u00e9l\u00e9rama<\/li>\n<li><a href=\"https:\/\/news.google.com\/rss\/articles\/CBMi2AFBVV95cUxNRF93a2xEY0h5VU5tcjE5S2hOLXZISVZHS1Q4aE8tTHdMY2hXbXhjYjRrbGpJVEhBMlRPbTc1Q25ZaXY3MzdUWnJxeUdldDJ1Z3dMNFd4ZUUxNmlLY0NGV2Q1SG84dndacFlFdWRRVW0yNDdqRUJiVHk2SlNUQWRrU1RicFRKMkpocEJMT1ZCUHdwZlFwVHlkX0F4SmRrTDhDUjB3QlFUUkc3SHltVDFqQmR2akRXNW5nTnZtczZ6TWtFcHE5SlNxRVE5eGxQdGZ2T3k3aTdJMHg?oc=5\" target=\"_blank\" rel=\"noopener\">Les films \u00e0 l\u2019affiche : \u00ab La Voix de Hind Rajab \u00bb, \u00ab Bugonia \u00bb, \u00ab Zootopie 2 \u00bb, \u00ab Vie priv\u00e9e \u00bb\u2026<\/a>&nbsp;&nbsp;Le Monde.fr<\/li>\n<li><a href=\"https:\/\/news.google.com\/rss\/articles\/CBMi2AFBVV95cUxOWktZZEF3Sk0tSzkxbklMTnJ3UWxPdktPNFU2d2c5Q3BaM0pacXdXczVuTllCdHN3a1FhWFJOSnBiQ2N3YkI0bWJ5RDFFSlNKYzNXa1Q3NVFtb0stR2J2cEdIS1I0X0dDNXAtRVdKZmhRdzBZemYzNFRDZnl2TV9oYnRLN3hsRzBFX21wbXgzYkptaGNWWFhEUWNzUUtRVUl6NHBBWmlib0N2UGFjeGdmTGRoMG15U2lmQ2tPaUtGSEw3a0EzQzV5Wm9tVGQ1NUFRV1dHcWJUWlY?oc=5\" target=\"_blank\" rel=\"noopener\">Avec son nouveau film fou \u00ab\u00a0Bugonia\u00a0\u00bb, l\u2019actrice Emma Stone repousse encore les limites du malaise<\/a>&nbsp;&nbsp;Midi Libre<\/li>\n<li><a href=\"https:\/\/news.google.com\/rss\/articles\/CBMi6wFBVV95cUxNVEdLMlVCbkdGbTBCakozSjFabEFlLVBiRnZMQzZjUWhmaW1aR1lER0RrNGdTd0VwYjNSaUZ6WjdPajk2RXBHMHFMNkpvczV1bktuV2RUVVN2TmxCaFNIWEVVQ1JLWl9faVptZFJ3SmtSLUVGbzhJTDJrbGxPelhOVFNhRzh6UFFPZ3FvNUsxMHlveEV1QjFhM3RkQ2xycWN2eDlNOGJwTVgtZHdsM0VvU1R6aFp3Nnc0cmRxYmRyV21NYXNzSHE3MnY4dEZCaWFaQWgtVjFZUHphekY2dmtXaWIxa3dRZ1VXM1Nj?oc=5\" target=\"_blank\" rel=\"noopener\">\u00ab\u00a0Bugonia\u00a0\u00bb : dans une fable \u00e9colo futuriste, Yorgos Lanthimos imagine la fin de l&rsquo;humanit\u00e9<\/a>&nbsp;&nbsp;Franceinfo<\/li>\n<\/ol>\n","protected":false},"excerpt":{"rendered":"\u201cBugonia\u201d, le huis clos d\u00e9licieusement absurde de Y\u00f3rgos L\u00e1nthimos&nbsp;&nbsp;T\u00e9l\u00e9rama Les sorties cin\u00e9ma de la semaine : \u201cBugonia\u201d, \u201cVie&hellip;\n","protected":false},"author":2,"featured_media":559228,"comment_status":"","ping_status":"","sticky":false,"template":"","format":"standard","meta":{"footnotes":""},"categories":[1354],"tags":[58,59,1346,1011,27,1360],"class_list":{"0":"post-559227","1":"post","2":"type-post","3":"status-publish","4":"format-standard","5":"has-post-thumbnail","7":"category-films","8":"tag-divertissement","9":"tag-entertainment","10":"tag-films","11":"tag-fr","12":"tag-france","13":"tag-movies"},"share_on_mastodon":{"url":"https:\/\/pubeurope.com\/@fr\/115614324004287632","error":""},"_links":{"self":[{"href":"https:\/\/www.europesays.com\/fr\/wp-json\/wp\/v2\/posts\/559227","targetHints":{"allow":["GET"]}}],"collection":[{"href":"https:\/\/www.europesays.com\/fr\/wp-json\/wp\/v2\/posts"}],"about":[{"href":"https:\/\/www.europesays.com\/fr\/wp-json\/wp\/v2\/types\/post"}],"author":[{"embeddable":true,"href":"https:\/\/www.europesays.com\/fr\/wp-json\/wp\/v2\/users\/2"}],"replies":[{"embeddable":true,"href":"https:\/\/www.europesays.com\/fr\/wp-json\/wp\/v2\/comments?post=559227"}],"version-history":[{"count":0,"href":"https:\/\/www.europesays.com\/fr\/wp-json\/wp\/v2\/posts\/559227\/revisions"}],"wp:featuredmedia":[{"embeddable":true,"href":"https:\/\/www.europesays.com\/fr\/wp-json\/wp\/v2\/media\/559228"}],"wp:attachment":[{"href":"https:\/\/www.europesays.com\/fr\/wp-json\/wp\/v2\/media?parent=559227"}],"wp:term":[{"taxonomy":"category","embeddable":true,"href":"https:\/\/www.europesays.com\/fr\/wp-json\/wp\/v2\/categories?post=559227"},{"taxonomy":"post_tag","embeddable":true,"href":"https:\/\/www.europesays.com\/fr\/wp-json\/wp\/v2\/tags?post=559227"}],"curies":[{"name":"wp","href":"https:\/\/api.w.org\/{rel}","templated":true}]}}