{"id":559229,"date":"2025-11-26T05:23:12","date_gmt":"2025-11-26T05:23:12","guid":{"rendered":"https:\/\/www.europesays.com\/fr\/559229\/"},"modified":"2025-11-26T05:23:12","modified_gmt":"2025-11-26T05:23:12","slug":"chelsea-explose-le-fc-barcelone-de-lamine-yamal","status":"publish","type":"post","link":"https:\/\/www.europesays.com\/fr\/559229\/","title":{"rendered":"Chelsea explose le FC Barcelone de Lamine Yamal"},"content":{"rendered":"<p>Le r\u00e9veil va \u00eatre difficile ce mercredi matin pour <a href=\"https:\/\/www.20minutes.fr\/sport\/football\/liga\/4178387-20251010-liga-kylian-mbappe-faut-laisser-lamine-yamal-tranquille\" target=\"_blank\" class=\"c-link c-link--is-underlined\" rel=\"noopener\">Lamine Yamal<\/a> et ses co\u00e9quipiers. Il faut dire que le <a href=\"https:\/\/www.20minutes.fr\/sport\/football\/clasico\/4181730-20251027-real-barca-va-faire-foutre-furieux-sortir-vinicius-pete-plomb-insulte-xabi-alonso\" target=\"_blank\" class=\"c-link c-link--is-underlined\" rel=\"noopener\">FC Barcelone<\/a> a pris mardi soir une le\u00e7on de football \u00e0 Stamford Bridge. Sur sa pelouse, Chelsea a r\u00e9gal\u00e9 ses supporters avec une victoire 3-0, gr\u00e2ce notamment \u00e0 un chef-d\u2019\u0153uvre d\u2019Estevao.<\/p>\n<p>Il faisait un temps \u00e0 ne pas mettre un d\u00e9fenseur du Bar\u00e7a dehors, \u00e0 Londres. Jules Kound\u00e9 a marqu\u00e9 contre son camp et Ronald Araujo a \u00e9t\u00e9 exclu.<\/p>\n<p>Estevao surclasse Yamal<\/p>\n<p>Toute l\u2019arri\u00e8re-garde des Catalans a souffert devant Estevao. <a href=\"https:\/\/www.20minutes.fr\/sport\/football\/premier_league\/4187106-20251121-premier-league-toujours-retour-chelsea-cole-palmer-fracture-orteil-maison\" target=\"_blank\" class=\"c-link c-link--is-underlined\" rel=\"noopener\">Les Blues<\/a> ont mis l\u2019intensit\u00e9 et la cr\u00e9ativit\u00e9 demand\u00e9es pour ce type de sommet, dans le sillage du ph\u00e9nom\u00e8ne br\u00e9silien de 18 ans, \u00e9tourdissant dans ses dribbles et tr\u00e8s juste dans ses choix. L\u2019ailier droit arriv\u00e9 cet \u00e9t\u00e9 de Palmeiras \u00e9tait scrut\u00e9 de pr\u00e8s pour le duel \u00e0 distance livr\u00e9 avec Yamal, m\u00eame \u00e2ge et m\u00eame poste, et il l\u2019a remport\u00e9 haut la main.<\/p>\n<\/p>\n<p>Le premier but est venu d\u2019un corner qu\u2019Estevao a tir\u00e9 rapidement pour prendre la d\u00e9fense de court. Le lat\u00e9ral gauche Marc Cucurella, venu \u00e0 son soutien, a tir\u00e9 fort vers le but, Pedro Neto a finalement d\u00e9vi\u00e9 et Kound\u00e9 s\u2019est emm\u00eal\u00e9 les pinceaux (27e, 1-0).<\/p>\n<p>Les filets avaient d\u00e9j\u00e0 trembl\u00e9 deux fois avant sur des buts invalid\u00e9s ou des grosses occasions vendang\u00e9es. Une main d\u2019un partenaire (5e) puis un hors-jeu (22e) ont priv\u00e9 le milieu de Chelsea, Enzo Maresca, de deux buts. Au rayon des rat\u00e9s, il y a eu le tir d\u00e9viss\u00e9 de Neto apr\u00e8s une superbe passe d\u2019Estevao (24e) et, c\u00f4t\u00e9 Bar\u00e7a, le loup\u00e9 de Ferran Torres devant Robert Sanchez (6e).<\/p>\n<p>Le capitaine du Bar\u00e7a renvoy\u00e9 au vestiaire<\/p>\n<p>Domin\u00e9s, les Espagnols ont en outre \u00e9t\u00e9 abandonn\u00e9s par leur capitaine uruguayen Araujo, averti pour contestation, puis renvoy\u00e9 au vestiaire apr\u00e8s un tacle tr\u00e8s en retard et tr\u00e8s appuy\u00e9 sur Cucurella (44e). Cela a rendu la vie plus facile \u00e0 Chelsea, jamais vraiment menac\u00e9 derri\u00e8re, et toujours aussi entreprenant devant, \u00e0 onze contre dix.<\/p>\n<p>Estevao en a profit\u00e9 pour signer sa soir\u00e9e d\u2019un bijou alliant finesse et puissance\u00a0: un crochet ext\u00e9rieur puis un crochet int\u00e9rieur, du pied gauche, pour effacer deux d\u00e9fenseurs, puis un p\u00e9tard du droit sous la barre transversale (55e, 2-0). Entr\u00e9 un quart d\u2019heure plus t\u00f4t, l\u2019avant-centre Liam Delap s\u2019est lui aussi joint \u00e0 la f\u00eate sur un service parfait de Fernandez, \u00e0 la limite du hors-jeu (73e, 3-0).<\/p>\n<p>Les sorties ensuite de Yamal et Estevao, \u00e0 quelques secondes d\u2019intervalle, ont r\u00e9sum\u00e9 la soir\u00e9e\u00a0: l\u2019Espagnol a rejoint le banc en boudant, moqu\u00e9 par le public londonien, quand le Br\u00e9silien a eu le droit \u00e0 une ovation bien m\u00e9rit\u00e9e.<\/p>\n<p><a href=\"https:\/\/www.20minutes.fr\/sport\/football\/\" target=\"_blank\" class=\"c-link c-btn c-btn--primary\" rel=\"noopener\">Notre dossier Football<\/a><\/p>\n<p>Les Blues se sont donc offert la t\u00eate d\u2019un cador europ\u00e9en, eux qui \u00e9taient tomb\u00e9s face au Bayern Munich au d\u00e9but de la campagne, et peuvent regarder la suite avec s\u00e9r\u00e9nit\u00e9, m\u00eame s\u2019ils auront deux d\u00e9placements compliqu\u00e9s \u00e0 n\u00e9gocier en Italie, contre l\u2019Atalanta et Naples. Barcelone aura un programme a priori plus ais\u00e9, avec Francfort et Copenhague \u00e0 la maison, ainsi qu\u2019un d\u00e9placement au Slavia Prague.<\/p>\n","protected":false},"excerpt":{"rendered":"Le r\u00e9veil va \u00eatre difficile ce mercredi matin pour Lamine Yamal et ses co\u00e9quipiers. Il faut dire que&hellip;\n","protected":false},"author":2,"featured_media":559230,"comment_status":"","ping_status":"","sticky":false,"template":"","format":"standard","meta":{"footnotes":""},"categories":[9],"tags":[11871,5695,63,1011,27,16748,447,517,60,133],"class_list":{"0":"post-559229","1":"post","2":"type-post","3":"status-publish","4":"format-standard","5":"has-post-thumbnail","7":"category-sports","8":"tag-chelsea","9":"tag-fc-barcelone","10":"tag-football","11":"tag-fr","12":"tag-france","13":"tag-lamine-yamal","14":"tag-ligue-des-champions","15":"tag-sport","16":"tag-sports","17":"tag-video"},"share_on_mastodon":{"url":"https:\/\/pubeurope.com\/@fr\/115614332242194426","error":""},"_links":{"self":[{"href":"https:\/\/www.europesays.com\/fr\/wp-json\/wp\/v2\/posts\/559229","targetHints":{"allow":["GET"]}}],"collection":[{"href":"https:\/\/www.europesays.com\/fr\/wp-json\/wp\/v2\/posts"}],"about":[{"href":"https:\/\/www.europesays.com\/fr\/wp-json\/wp\/v2\/types\/post"}],"author":[{"embeddable":true,"href":"https:\/\/www.europesays.com\/fr\/wp-json\/wp\/v2\/users\/2"}],"replies":[{"embeddable":true,"href":"https:\/\/www.europesays.com\/fr\/wp-json\/wp\/v2\/comments?post=559229"}],"version-history":[{"count":0,"href":"https:\/\/www.europesays.com\/fr\/wp-json\/wp\/v2\/posts\/559229\/revisions"}],"wp:featuredmedia":[{"embeddable":true,"href":"https:\/\/www.europesays.com\/fr\/wp-json\/wp\/v2\/media\/559230"}],"wp:attachment":[{"href":"https:\/\/www.europesays.com\/fr\/wp-json\/wp\/v2\/media?parent=559229"}],"wp:term":[{"taxonomy":"category","embeddable":true,"href":"https:\/\/www.europesays.com\/fr\/wp-json\/wp\/v2\/categories?post=559229"},{"taxonomy":"post_tag","embeddable":true,"href":"https:\/\/www.europesays.com\/fr\/wp-json\/wp\/v2\/tags?post=559229"}],"curies":[{"name":"wp","href":"https:\/\/api.w.org\/{rel}","templated":true}]}}