{"id":559241,"date":"2025-11-26T05:30:13","date_gmt":"2025-11-26T05:30:13","guid":{"rendered":"https:\/\/www.europesays.com\/fr\/559241\/"},"modified":"2025-11-26T05:30:13","modified_gmt":"2025-11-26T05:30:13","slug":"pourquoi-les-villes-paient-les-avocats-de-leurs-elus","status":"publish","type":"post","link":"https:\/\/www.europesays.com\/fr\/559241\/","title":{"rendered":"pourquoi les villes paient les avocats de leurs \u00e9lus"},"content":{"rendered":"<p>Me Henri-Pierre Vergnon, avocat de la Ville de Saint-Etienne, a tir\u00e9 le premier lors du proc\u00e8s de la sextape. \u00ab\u00a0La collectivit\u00e9 devra r\u00e9gler les frais d\u2019avocat pour la protection fonctionnelle de <a href=\"https:\/\/www.leprogres.fr\/p\/gilles-artigues\" target=\"_blank\" rel=\"noopener\">Gilles Artigues<\/a>, elle pourra ensuite se retourner contre les auteurs\u00a0\u00bb. M e Germain H\u00e9kimian, avocat de <a href=\"https:\/\/www.leprogres.fr\/p\/gilles-rossary-lenglet\" target=\"_blank\" rel=\"noopener\">Gilles Rossary-Lenglet<\/a>, a l\u00e2ch\u00e9 la seconde balle. \u00ab\u00a0La Ville de Saint-Etienne creuse son d\u00e9ficit au tractopelle\u00a0: elle a accept\u00e9 de prendre en charge la protection fonctionnelle de Gilles Artigues\u00a0\u00bb.<\/p>\n<p>Alors, c\u2019est quoi, cette protection fonctionnelle\u00a0? M e Pierrick Salen, avocat st\u00e9phanois et Docteur en droit public, a accept\u00e9 de d\u00e9crypter pour Le Progr\u00e8s  ce dispositif l\u00e9gal. \u00ab\u00a0La protection fonctionnelle permet \u00e0 la collectivit\u00e9 d\u2019accompagner l\u2019\u00e9lu victime d\u2019un comportement ou suspect\u00e9 d\u2019une infraction p\u00e9nale quand des poursuites ont \u00e9t\u00e9 engag\u00e9es. Elle doit \u00eatre accord\u00e9e par les collectivit\u00e9s aux \u00e9lus locaux (maire, adjoints, conseillers) ainsi qu\u2019aux agents publics\u00a0\u00bb.<\/p>\n<p>Firminy\u00a0: des \u00e9lus&#8230;                        <\/p>\n","protected":false},"excerpt":{"rendered":"Me Henri-Pierre Vergnon, avocat de la Ville de Saint-Etienne, a tir\u00e9 le premier lors du proc\u00e8s de la&hellip;\n","protected":false},"author":2,"featured_media":559242,"comment_status":"","ping_status":"","sticky":false,"template":"","format":"standard","meta":{"footnotes":""},"categories":[9653],"tags":[1111,11,2430,271,272,7539,1777,674,274,107,1011,27,3367,18870,12,25,4001,7538,4604],"class_list":{"0":"post-559241","1":"post","2":"type-post","3":"status-publish","4":"format-standard","5":"has-post-thumbnail","7":"category-saint-etienne","8":"tag-actu","9":"tag-actualites","10":"tag-auvergne-rhone-alpes","11":"tag-crime","12":"tag-delit-et-contravention","13":"tag-edition-loire-sud","14":"tag-eu","15":"tag-europe","16":"tag-faits-divers-justice","17":"tag-fil-info","18":"tag-fr","19":"tag-france","20":"tag-loire","21":"tag-lorette","22":"tag-news","23":"tag-republique-francaise","24":"tag-saint-etienne","25":"tag-saint-etienne-ville","26":"tag-selection-abonne"},"share_on_mastodon":{"url":"https:\/\/pubeurope.com\/@fr\/115614359482148848","error":""},"_links":{"self":[{"href":"https:\/\/www.europesays.com\/fr\/wp-json\/wp\/v2\/posts\/559241","targetHints":{"allow":["GET"]}}],"collection":[{"href":"https:\/\/www.europesays.com\/fr\/wp-json\/wp\/v2\/posts"}],"about":[{"href":"https:\/\/www.europesays.com\/fr\/wp-json\/wp\/v2\/types\/post"}],"author":[{"embeddable":true,"href":"https:\/\/www.europesays.com\/fr\/wp-json\/wp\/v2\/users\/2"}],"replies":[{"embeddable":true,"href":"https:\/\/www.europesays.com\/fr\/wp-json\/wp\/v2\/comments?post=559241"}],"version-history":[{"count":0,"href":"https:\/\/www.europesays.com\/fr\/wp-json\/wp\/v2\/posts\/559241\/revisions"}],"wp:featuredmedia":[{"embeddable":true,"href":"https:\/\/www.europesays.com\/fr\/wp-json\/wp\/v2\/media\/559242"}],"wp:attachment":[{"href":"https:\/\/www.europesays.com\/fr\/wp-json\/wp\/v2\/media?parent=559241"}],"wp:term":[{"taxonomy":"category","embeddable":true,"href":"https:\/\/www.europesays.com\/fr\/wp-json\/wp\/v2\/categories?post=559241"},{"taxonomy":"post_tag","embeddable":true,"href":"https:\/\/www.europesays.com\/fr\/wp-json\/wp\/v2\/tags?post=559241"}],"curies":[{"name":"wp","href":"https:\/\/api.w.org\/{rel}","templated":true}]}}