{"id":559243,"date":"2025-11-26T05:31:12","date_gmt":"2025-11-26T05:31:12","guid":{"rendered":"https:\/\/www.europesays.com\/fr\/559243\/"},"modified":"2025-11-26T05:31:12","modified_gmt":"2025-11-26T05:31:12","slug":"pourquoi-le-projet-de-brigade-des-transports-a-ete-abandonne-par-la-metropole","status":"publish","type":"post","link":"https:\/\/www.europesays.com\/fr\/559243\/","title":{"rendered":"pourquoi le projet de brigade des transports a \u00e9t\u00e9 abandonn\u00e9 par la M\u00e9tropole"},"content":{"rendered":"<p>\u00ab\u00a0Ce n\u2019est pas compl\u00e8tement vrai.\u00a0\u00bb Apr\u00e8s l\u2019annonce du maire de Saint-\u00c9tienne concernant la brigade des transports, le vice-pr\u00e9sident de Saint-\u00c9tienne M\u00e9tropole charg\u00e9 des mobilit\u00e9s, Luc Fran\u00e7ois, a souhait\u00e9 clarifier un point.<\/p>\n<p>Selon lui, les mots de Ga\u00ebl Perdriau, qui assure que le projet n\u2019a pas vu le jour pour des raisons \u00ab\u00a0bassement politiciennes\u00a0\u00bb , ne&#8230;<\/p>\n","protected":false},"excerpt":{"rendered":"\u00ab\u00a0Ce n\u2019est pas compl\u00e8tement vrai.\u00a0\u00bb Apr\u00e8s l\u2019annonce du maire de Saint-\u00c9tienne concernant la brigade des transports, le vice-pr\u00e9sident&hellip;\n","protected":false},"author":2,"featured_media":559244,"comment_status":"","ping_status":"","sticky":false,"template":"","format":"standard","meta":{"footnotes":""},"categories":[9653],"tags":[1111,11,2430,7539,1777,674,1011,27,12,25,4001,7538,2803],"class_list":{"0":"post-559243","1":"post","2":"type-post","3":"status-publish","4":"format-standard","5":"has-post-thumbnail","7":"category-saint-etienne","8":"tag-actu","9":"tag-actualites","10":"tag-auvergne-rhone-alpes","11":"tag-edition-loire-sud","12":"tag-eu","13":"tag-europe","14":"tag-fr","15":"tag-france","16":"tag-news","17":"tag-republique-francaise","18":"tag-saint-etienne","19":"tag-saint-etienne-ville","20":"tag-transport"},"share_on_mastodon":{"url":"https:\/\/pubeurope.com\/@fr\/115614363350962079","error":""},"_links":{"self":[{"href":"https:\/\/www.europesays.com\/fr\/wp-json\/wp\/v2\/posts\/559243","targetHints":{"allow":["GET"]}}],"collection":[{"href":"https:\/\/www.europesays.com\/fr\/wp-json\/wp\/v2\/posts"}],"about":[{"href":"https:\/\/www.europesays.com\/fr\/wp-json\/wp\/v2\/types\/post"}],"author":[{"embeddable":true,"href":"https:\/\/www.europesays.com\/fr\/wp-json\/wp\/v2\/users\/2"}],"replies":[{"embeddable":true,"href":"https:\/\/www.europesays.com\/fr\/wp-json\/wp\/v2\/comments?post=559243"}],"version-history":[{"count":0,"href":"https:\/\/www.europesays.com\/fr\/wp-json\/wp\/v2\/posts\/559243\/revisions"}],"wp:featuredmedia":[{"embeddable":true,"href":"https:\/\/www.europesays.com\/fr\/wp-json\/wp\/v2\/media\/559244"}],"wp:attachment":[{"href":"https:\/\/www.europesays.com\/fr\/wp-json\/wp\/v2\/media?parent=559243"}],"wp:term":[{"taxonomy":"category","embeddable":true,"href":"https:\/\/www.europesays.com\/fr\/wp-json\/wp\/v2\/categories?post=559243"},{"taxonomy":"post_tag","embeddable":true,"href":"https:\/\/www.europesays.com\/fr\/wp-json\/wp\/v2\/tags?post=559243"}],"curies":[{"name":"wp","href":"https:\/\/api.w.org\/{rel}","templated":true}]}}