{"id":559247,"date":"2025-11-26T05:34:42","date_gmt":"2025-11-26T05:34:42","guid":{"rendered":"https:\/\/www.europesays.com\/fr\/559247\/"},"modified":"2025-11-26T05:34:42","modified_gmt":"2025-11-26T05:34:42","slug":"lancien-dijonnais-markis-mcduffie-rebondit-en-betclic-elite-a-nancy","status":"publish","type":"post","link":"https:\/\/www.europesays.com\/fr\/559247\/","title":{"rendered":"L&rsquo;ancien dijonnais Markis McDuffie rebondit en Betclic \u00c9lite \u00e0 Nancy"},"content":{"rendered":"<p style=\"text-align: justify;\"><strong>BETCLIC \u00c9LITE 2025\/2026 \u2013 Libre de tout contrat depuis l\u2019\u00e9t\u00e9 dernier, l\u2019ailier am\u00e9ricain Markus McDuffie va renforcer les rangs de Nancy.<\/strong><\/p>\n<p style=\"text-align: justify;\">Un visage bien connu de la<strong> Betclic \u00c9lite<\/strong> va effectuer son retour dans les prochains jours. Le week-end dernier, <strong>Nancy<\/strong> a d\u00fb composer avec la blessure subie par <strong>Aundre Hyatt<\/strong> lors du revers conc\u00e9d\u00e9 face au Mans. Puis, d\u00e8s lundi, le club annon\u00e7ait ainsi que son poste 4 allait \u00eatre indisponible \u00ab\u00a0de longues semaines\u00a0\u00bb.<\/p>\n<p>Markis McDuffie pour compenser la perte d\u2019Aundre Hyatt<\/p>\n<p style=\"text-align: justify;\">Cette perte est pr\u00e9judiciable pour le <strong>SLUC<\/strong> puisque ce dernier avait fait valoir ses qualit\u00e9s de shooteur en cumulant 8,1 points de moyenne, le tout en affichant un magnifique 47% de r\u00e9ussite derri\u00e8re l\u2019arc. En qu\u00eate d\u2019un rempla\u00e7ant, le club lorrain a rapidement trouv\u00e9 chaussure \u00e0 son pied en annon\u00e7ant d\u00e8s lundi soir la signature pour le reste de la saison de <strong>Markis McDuffie<\/strong>.<\/p>\n<blockquote class=\"twitter-tweet\">\n<p dir=\"ltr\" lang=\"fr\">Effectif 2025-2026 \ud83d\udd34\u26aa<\/p>\n<p>Markis McDuffie rejoint le SLUC Nancy Basket jusqu\u2019\u00e0 la fin de la saison 2025-2026 !<\/p>\n<p>\u2795 d\u2019infos \u27a1 <a href=\"https:\/\/t.co\/nJrFyZqrKN\">https:\/\/t.co\/nJrFyZqrKN<\/a><a href=\"https:\/\/twitter.com\/hashtag\/GoSLUC?src=hash&amp;ref_src=twsrc%5Etfw\" target=\"_blank\" rel=\"noopener\">#GoSLUC<\/a> <a href=\"https:\/\/t.co\/f3YBTNx0Cg\">pic.twitter.com\/f3YBTNx0Cg<\/a><\/p>\n<p>\u2014 SLUC Nancy Basket (@SLUCbasketNancy) <a href=\"https:\/\/twitter.com\/SLUCbasketNancy\/status\/1993001698638676089?ref_src=twsrc%5Etfw\" target=\"_blank\" rel=\"noopener\">November 24, 2025<\/a><\/p>\n<\/blockquote>\n<p style=\"text-align: justify;\">Sur le papier, le polyvalent poste 3-4 am\u00e9ricain coche toutes les cases. Du haut de ses 28 ans, ce dernier conna\u00eet d\u00e9j\u00e0 la Betclic \u00c9lite pour y avoir \u00e9volu\u00e9 durant deux saisons \u00e0 <strong>Dijon<\/strong>. Il avait notamment r\u00e9alis\u00e9 un premier passage exceptionnel lors de la saison 2022-2023 (17 points, 6 rebonds de moyenne), avant d\u2019\u00eatre plus discret \u00e0 son retour la saison derni\u00e8re (10,5 points, 3,6 rebonds).<\/p>\n<p style=\"text-align: justify;\">Scoreur prolifique aux multiples facettes, mais aussi capable d\u2019aller d\u2019accumuler les rebonds, <strong>McDuffie<\/strong> dispose \u00e9galement d\u2019une polyvalence qui offre de nombreuses possibilit\u00e9s \u00e0 <strong>Sylvain Lauti\u00e9<\/strong>. Le coach nanc\u00e9ien va en tout cas avoir plusieurs jours pour int\u00e9grer son nouveau joueur avant le d\u00e9placement au Portel, le 5 d\u00e9cembre prochain.<\/p>\n<p>\u00c0 lire aussi<br \/>\n<a href=\"https:\/\/dicodusport.fr\/blog\/adam-mokoka-benjamin-sene-le-5-majeur-de-la-9eme-journee-de-betclic-elite\/\" class=\"vlp-link\" title=\"Adam Mokoka, Benjamin Sene, le 5 majeur de la 9\u00e8me journ\u00e9e de Betclic \u00c9lite\" target=\"_blank\" rel=\"noopener\"><img loading=\"lazy\" decoding=\"async\" style=\"max-width: 792px;\" width=\"792\" height=\"445\" class=\"attachment-800x445 size-800x445 perfmatters-lazy\" alt=\"Adam Mokoka, Benjamin Sene...Le 5 majeur de la 9\u00e8me journ\u00e9e de Betclic \u00c9lite\" src=\"https:\/\/www.europesays.com\/fr\/wp-content\/uploads\/2025\/11\/Adam-Mokoka-Benjamin-Sene.Le-5-majeur-de-la-9eme-journee-de-Betclic-Elite.png\"  data-\/><\/p>\n<p>Adam Mokoka, Benjamin Sene, le 5 majeur de la 9\u00e8me journ\u00e9e de Betclic \u00c9lite<\/p>\n<p>BETCLIC \u00c9LITE 2025\/2026 &#8211; Le carton inutile de Jeremiah Hill, la folle performance d\u2019Adam Mokoka \u00e0 Monaco, et le chantier hebdomadaire de Nelly Joseph : place au 5 majeur !<\/p>\n<p>Lire l&rsquo;article<\/p>\n<p>dicodusport.fr<\/p>\n<p>\t\t\t\t\t\t\t\t\t\t\t\t\t<script async src=\"https:\/\/platform.twitter.com\/widgets.js\" charset=\"utf-8\"><\/script><\/p>\n","protected":false},"excerpt":{"rendered":"BETCLIC \u00c9LITE 2025\/2026 \u2013 Libre de tout contrat depuis l\u2019\u00e9t\u00e9 dernier, l\u2019ailier am\u00e9ricain Markus McDuffie va renforcer les&hellip;\n","protected":false},"author":2,"featured_media":559248,"comment_status":"","ping_status":"","sticky":false,"template":"","format":"standard","meta":{"footnotes":""},"categories":[9635],"tags":[1111,11,3146,2113,1777,674,1011,27,775,67637,1702,12,25],"class_list":{"0":"post-559247","1":"post","2":"type-post","3":"status-publish","4":"format-standard","5":"has-post-thumbnail","7":"category-nancy","8":"tag-actu","9":"tag-actualites","10":"tag-betclic-elite","11":"tag-breve","12":"tag-eu","13":"tag-europe","14":"tag-fr","15":"tag-france","16":"tag-grand-est","17":"tag-markis-mcduffie","18":"tag-nancy","19":"tag-news","20":"tag-republique-francaise"},"share_on_mastodon":{"url":"https:\/\/pubeurope.com\/@fr\/115614376004578752","error":""},"_links":{"self":[{"href":"https:\/\/www.europesays.com\/fr\/wp-json\/wp\/v2\/posts\/559247","targetHints":{"allow":["GET"]}}],"collection":[{"href":"https:\/\/www.europesays.com\/fr\/wp-json\/wp\/v2\/posts"}],"about":[{"href":"https:\/\/www.europesays.com\/fr\/wp-json\/wp\/v2\/types\/post"}],"author":[{"embeddable":true,"href":"https:\/\/www.europesays.com\/fr\/wp-json\/wp\/v2\/users\/2"}],"replies":[{"embeddable":true,"href":"https:\/\/www.europesays.com\/fr\/wp-json\/wp\/v2\/comments?post=559247"}],"version-history":[{"count":0,"href":"https:\/\/www.europesays.com\/fr\/wp-json\/wp\/v2\/posts\/559247\/revisions"}],"wp:featuredmedia":[{"embeddable":true,"href":"https:\/\/www.europesays.com\/fr\/wp-json\/wp\/v2\/media\/559248"}],"wp:attachment":[{"href":"https:\/\/www.europesays.com\/fr\/wp-json\/wp\/v2\/media?parent=559247"}],"wp:term":[{"taxonomy":"category","embeddable":true,"href":"https:\/\/www.europesays.com\/fr\/wp-json\/wp\/v2\/categories?post=559247"},{"taxonomy":"post_tag","embeddable":true,"href":"https:\/\/www.europesays.com\/fr\/wp-json\/wp\/v2\/tags?post=559247"}],"curies":[{"name":"wp","href":"https:\/\/api.w.org\/{rel}","templated":true}]}}