{"id":559273,"date":"2025-11-26T05:48:16","date_gmt":"2025-11-26T05:48:16","guid":{"rendered":"https:\/\/www.europesays.com\/fr\/559273\/"},"modified":"2025-11-26T05:48:16","modified_gmt":"2025-11-26T05:48:16","slug":"pres-de-nice-cette-grosse-station-de-ski-des-alpes-du-sud-ouvre-en-avance-voici-quand","status":"publish","type":"post","link":"https:\/\/www.europesays.com\/fr\/559273\/","title":{"rendered":"Pr\u00e8s de Nice. Cette grosse station de ski des Alpes du sud ouvre en avance, voici quand"},"content":{"rendered":"<p>                    Par<br \/>\n        <strong><br \/>\n            <a href=\"https:\/\/actu.fr\/auteur\/arthur-frand\" title=\"Consulter tous les articles de Arthur Frand\" target=\"_blank\" rel=\"noopener\">Arthur Frand<\/a><br \/>\n                    <\/strong><\/p>\n<p>        Publi\u00e9 le<\/p>\n<p>            26 nov. 2025 \u00e0 6h38        <\/p>\n<p>Il y avait quelques craintes mais surtout beaucoup d\u2019impatience. Finalement, la neige est <strong>tomb\u00e9e en quantit\u00e9<\/strong> \u00e0 Isola 2000, station de ski des <a href=\"https:\/\/actu.fr\/provence-alpes-cote-d-azur\/alpes-maritimes_06\" target=\"_blank\" rel=\"noopener\">Alpes-Maritimes<\/a>, pr\u00e8s de <a href=\"https:\/\/actu.fr\/nice\/\" target=\"_blank\" rel=\"noopener\">Nice<\/a>. Et ce sont les passionn\u00e9s de glisse qui vont en profiter. Une semaine plus t\u00f4t que la date initiale, le 6\u00a0d\u00e9cembre.<\/p>\n<p>    <a href=\"https:\/\/www.google.com\/maps\/embed?pb=!1m18!1m12!1m3!1d22887.972769993044!2d7.1439800079317575!3d44.186536899217856!2m3!1f0!2f0!3f0!3m2!1i1024!2i768!4f13.1!3m3!1m2!1s0x12cd009231f701b5%3A0x66b6e5e5bbf251c2!2sIsola%202000!5e0!3m2!1sfr!2sfr!4v1764085169978!5m2!1sfr!2sfr\" title=\"Ouvrie le lien\" target=\"_blank\" rel=\"noopener\">Cliquez ici pour visualiser le contenu<\/a><\/p>\n<p class=\" wall-content\">La station d\u2019Isola 2000 va ouvrir ses portes au public <strong>d\u00e8s ce week-end<\/strong>, durant deux jours, ce samedi\u00a029 et dimanche 30\u00a0novembre 2025. Une pr\u00e9ouverture \u00ab\u2009surprise\u2009\u00bb.<\/p>\n<p>D\u2019importantes chutes de neige<\/p>\n<p class=\" wall-content\">Pourtant, rien n\u2019\u00e9tait gagn\u00e9 pour Isola 2000. Le 19\u00a0novembre, le centre de la station \u00e9tant <a href=\"https:\/\/actu.fr\/provence-alpes-cote-d-azur\/isola_06073\/pres-de-nice-la-neige-manque-dans-ces-grosses-stations-de-ski-faut-il-s-inquieter-pour-l-ouverture_63452220.html\" target=\"_blank\" rel=\"noopener\">encore d\u00e9pourvu de son manteau blanc<\/a>. Pas un flocon n\u2019\u00e9tait tomb\u00e9 pendant presque trois semaines. Mais une vague de froid rare a <strong>fait chuter les temp\u00e9ratures<\/strong> soudainement. Id\u00e9al pour voir appara\u00eetre les flocons en masse et mettre en route les canons \u00e0 neige pour produire de la neige artificielle.<\/p>\n<p class=\" wall-content\">Ce vendredi 21\u00a0novembre, plus de <strong>40 centim\u00e8tres sont tomb\u00e9s<\/strong> en bas des pistes, permettant \u00e0 la mairie d\u2019Isola 2000 d\u2019annoncer une ouverture anticip\u00e9e. \u00ab\u2009Une immense joie\u2009\u00bb, s\u2019exclame Virginie Tumorticchi, directrice de l\u2019office du tourisme d\u2019Isola 2000.<\/p>\n<p>    <a href=\"https:\/\/www.facebook.com\/plugins\/post.php?href=https%3A%2F%2Fwww.facebook.com%2FIsola2000%2Fposts%2Fpfbid0NXQ1XYCoUoBYW7Mt2JVohQ4Kxi2bWo1PuLbqNB3Y4MeDuSePWvoPq7spnVr2vaodl&amp;show_text=true&amp;width=350\" title=\"Ouvrie le lien\" target=\"_blank\" rel=\"noopener\">Cliquez ici pour visualiser le contenu<\/a><\/p>\n<p>Une pr\u00e9ouverture ce week-end<\/p>\n<p class=\" wall-content\">Il ne s\u2019agit que d\u2019une \u00ab\u2009pr\u00e9ouverture\u2009\u00bb. En effet, la station ne sera accessible que ce samedi\u00a029 et dimanche 30\u00a0novembre. Pour l\u2019ouverture en continu, il <strong>faudra patienter<\/strong> jusqu\u2019au samedi 6\u00a0d\u00e9cembre, comme pr\u00e9vu. L\u2019autre grosse station du d\u00e9partement, Auron, doit aussi ouvrir le 6\u00a0d\u00e9cembre.<\/p>\n<p class=\" wall-content\">Les tarifs sp\u00e9ciaux et le nombre de pistes ne sont pas encore connus. La station attend le retour de l\u2019exploitant du domaine skiable et doit communiquer cette semaine.<\/p>\n<p class=\" wall-content\">Personnalisez votre actualit\u00e9 en ajoutant vos villes et m\u00e9dias en favori avec <a href=\"https:\/\/moncompte.actu.fr\" title=\"D\u00e9couvez Mon Actu\" rel=\"nofollow noopener\" data-trk=\"{&quot;cta&quot;:{&quot;action&quot;:&quot;https:\\\/\\\/moncompte.actu.fr&quot;,&quot;category&quot;:&quot;mon compte&quot;,&quot;from&quot;:&quot;article footer&quot;,&quot;name&quot;:&quot;Mon actu&quot;,&quot;type&quot;:&quot;cta&quot;}}\" target=\"_blank\">Mon Actu<\/a>.<\/p>\n","protected":false},"excerpt":{"rendered":"Par Arthur Frand Publi\u00e9 le 26 nov. 2025 \u00e0 6h38 Il y avait quelques craintes mais surtout beaucoup&hellip;\n","protected":false},"author":2,"featured_media":559274,"comment_status":"","ping_status":"","sticky":false,"template":"","format":"standard","meta":{"footnotes":""},"categories":[2819],"tags":[1111,11,1777,674,1011,27,10584,12,2401,882,25,4129,104],"class_list":{"0":"post-559273","1":"post","2":"type-post","3":"status-publish","4":"format-standard","5":"has-post-thumbnail","7":"category-nice","8":"tag-actu","9":"tag-actualites","10":"tag-eu","11":"tag-europe","12":"tag-fr","13":"tag-france","14":"tag-neige","15":"tag-news","16":"tag-nice","17":"tag-provence-alpes-cote-dazur","18":"tag-republique-francaise","19":"tag-ski","20":"tag-societe"},"share_on_mastodon":{"url":"https:\/\/pubeurope.com\/@fr\/115614430308797163","error":""},"_links":{"self":[{"href":"https:\/\/www.europesays.com\/fr\/wp-json\/wp\/v2\/posts\/559273","targetHints":{"allow":["GET"]}}],"collection":[{"href":"https:\/\/www.europesays.com\/fr\/wp-json\/wp\/v2\/posts"}],"about":[{"href":"https:\/\/www.europesays.com\/fr\/wp-json\/wp\/v2\/types\/post"}],"author":[{"embeddable":true,"href":"https:\/\/www.europesays.com\/fr\/wp-json\/wp\/v2\/users\/2"}],"replies":[{"embeddable":true,"href":"https:\/\/www.europesays.com\/fr\/wp-json\/wp\/v2\/comments?post=559273"}],"version-history":[{"count":0,"href":"https:\/\/www.europesays.com\/fr\/wp-json\/wp\/v2\/posts\/559273\/revisions"}],"wp:featuredmedia":[{"embeddable":true,"href":"https:\/\/www.europesays.com\/fr\/wp-json\/wp\/v2\/media\/559274"}],"wp:attachment":[{"href":"https:\/\/www.europesays.com\/fr\/wp-json\/wp\/v2\/media?parent=559273"}],"wp:term":[{"taxonomy":"category","embeddable":true,"href":"https:\/\/www.europesays.com\/fr\/wp-json\/wp\/v2\/categories?post=559273"},{"taxonomy":"post_tag","embeddable":true,"href":"https:\/\/www.europesays.com\/fr\/wp-json\/wp\/v2\/tags?post=559273"}],"curies":[{"name":"wp","href":"https:\/\/api.w.org\/{rel}","templated":true}]}}