{"id":559275,"date":"2025-11-26T05:49:21","date_gmt":"2025-11-26T05:49:21","guid":{"rendered":"https:\/\/www.europesays.com\/fr\/559275\/"},"modified":"2025-11-26T05:49:21","modified_gmt":"2025-11-26T05:49:21","slug":"senegal-et-inde-deux-nouveaux-corners-au-food-hall-magmaa-a-nantes","status":"publish","type":"post","link":"https:\/\/www.europesays.com\/fr\/559275\/","title":{"rendered":"S\u00e9n\u00e9gal et Inde\u2026 Deux nouveaux corners au food hall Magmaa \u00e0 Nantes"},"content":{"rendered":"<p>Les Nantais ont pu go\u00fbter les plats d\u2019Aminata Samb-Monteiro sur les march\u00e9s du Vieux-Doulon et de la Bourgeonni\u00e8re. Depuis un mois et demi, ils peuvent retrouver cette figure de la sc\u00e8ne culinaire locale <a href=\"https:\/\/nantes.maville.com\/pays-de-la-loire\/loire-atlantique\/suce-sur-erdre\/un-festival-pour-la-ferme-senegalaise-d-amy-6218993\" target=\"_blank\" rel=\"noopener\">depuis plus de vingt ans<\/a> au food hall Magmaa, sur l\u2019\u00eele de Nantes, o\u00f9 cette femme affable et souriante a ouvert Kemet, un corner s\u00e9n\u00e9galais, avec son fils Mouhamadou. Poulet yassa, maf\u00e9, bananes plantains figurent sur leur carte. Et \u00e7a pla\u00eet\u00a0! En f\u00e9vrier, elle s\u2019installera m\u00eame dans un autre espace du Magmaa, plus grand. Et compte \u00eatre bient\u00f4t pr\u00e9sente sur les march\u00e9s du quartier Malakoff, \u00e0 Sainte-Luce et \u00e0 Petit-Mars, toujours \u00e0 bord de son foodtruck.<\/p>\n<p>Le march\u00e9 \u00e0 manger accueille \u00e9galement Dolma Subatsang, qui propose, dans son corner Malasa, des sp\u00e9cialit\u00e9s indiennes\u00a0: pani puri, pav bhaji, aloo tikki\u2026 La jeune cheffe n\u2019est pas une inconnue. Il y a trois ans, Dolma avait ouvert <a href=\"https:\/\/nantes.maville.com\/actu\/actudet_-nantes.-les-cuisiniers-du-monde-au-wattignies-_52716-5494233_actu.Htm\" target=\"_blank\" rel=\"noopener\">un stand aux Wattignies<\/a>, aid\u00e9e de son mari Pritam Jodha en cuisine. Arriv\u00e9e \u00e0 Nantes en 2016, elle est originaire du Tibet mais a grandi en Inde, o\u00f9 s\u2019\u00e9tait r\u00e9fugi\u00e9e sa famille.<\/p>\n<p>\u00a0<\/p>\n","protected":false},"excerpt":{"rendered":"Les Nantais ont pu go\u00fbter les plats d\u2019Aminata Samb-Monteiro sur les march\u00e9s du Vieux-Doulon et de la Bourgeonni\u00e8re.&hellip;\n","protected":false},"author":2,"featured_media":559276,"comment_status":"","ping_status":"","sticky":false,"template":"","format":"standard","meta":{"footnotes":""},"categories":[2818],"tags":[1111,11,67638,1777,674,2656,1011,27,37042,5595,67639,766,12,2845,2636,25,6689,880,9693],"class_list":{"0":"post-559275","1":"post","2":"type-post","3":"status-publish","4":"format-standard","5":"has-post-thumbnail","7":"category-nantes","8":"tag-actu","9":"tag-actualites","10":"tag-corners","11":"tag-eu","12":"tag-europe","13":"tag-food","14":"tag-fr","15":"tag-france","16":"tag-hall","17":"tag-inde","18":"tag-magmaa","19":"tag-nantes","20":"tag-news","21":"tag-nouveaux","22":"tag-pays-de-la-loire","23":"tag-republique-francaise","24":"tag-roche","25":"tag-senegal","26":"tag-yon"},"share_on_mastodon":{"url":"https:\/\/pubeurope.com\/@fr\/115614434323505924","error":""},"_links":{"self":[{"href":"https:\/\/www.europesays.com\/fr\/wp-json\/wp\/v2\/posts\/559275","targetHints":{"allow":["GET"]}}],"collection":[{"href":"https:\/\/www.europesays.com\/fr\/wp-json\/wp\/v2\/posts"}],"about":[{"href":"https:\/\/www.europesays.com\/fr\/wp-json\/wp\/v2\/types\/post"}],"author":[{"embeddable":true,"href":"https:\/\/www.europesays.com\/fr\/wp-json\/wp\/v2\/users\/2"}],"replies":[{"embeddable":true,"href":"https:\/\/www.europesays.com\/fr\/wp-json\/wp\/v2\/comments?post=559275"}],"version-history":[{"count":0,"href":"https:\/\/www.europesays.com\/fr\/wp-json\/wp\/v2\/posts\/559275\/revisions"}],"wp:featuredmedia":[{"embeddable":true,"href":"https:\/\/www.europesays.com\/fr\/wp-json\/wp\/v2\/media\/559276"}],"wp:attachment":[{"href":"https:\/\/www.europesays.com\/fr\/wp-json\/wp\/v2\/media?parent=559275"}],"wp:term":[{"taxonomy":"category","embeddable":true,"href":"https:\/\/www.europesays.com\/fr\/wp-json\/wp\/v2\/categories?post=559275"},{"taxonomy":"post_tag","embeddable":true,"href":"https:\/\/www.europesays.com\/fr\/wp-json\/wp\/v2\/tags?post=559275"}],"curies":[{"name":"wp","href":"https:\/\/api.w.org\/{rel}","templated":true}]}}