{"id":559277,"date":"2025-11-26T05:50:50","date_gmt":"2025-11-26T05:50:50","guid":{"rendered":"https:\/\/www.europesays.com\/fr\/559277\/"},"modified":"2025-11-26T05:50:50","modified_gmt":"2025-11-26T05:50:50","slug":"fc-nantes-kita-lance-un-mercato-xxl-cet-hiver-un-prodige-argentin-deja-vise","status":"publish","type":"post","link":"https:\/\/www.europesays.com\/fr\/559277\/","title":{"rendered":"FC Nantes\u00a0: Kita lance un Mercato XXL cet hiver, un prodige argentin d\u00e9j\u00e0 vis\u00e9\u00a0!\u00a0"},"content":{"rendered":"<p><strong>Alors que la famille Kita fait fuiter volontairement des envies d\u2019un recrutement XXL au prochain mercato, un attaquant argentin serait d\u00e9j\u00e0 dans le viseur du FC Nantes.\u00a0<\/strong><\/p>\n<p>Devant la nouvelle saison morose du <a href=\"https:\/\/www.butfootballclub.fr\/1630662-fc-nantes-yassine-benhattab-vers-la-sortie-apres-avoir-ete-mis-au-placard-par-luis-castro\/\" target=\"_blank\" rel=\"noopener\">FC Nantes<\/a>, la famille Kita pr\u00e9pare un mercato d\u2019envergure cet hiver. Selon Emmanuel Merceron sur X, \u00ab Comme tous les 6 mois, les Kita font fuiter qu\u2019ils vont d\u00e9penser et faire un gros mercato \u00bb. Une strat\u00e9gie bien connue qui pourrait se traduire par des renforts dans chaque ligne d\u00e8s janvier, comme le sugg\u00e8re L\u2019\u00c9quipe dans son \u00e9dition du jour.<\/p>\n<p>Dans cette lign\u00e9e, <a href=\"https:\/\/www.butfootballclub.fr\/1630753-fc-nantes-le-sort-de-luis-castro-serait-scelle\/\" target=\"_blank\" rel=\"noopener\">Daily Mercato<\/a> ajoute que le <a href=\"https:\/\/www.butfootballclub.fr\/1630797-fc-nantes-coup-de-tonnerre-pour-lavenir-de-luis-castro\/\" target=\"_blank\" rel=\"noopener\">FC Nantes<\/a> s\u2019int\u00e9resse d\u00e9j\u00e0 \u00e0 Tobias Andrada, jeune milieu cr\u00e9atif de V\u00e9lez Sarsfield. \u00c0 seulement 18 ans, le talent argentin s\u00e9duit par sa qualit\u00e9 technique et sa vision du jeu. D\u00e9j\u00e0 s\u00e9lectionn\u00e9 sept fois avec les U20 de l\u2019Argentine, il est consid\u00e9r\u00e9 comme l\u2019un des profils les plus prometteurs de sa g\u00e9n\u00e9ration.<\/p>\n<p>Le FC Nantes dispute Andrada au Bayern Munich !\u00a0<\/p>\n<p>Sous contrat jusqu\u2019en 2028, Andrada coche toutes les cases recherch\u00e9es par Luis Castro, qui souhaite dynamiser et injecter plus de cr\u00e9ativit\u00e9 dans un effectif nantais en difficult\u00e9 en Ligue 1. Le prix estim\u00e9 autour de 700 000 euros rend l\u2019op\u00e9ration accessible, surtout que le joueur accumule les minutes cette saison avec 19 apparitions et un but toutes comp\u00e9titions confondues.<\/p>\n<p>Le m\u00e9dia espagnol <a href=\"https:\/\/www.dailymercato.com\/news\/mercato-nantes-un-crack-argentin-pourrait-debarquer-cet-hiver\" target=\"_blank\" rel=\"noopener\">Fichajes<\/a> r\u00e9v\u00e8le toutefois que le Bayern Munich suit \u00e9galement la piste Andrada. Un \u00e9missaire bavarois aurait supervis\u00e9 le joueur r\u00e9cemment, preuve que son profil attire d\u00e9j\u00e0 au-del\u00e0 de l\u2019Atlantique. Malgr\u00e9 cette concurrence, le FC Nantes reste bien positionn\u00e9 et pourrait frapper fort d\u00e8s le mercato hivernal.<\/p>\n","protected":false},"excerpt":{"rendered":"Alors que la famille Kita fait fuiter volontairement des envies d\u2019un recrutement XXL au prochain mercato, un attaquant&hellip;\n","protected":false},"author":2,"featured_media":559278,"comment_status":"","ping_status":"","sticky":false,"template":"","format":"standard","meta":{"footnotes":""},"categories":[2818],"tags":[1111,11,448,1777,674,63,1011,27,66,3388,766,12,2636,25,10662],"class_list":{"0":"post-559277","1":"post","2":"type-post","3":"status-publish","4":"format-standard","5":"has-post-thumbnail","7":"category-nantes","8":"tag-actu","9":"tag-actualites","10":"tag-champions-league","11":"tag-eu","12":"tag-europe","13":"tag-football","14":"tag-fr","15":"tag-france","16":"tag-ligue-1","17":"tag-matchs","18":"tag-nantes","19":"tag-news","20":"tag-pays-de-la-loire","21":"tag-republique-francaise","22":"tag-transferts"},"share_on_mastodon":{"url":"https:\/\/pubeurope.com\/@fr\/115614442033727351","error":""},"_links":{"self":[{"href":"https:\/\/www.europesays.com\/fr\/wp-json\/wp\/v2\/posts\/559277","targetHints":{"allow":["GET"]}}],"collection":[{"href":"https:\/\/www.europesays.com\/fr\/wp-json\/wp\/v2\/posts"}],"about":[{"href":"https:\/\/www.europesays.com\/fr\/wp-json\/wp\/v2\/types\/post"}],"author":[{"embeddable":true,"href":"https:\/\/www.europesays.com\/fr\/wp-json\/wp\/v2\/users\/2"}],"replies":[{"embeddable":true,"href":"https:\/\/www.europesays.com\/fr\/wp-json\/wp\/v2\/comments?post=559277"}],"version-history":[{"count":0,"href":"https:\/\/www.europesays.com\/fr\/wp-json\/wp\/v2\/posts\/559277\/revisions"}],"wp:featuredmedia":[{"embeddable":true,"href":"https:\/\/www.europesays.com\/fr\/wp-json\/wp\/v2\/media\/559278"}],"wp:attachment":[{"href":"https:\/\/www.europesays.com\/fr\/wp-json\/wp\/v2\/media?parent=559277"}],"wp:term":[{"taxonomy":"category","embeddable":true,"href":"https:\/\/www.europesays.com\/fr\/wp-json\/wp\/v2\/categories?post=559277"},{"taxonomy":"post_tag","embeddable":true,"href":"https:\/\/www.europesays.com\/fr\/wp-json\/wp\/v2\/tags?post=559277"}],"curies":[{"name":"wp","href":"https:\/\/api.w.org\/{rel}","templated":true}]}}