{"id":559279,"date":"2025-11-26T05:52:21","date_gmt":"2025-11-26T05:52:21","guid":{"rendered":"https:\/\/www.europesays.com\/fr\/559279\/"},"modified":"2025-11-26T05:52:21","modified_gmt":"2025-11-26T05:52:21","slug":"les-previsions-meteo-du-mercredi-26-novembre-a-bordeaux","status":"publish","type":"post","link":"https:\/\/www.europesays.com\/fr\/559279\/","title":{"rendered":"Les pr\u00e9visions m\u00e9t\u00e9o du mercredi 26 novembre \u00e0 Bordeaux"},"content":{"rendered":"<p>Aujourd\u2019hui \u00e0 Bordeaux, le temps sera globalement agr\u00e9able avec de belles \u00e9claircies.<\/p>\n<p style=\"font-size:16px\"><strong>Le matin<\/strong>, le ciel sera d\u00e9gag\u00e9 malgr\u00e9 <strong>quelques passages nuageux.<\/strong> Il fera froid avec <strong>3\u00b0C<\/strong> (ressenti <strong>2\u00b0C<\/strong>) et le vent restera l\u00e9ger, soufflant jusqu\u2019\u00e0<strong> 15 km\/h<\/strong>. Aucune pluie n\u2019est pr\u00e9vue.<\/p>\n<p><img fetchpriority=\"high\" decoding=\"async\" width=\"1024\" height=\"683\" src=\"https:\/\/www.europesays.com\/fr\/wp-content\/uploads\/2025\/11\/photo-drone-bx-1024x683.jpg\" alt=\"\" class=\"wp-image-86221\"  \/>Ciel partiellement nuageux au-dessus de Bordeaux, promettant une journ\u00e9e douce avec quelques \u00e9claircies avant une nuit plus humide.<\/p>\n<p style=\"font-size:16px\">Dans <strong>l\u2019apr\u00e8s-midi,<\/strong> le soleil sera encore pr\u00e9sent avec un ciel peu nuageux. Les temp\u00e9ratures remonteront jusqu\u2019\u00e0 <strong>10\u00b0C,<\/strong> ressentis identiques, avec de l\u00e9g\u00e8res rafales du nord \u00e0 <strong>20 km\/h<\/strong>. Le temps restera sec et agr\u00e9able pour profiter de l\u2019ext\u00e9rieur.<\/p>\n<p style=\"font-size:16px\"><strong>En soir\u00e9e,<\/strong> le ciel commencera \u00e0 se couvrir l\u00e9g\u00e8rement avec <strong>5\u00b0C<\/strong> et un ressenti identique. Le vent sera calme, et aucune pr\u00e9cipitation n\u2019est attendue.<\/p>\n<p style=\"font-size:16px\"><strong>La nuit<\/strong> sera plus nuageuse avec une forte humidit\u00e9 et un risque de brouillard. Les temp\u00e9ratures resteront autour de <strong>5\u00b0C<\/strong> (ressenti <strong>3\u00b0C<\/strong>), et un faible risque d\u2019averses est possible (<strong>40%<\/strong>).<\/p>\n<p style=\"font-size:16px\">En r\u00e9sum\u00e9, une journ\u00e9e plut\u00f4t douce pour la saison, id\u00e9ale pour profiter d\u2019une balade avant la tomb\u00e9e de la nuit, mais la nuit pourrait \u00eatre humide et brumeuse.<\/p>\n<p style=\"font-size:16px\">\u00c0 lire aussi : <a href=\"https:\/\/www.bougerabordeaux.com\/sorties\/loisirs\/comment-et-ou-profiter-des-animations-de-noel-gratuites-a-bordeaux\/\" target=\"_blank\" rel=\"noreferrer noopener\">Comment et o\u00f9 profiter des animations de No\u00ebl gratuites \u00e0 Bordeaux ?<\/a><\/p>\n","protected":false},"excerpt":{"rendered":"Aujourd\u2019hui \u00e0 Bordeaux, le temps sera globalement agr\u00e9able avec de belles \u00e9claircies. Le matin, le ciel sera d\u00e9gag\u00e9&hellip;\n","protected":false},"author":2,"featured_media":533066,"comment_status":"","ping_status":"","sticky":false,"template":"","format":"standard","meta":{"footnotes":""},"categories":[2817],"tags":[1111,11,1997,1777,674,1011,27,12,2219,25],"class_list":{"0":"post-559279","1":"post","2":"type-post","3":"status-publish","4":"format-standard","5":"has-post-thumbnail","7":"category-bordeaux","8":"tag-actu","9":"tag-actualites","10":"tag-bordeaux","11":"tag-eu","12":"tag-europe","13":"tag-fr","14":"tag-france","15":"tag-news","16":"tag-nouvelle-aquitaine","17":"tag-republique-francaise"},"share_on_mastodon":{"url":"https:\/\/pubeurope.com\/@fr\/115614446744847527","error":""},"_links":{"self":[{"href":"https:\/\/www.europesays.com\/fr\/wp-json\/wp\/v2\/posts\/559279","targetHints":{"allow":["GET"]}}],"collection":[{"href":"https:\/\/www.europesays.com\/fr\/wp-json\/wp\/v2\/posts"}],"about":[{"href":"https:\/\/www.europesays.com\/fr\/wp-json\/wp\/v2\/types\/post"}],"author":[{"embeddable":true,"href":"https:\/\/www.europesays.com\/fr\/wp-json\/wp\/v2\/users\/2"}],"replies":[{"embeddable":true,"href":"https:\/\/www.europesays.com\/fr\/wp-json\/wp\/v2\/comments?post=559279"}],"version-history":[{"count":0,"href":"https:\/\/www.europesays.com\/fr\/wp-json\/wp\/v2\/posts\/559279\/revisions"}],"wp:featuredmedia":[{"embeddable":true,"href":"https:\/\/www.europesays.com\/fr\/wp-json\/wp\/v2\/media\/533066"}],"wp:attachment":[{"href":"https:\/\/www.europesays.com\/fr\/wp-json\/wp\/v2\/media?parent=559279"}],"wp:term":[{"taxonomy":"category","embeddable":true,"href":"https:\/\/www.europesays.com\/fr\/wp-json\/wp\/v2\/categories?post=559279"},{"taxonomy":"post_tag","embeddable":true,"href":"https:\/\/www.europesays.com\/fr\/wp-json\/wp\/v2\/tags?post=559279"}],"curies":[{"name":"wp","href":"https:\/\/api.w.org\/{rel}","templated":true}]}}