{"id":559280,"date":"2025-11-26T05:53:16","date_gmt":"2025-11-26T05:53:16","guid":{"rendered":"https:\/\/www.europesays.com\/fr\/559280\/"},"modified":"2025-11-26T05:53:16","modified_gmt":"2025-11-26T05:53:16","slug":"la-meteo-a-bordeaux-du-mercredi-26-novembre-2025","status":"publish","type":"post","link":"https:\/\/www.europesays.com\/fr\/559280\/","title":{"rendered":"La m\u00e9t\u00e9o \u00e0 Bordeaux du mercredi 26 novembre 2025"},"content":{"rendered":"<p><strong>Pr\u00e9visions M\u00e9t\u00e9o \u00e0 Bordeaux demain<\/strong><\/p>\n<p>Le ciel se couvrira, demain, avec l&rsquo;arriv\u00e9e de nuages. La temp\u00e9rature atteindra 6\u00b0C environ. Une petite brise soufflera \u00e0 6 km\/h. Le matin, la temp\u00e9rature enregistrera une moyenne de 5\u00b0C. L&rsquo;apr\u00e8s-midi am\u00e8nera quelques \u00e9claircies sur la ville. La temp\u00e9rature ext\u00e9rieure minimale sera de 6\u00b0C et la maximale de 8\u00b0C. Le mauvais temps, qui continue demain soir, retardera encore l&rsquo;apparition du beau temps. Le climat approchera les 7\u00b0C.<\/p>\n<p><strong>M\u00e9t\u00e9o \u00e0 Bordeaux pour les prochains jours<\/strong><\/p>\n","protected":false},"excerpt":{"rendered":"Pr\u00e9visions M\u00e9t\u00e9o \u00e0 Bordeaux demain Le ciel se couvrira, demain, avec l&rsquo;arriv\u00e9e de nuages. La temp\u00e9rature atteindra 6\u00b0C&hellip;\n","protected":false},"author":2,"featured_media":559281,"comment_status":"","ping_status":"","sticky":false,"template":"","format":"standard","meta":{"footnotes":""},"categories":[2817],"tags":[1111,11,1997,1777,674,1011,27,12,2219,25],"class_list":{"0":"post-559280","1":"post","2":"type-post","3":"status-publish","4":"format-standard","5":"has-post-thumbnail","7":"category-bordeaux","8":"tag-actu","9":"tag-actualites","10":"tag-bordeaux","11":"tag-eu","12":"tag-europe","13":"tag-fr","14":"tag-france","15":"tag-news","16":"tag-nouvelle-aquitaine","17":"tag-republique-francaise"},"share_on_mastodon":{"url":"https:\/\/pubeurope.com\/@fr\/115614449919309811","error":""},"_links":{"self":[{"href":"https:\/\/www.europesays.com\/fr\/wp-json\/wp\/v2\/posts\/559280","targetHints":{"allow":["GET"]}}],"collection":[{"href":"https:\/\/www.europesays.com\/fr\/wp-json\/wp\/v2\/posts"}],"about":[{"href":"https:\/\/www.europesays.com\/fr\/wp-json\/wp\/v2\/types\/post"}],"author":[{"embeddable":true,"href":"https:\/\/www.europesays.com\/fr\/wp-json\/wp\/v2\/users\/2"}],"replies":[{"embeddable":true,"href":"https:\/\/www.europesays.com\/fr\/wp-json\/wp\/v2\/comments?post=559280"}],"version-history":[{"count":0,"href":"https:\/\/www.europesays.com\/fr\/wp-json\/wp\/v2\/posts\/559280\/revisions"}],"wp:featuredmedia":[{"embeddable":true,"href":"https:\/\/www.europesays.com\/fr\/wp-json\/wp\/v2\/media\/559281"}],"wp:attachment":[{"href":"https:\/\/www.europesays.com\/fr\/wp-json\/wp\/v2\/media?parent=559280"}],"wp:term":[{"taxonomy":"category","embeddable":true,"href":"https:\/\/www.europesays.com\/fr\/wp-json\/wp\/v2\/categories?post=559280"},{"taxonomy":"post_tag","embeddable":true,"href":"https:\/\/www.europesays.com\/fr\/wp-json\/wp\/v2\/tags?post=559280"}],"curies":[{"name":"wp","href":"https:\/\/api.w.org\/{rel}","templated":true}]}}