{"id":559284,"date":"2025-11-26T05:55:12","date_gmt":"2025-11-26T05:55:12","guid":{"rendered":"https:\/\/www.europesays.com\/fr\/559284\/"},"modified":"2025-11-26T05:55:12","modified_gmt":"2025-11-26T05:55:12","slug":"voici-la-liste-des-dimanches-ou-les-commerces-seront-ouverts-en-decembre","status":"publish","type":"post","link":"https:\/\/www.europesays.com\/fr\/559284\/","title":{"rendered":"voici la liste des dimanches o\u00f9 les commerces seront ouverts en d\u00e9cembre"},"content":{"rendered":"<p>                    Par<br \/>\n        <strong><br \/>\n            <a href=\"https:\/\/actu.fr\/auteur\/lucie-2\" title=\"Consulter tous les articles de Lucie Fraisse\" target=\"_blank\" rel=\"noopener\">Lucie Fraisse<\/a><br \/>\n                    <\/strong><\/p>\n<p>        Publi\u00e9 le<\/p>\n<p>            26 nov. 2025 \u00e0 6h46        <\/p>\n<p>Les enfants ont sans doute d\u00e9j\u00e0 fait une liste de<a href=\"https:\/\/actu.fr\/tag\/noel\" target=\"_blank\" rel=\"noopener\"> No\u00ebl<\/a> longue comme le bras, il faut aussi penser aux cadeaux pour le reste de la famille, peut-\u00eatre trouver une id\u00e9e pour un \u00ab\u00a0secret Santa\u00a0\u00bb avec les coll\u00e8gues de bureau. Et g\u00e9rer tout \u00e7a -et le reste- <strong>avant le 25 d\u00e9cembre<\/strong>, alors qu\u2019on a v\u00e9rifi\u00e9 : les journ\u00e9es ne feront pas plus de 24 heures d\u2019ici l\u00e0.<\/p>\n<p>Cinq dimanches \u00e0 venir<\/p>\n<p class=\" wall-content\">Si on n\u2019est pas adepte du shopping en ligne, qu\u2019on pr\u00e9f\u00e8re fl\u00e2ner dans les boutiques \u00e0 la recherche de la bonne id\u00e9e ou encore jauger soi-m\u00eame la qualit\u00e9 des produits, il n\u2019y a qu\u2019une solution : se rendre soi-m\u00eame dans les boutiques ! Bonne nouvelle, les commerces de <strong>Toulouse<\/strong> seront ouverts presque sept jours sur sept en ce mois de d\u00e9cembre 2025.<\/p>\n<p class=\" wall-content\">Les commerces de d\u00e9tail de la m\u00e9tropole<a href=\"https:\/\/actu.fr\/occitanie\/toulouse_31555\/achats-de-noel-voici-les-dimanches-durant-lesquels-les-commerces-seront-autorises-a-ouvrir-a-toulouse_63250328.html\" target=\"_blank\" rel=\"noopener\"> sont en effet autoris\u00e9s \u00e0 ouvrir pendant les cinq dimanches \u00e0 venir<\/a>.<\/p>\n<p>Jusqu\u2019\u00e0 douze dimanches par an\u00a0<\/p>\n<p class=\" wall-content\">On pourra ainsi faire du shopping dans les commerces de Toulouse :<\/p>\n<ul class=\" wall-content\">\n<li><strong>le dimanche 30 novembre<\/strong><\/li>\n<li><strong>le dimanche 7 d\u00e9cembre<\/strong><\/li>\n<li><strong>le dimanche 14 d\u00e9cembre<\/strong><\/li>\n<li><strong>le dimanche 21 d\u00e9cembre<\/strong><\/li>\n<li><strong>le dimanche 28 d\u00e9cembre<\/strong><\/li>\n<\/ul>\n<p>Vid\u00e9os : en ce moment sur Actu<\/p>\n<p class=\" wall-content\">Depuis 2016, les commerces de d\u00e9tail sont autoris\u00e9s \u00e0 ouvrir jusqu\u2019\u00e0 12 dimanches par an. Pour le choix de ces dimanches, Toulouse M\u00e9tropole s\u2019appuie sur la concertation men\u00e9e au sein du Conseil D\u00e9partemental du Commerce (CDC) pour\u00a0harmoniser les positions des maires et des organisations patronales et syndicales sur les ouvertures des commerces les dimanches et jours f\u00e9ri\u00e9s. Cette concertation\u00a0permet de soutenir les commer\u00e7ants ind\u00e9pendants et de proximit\u00e9, qui ne profitent de ces ouvertures que si toute la profession applique les m\u00eames r\u00e8gles.<\/p>\n<p class=\" wall-content\">Personnalisez votre actualit\u00e9 en ajoutant vos villes et m\u00e9dias en favori avec <a href=\"https:\/\/moncompte.actu.fr\" title=\"D\u00e9couvez Mon Actu\" rel=\"nofollow noopener\" data-trk=\"{&quot;cta&quot;:{&quot;action&quot;:&quot;https:\\\/\\\/moncompte.actu.fr&quot;,&quot;category&quot;:&quot;mon compte&quot;,&quot;from&quot;:&quot;article footer&quot;,&quot;name&quot;:&quot;Mon actu&quot;,&quot;type&quot;:&quot;cta&quot;}}\" target=\"_blank\">Mon Actu<\/a>.<\/p>\n","protected":false},"excerpt":{"rendered":"Par Lucie Fraisse Publi\u00e9 le 26 nov. 2025 \u00e0 6h46 Les enfants ont sans doute d\u00e9j\u00e0 fait une&hellip;\n","protected":false},"author":2,"featured_media":559285,"comment_status":"","ping_status":"","sticky":false,"template":"","format":"standard","meta":{"footnotes":""},"categories":[2816],"tags":[1111,11,1777,674,1011,27,12,15830,2680,25,104,1341,2312],"class_list":{"0":"post-559284","1":"post","2":"type-post","3":"status-publish","4":"format-standard","5":"has-post-thumbnail","7":"category-toulouse","8":"tag-actu","9":"tag-actualites","10":"tag-eu","11":"tag-europe","12":"tag-fr","13":"tag-france","14":"tag-news","15":"tag-noel","16":"tag-occitanie","17":"tag-republique-francaise","18":"tag-societe","19":"tag-sortir-a-toulouse","20":"tag-toulouse"},"share_on_mastodon":{"url":"https:\/\/pubeurope.com\/@fr\/115614457867650641","error":""},"_links":{"self":[{"href":"https:\/\/www.europesays.com\/fr\/wp-json\/wp\/v2\/posts\/559284","targetHints":{"allow":["GET"]}}],"collection":[{"href":"https:\/\/www.europesays.com\/fr\/wp-json\/wp\/v2\/posts"}],"about":[{"href":"https:\/\/www.europesays.com\/fr\/wp-json\/wp\/v2\/types\/post"}],"author":[{"embeddable":true,"href":"https:\/\/www.europesays.com\/fr\/wp-json\/wp\/v2\/users\/2"}],"replies":[{"embeddable":true,"href":"https:\/\/www.europesays.com\/fr\/wp-json\/wp\/v2\/comments?post=559284"}],"version-history":[{"count":0,"href":"https:\/\/www.europesays.com\/fr\/wp-json\/wp\/v2\/posts\/559284\/revisions"}],"wp:featuredmedia":[{"embeddable":true,"href":"https:\/\/www.europesays.com\/fr\/wp-json\/wp\/v2\/media\/559285"}],"wp:attachment":[{"href":"https:\/\/www.europesays.com\/fr\/wp-json\/wp\/v2\/media?parent=559284"}],"wp:term":[{"taxonomy":"category","embeddable":true,"href":"https:\/\/www.europesays.com\/fr\/wp-json\/wp\/v2\/categories?post=559284"},{"taxonomy":"post_tag","embeddable":true,"href":"https:\/\/www.europesays.com\/fr\/wp-json\/wp\/v2\/tags?post=559284"}],"curies":[{"name":"wp","href":"https:\/\/api.w.org\/{rel}","templated":true}]}}