{"id":559290,"date":"2025-11-26T05:58:11","date_gmt":"2025-11-26T05:58:11","guid":{"rendered":"https:\/\/www.europesays.com\/fr\/559290\/"},"modified":"2025-11-26T05:58:11","modified_gmt":"2025-11-26T05:58:11","slug":"marseille-des-secours-et-des-forces-de-lordre-en-nombre-dans-ce-quartier-ce-quil-se-passe","status":"publish","type":"post","link":"https:\/\/www.europesays.com\/fr\/559290\/","title":{"rendered":"Marseille. Des secours et des forces de l&rsquo;ordre en nombre dans ce quartier : ce qu&rsquo;il se passe"},"content":{"rendered":"<p>                    Par<br \/>\n        <strong><br \/>\n            <a href=\"https:\/\/actu.fr\/auteur\/fabien-binacchi\" title=\"Consulter tous les articles de Fabien Binacchi\" target=\"_blank\" rel=\"noopener\">Fabien Binacchi<\/a><br \/>\n                    <\/strong><\/p>\n<p>        Publi\u00e9 le<\/p>\n<p>            26 nov. 2025 \u00e0 5h54        <\/p>\n<p>Des secouristes et des forces de l\u2019ordre en pagaille\u2009: un important dispositif va \u00eatre d\u00e9ploy\u00e9 ce mercredi 26\u00a0novembre 2025 autour du<a href=\"https:\/\/actu.fr\/tag\/port-de-marseille\" target=\"_blank\" rel=\"noopener\"> Grand port maritime<\/a> de <a href=\"https:\/\/actu.fr\/marseille\/\" target=\"_blank\" rel=\"noopener\">Marseille.<\/a> Les arm\u00e9es sont m\u00eame mobilis\u00e9es sur <strong>cette partie littorale des quartiers nord de la ville.<\/strong><\/p>\n<p class=\" wall-content\">Voici ce qu\u2019il se passe.<\/p>\n<p>\u00ab\u2009Contreterrorisme maritime\u2009\u00bb<\/p>\n<p class=\" wall-content\">Une attaque en cours\u2009? Les autorit\u00e9s s\u2019y pr\u00e9parent en tout cas. Ce mardi matin, sir\u00e8nes et gyrophares vont se concentrer du c\u00f4t\u00e9 de la Joliette et d\u2019Arenc pour un exercice, pr\u00e9viennent les pr\u00e9fectures des Bouches-du-Rh\u00f4ne et de la M\u00e9diterran\u00e9e. Et cet <strong>\u00ab\u2009entra\u00eenement interarm\u00e9es et interminist\u00e9riel [\u2026] \u00e0 la gestion de crise\u2009\u00bb<\/strong> mobilise \u00ab\u2009d\u2019importants moyens\u2009\u00bb.<\/p>\n<p class=\" wall-content\">\n<p class=\" wall-content\">Si tout ce petit monde se rassemble pour s\u2019exercer au \u00ab\u2009contreterrorisme maritime\u2009\u00bb, pr\u00e9cisent les autorit\u00e9s, ces derni\u00e8res ne d\u00e9voilent en revanche pas les contours du sc\u00e9nario imagin\u00e9 pour cette <strong>man\u0153uvre d\u2019envergure.<\/strong><\/p>\n<p>\u00ab\u2009Ne pas relayer des rumeurs\u2009\u00bb<\/p>\n<p class=\" wall-content\">Elles confirment par contre que \u00ab\u2009le trafic de v\u00e9hicules des services de secours et des forces de s\u00e9curit\u00e9 int\u00e9rieure pourrait \u00eatre<strong> plus intense<\/strong> \u00e0 proximit\u00e9 du Grand port maritime de Marseille au matin [de ce] mercredi 26\u00a0novembre\u2009\u00bb.<\/p>\n<blockquote class=\"ac-article-quote wall-content\">\n<p>Ces mouvements sont primordiaux pour l\u2019entra\u00eenement et la qualification des intervenants \u00e0 op\u00e9rer en toutes circonstances afin de conduire les missions de sauvetage ou d\u2019intervention qui leur incombent.\n<\/p>\n<p>    <strong>Les pr\u00e9fectures des Bouches-du-Rh\u00f4ne et de la M\u00e9diterran\u00e9e<\/strong><br \/>\n        Dans un communiqu\u00e9    <\/p><\/blockquote>\n<p class=\" wall-content\">Dans le cadre de cet exercice, les services de l\u2019\u00c9tat demandent \u00e0 la population de<strong> \u00ab\u2009ne pas encombrer les lignes t\u00e9l\u00e9phoniques des forces de l\u2019ordre et des services de secours\u2009\u00bb,<\/strong> de \u00ab\u2009ne pas relayer des rumeurs ou de fausses informations sur les r\u00e9seaux sociaux\u2009\u00bb et, enfin, de \u00ab\u2009ne pas photographier ou filmer les \u00e9quipements et personnels employ\u00e9s\u2009\u00bb.<\/p>\n<p class=\" wall-content\">Personnalisez votre actualit\u00e9 en ajoutant vos villes et m\u00e9dias en favori avec <a href=\"https:\/\/moncompte.actu.fr\" title=\"D\u00e9couvez Mon Actu\" rel=\"nofollow noopener\" data-trk=\"{&quot;cta&quot;:{&quot;action&quot;:&quot;https:\\\/\\\/moncompte.actu.fr&quot;,&quot;category&quot;:&quot;mon compte&quot;,&quot;from&quot;:&quot;article footer&quot;,&quot;name&quot;:&quot;Mon actu&quot;,&quot;type&quot;:&quot;cta&quot;}}\" target=\"_blank\">Mon Actu<\/a>.<\/p>\n","protected":false},"excerpt":{"rendered":"Par Fabien Binacchi Publi\u00e9 le 26 nov. 2025 \u00e0 5h54 Des secouristes et des forces de l\u2019ordre en&hellip;\n","protected":false},"author":2,"featured_media":559291,"comment_status":"","ping_status":"","sticky":false,"template":"","format":"standard","meta":{"footnotes":""},"categories":[2814],"tags":[1111,11,1813,1777,674,118,1011,27,17289,884,12,1072,882,25],"class_list":{"0":"post-559290","1":"post","2":"type-post","3":"status-publish","4":"format-standard","5":"has-post-thumbnail","7":"category-marseille","8":"tag-actu","9":"tag-actualites","10":"tag-armee","11":"tag-eu","12":"tag-europe","13":"tag-faits-divers","14":"tag-fr","15":"tag-france","16":"tag-marin-pompier","17":"tag-marseille","18":"tag-news","19":"tag-police","20":"tag-provence-alpes-cote-dazur","21":"tag-republique-francaise"},"share_on_mastodon":{"url":"https:\/\/pubeurope.com\/@fr\/115614469762782286","error":""},"_links":{"self":[{"href":"https:\/\/www.europesays.com\/fr\/wp-json\/wp\/v2\/posts\/559290","targetHints":{"allow":["GET"]}}],"collection":[{"href":"https:\/\/www.europesays.com\/fr\/wp-json\/wp\/v2\/posts"}],"about":[{"href":"https:\/\/www.europesays.com\/fr\/wp-json\/wp\/v2\/types\/post"}],"author":[{"embeddable":true,"href":"https:\/\/www.europesays.com\/fr\/wp-json\/wp\/v2\/users\/2"}],"replies":[{"embeddable":true,"href":"https:\/\/www.europesays.com\/fr\/wp-json\/wp\/v2\/comments?post=559290"}],"version-history":[{"count":0,"href":"https:\/\/www.europesays.com\/fr\/wp-json\/wp\/v2\/posts\/559290\/revisions"}],"wp:featuredmedia":[{"embeddable":true,"href":"https:\/\/www.europesays.com\/fr\/wp-json\/wp\/v2\/media\/559291"}],"wp:attachment":[{"href":"https:\/\/www.europesays.com\/fr\/wp-json\/wp\/v2\/media?parent=559290"}],"wp:term":[{"taxonomy":"category","embeddable":true,"href":"https:\/\/www.europesays.com\/fr\/wp-json\/wp\/v2\/categories?post=559290"},{"taxonomy":"post_tag","embeddable":true,"href":"https:\/\/www.europesays.com\/fr\/wp-json\/wp\/v2\/tags?post=559290"}],"curies":[{"name":"wp","href":"https:\/\/api.w.org\/{rel}","templated":true}]}}