{"id":559296,"date":"2025-11-26T06:01:18","date_gmt":"2025-11-26T06:01:18","guid":{"rendered":"https:\/\/www.europesays.com\/fr\/559296\/"},"modified":"2025-11-26T06:01:18","modified_gmt":"2025-11-26T06:01:18","slug":"metropole-de-lyon-40-ans-apres-sa-fermeture-le-palais-dhiver-revient-sur-le-devant-de-la-scene","status":"publish","type":"post","link":"https:\/\/www.europesays.com\/fr\/559296\/","title":{"rendered":"M\u00e9tropole de Lyon. 40 ans apr\u00e8s sa fermeture, le Palais d&rsquo;Hiver\u00a0revient sur le devant de la sc\u00e8ne"},"content":{"rendered":"<p>Toute la musique qu&rsquo;on aime est pass\u00e9e par le Palais d&rsquo;Hiver. En 65 ans d&rsquo;existence, la salle de spectacle mythique a tout connu : le succ\u00e8s immense, les changements de mode, les soucis financiers, les drames&#8230; jusqu&rsquo;\u00e0 la fermeture d\u00e9finitive en d\u00e9cembre 1985. Il y a 40 ans presque jour pour jour.<\/p>\n<p>Cette histoire faite de multiples rebondissements m\u00e9ritait bien un livre. Pour<a href=\"https:\/\/boutique.leprogres.fr\" target=\"_blank\" rel=\"noopener\"> \u00ab Le Palais d&rsquo;Hiver, 1920-1985, la folle histoire \u00bb<\/a>, Le Progr\u00e8s a puis\u00e9 dans ses archives photos in\u00e9dites, a retrouv\u00e9 des images rares sign\u00e9es Mario Gurrieri, c\u00e9l\u00e8bre photographe lyonnais attitr\u00e9 du Palais d\u2019Hiver.<\/p>\n<p>Ce hors-s\u00e9rie raconte l\u2019histoire du lieu, retrace les grands concerts, rapporte des anecdotes. Il donne la parole \u00e0 des artistes, comme <a href=\"https:\/\/www.leprogres.fr\/culture-loisirs\/2025\/03\/15\/kent-reveille-le-groupe-starshooter-avec-des-versions-inedites-pour-la-sortie-officielle-du-double-album-garages-bandes\" target=\"_blank\" rel=\"noopener\">le chanteur lyonnais de Starshooter, Kent<\/a>, \u00e0 des acteurs de la vie culturelle d\u2019alors, \u00e0 d\u2019anciens spectateurs. Et surtout \u00e0 Ludovic Lamour, fils cadet de Roger Lamour et petit-fils du fondateur des lieux Pierre Lamour, qui a accept\u00e9 de confier ses souvenirs personnels et familiaux.<\/p>\n<p>  65 ans d&rsquo;une folle histoire<\/p>\n<p>\u00c9dith Piaf, Georges Brassens, Jacques Brel, Johnny Hallyday, Dalida, Eddy Mitchell, Julien Clerc, Mireille Mathieu mais aussi les Beatles, <a href=\"https:\/\/www.leprogres.fr\/culture-loisirs\/2021\/06\/11\/ce-jour-ou-mick-jagger-a-joue-a-lyon-avec-des-lunettes-de-clown-apres-avoir-pris-une-chaise-en-plein-visage\" target=\"_blank\" rel=\"noopener\">les Rolling Stones<\/a> ou Tina Turner\u00a0; puis, dans les ann\u00e9es 1980, Talking Head, The Stranglers, Iron Maiden, Simple Minds ou The Cure&#8230; La liste des artistes pass\u00e9s par le Palais d\u2019Hiver donne le vertige&#8230; La dresser de mani\u00e8re exhaustive est quasi impossible.<\/p>\n<p class=\"txt\">\u00ab Cette salle avait une \u00e9nergie folle, c\u2019\u00e9tait aussi l\u2019une des pr\u00e9f\u00e9r\u00e9es de Johnny \u00bb<\/p>\n<p class=\"nom\">Julien Clerc, au Progr\u00e8s le 7 avril 2022<\/p>\n<p>Tout le gratin du music-hall, des y\u00e9-y\u00e9s puis du rock a foul\u00e9 cette haute sc\u00e8ne install\u00e9e non loin du parc de la T\u00eate d\u2019Or, au bord du boulevard de Stalingrad, entre Lyon et Villeurbanne.\u00a0<\/p>\n<p>En son temps \u00abplus grand music-hall d\u2019Europe\u00bb, la salle a v\u00e9cu une folle histoire avec plus de six d\u00e9cennies de f\u00eates et de concerts.\u00a0Claude Fran\u00e7ois y donne son dernier spectacle en 1978.<\/p>\n<p>        &#13;<br \/>\n          <a href=\"https:\/\/cdn-s-www.leprogres.fr\/images\/d89dd359-0db0-4bfd-9c8b-cb371d283c03\/NW_raw\/au-palais-d-hiver-ici-en-1968-mireille-mathieu-n-est-encore-qu-une-chanteuse-debutante-archives-le-progres-1763396089.jpg\" title=\"Au Palais d&#039;Hiver, ici en 1968, Mireille Mathieu n&#039;est encore qu&#039;une chanteuse d\u00e9butante. Archives Le Progr\u00e8s\" class=\"chocolat-image GA-tracking\" data-ga_type=\"click\" data-ga_category=\"D\u00e9tail\" data-ga_action=\"zoomer\" data-ga_label=\"agrandir image\" target=\"_blank\" rel=\"noopener\">&#13;<br \/>\n            <img loading=\"lazy\" decoding=\"async\" src=\"https:\/\/www.europesays.com\/fr\/wp-content\/uploads\/2025\/11\/au-palais-d-hiver-ici-en-1968-mireille-mathieu-n-est-encore-qu-une-chanteuse-debutante-archives-le-p.jpeg\" alt=\"Au Palais d'Hiver, ici en 1968, Mireille Mathieu n'est encore qu'une chanteuse d\u00e9butante. Archives Le Progr\u00e8s\"\/>&#13;<br \/>\n          <\/a>&#13;<br \/>\n          &#13;<\/p>\n<p class=\"insetTitle\">Mireille Mathieu : \u00ab\u00a0Le Palais d&rsquo;Hiver, c&rsquo;est mon premier concert\u00a0\u00bb<\/p>\n<p>La chanteuse aux 60 ans de carri\u00e8re est de retour sur sc\u00e8ne. Apr\u00e8s plusieurs dates \u00e0 l&rsquo;Olympia, \u00e0 Paris, <a href=\"https:\/\/www.leprogres.fr\/culture-loisirs\/2025\/11\/08\/mireille-mathieu-a-l-amphitheatre-3000-lyon-a-ete-mon-tout-premier-concert-au-palais-d-hiver\" target=\"_blank\" rel=\"noopener\">Mireille Mathieu \u00e9tait le 15 novembre dernier \u00e0 Lyon <\/a>dans le cadre de sa tourn\u00e9e \u00ab 60 ans d&rsquo;amour\u00a0\u00bb.<\/p>\n<p>L&rsquo;occasion de parler avec elle de Lyon&#8230; et du Palais d&rsquo;Hiver. \u00ab Oh oui, le Palais d&rsquo;Hiver de Roger Lamour, bien-s\u00fbr, g\u00e9nial, je me souviens. C&rsquo;\u00e9tait une salle c\u00e9l\u00e8bre et c&rsquo;\u00e9tait surtout mon tout premier concert. C&rsquo;\u00e9tait au d\u00e9but de d\u00e9cembre 1965, je n&rsquo;\u00e9tais m\u00eame pas annonc\u00e9e!\u00bb se rem\u00e9more Mireille Mathieu.<\/p>\n<p>\u00ab J&rsquo;avais chant\u00e9 en lever de rideau de Hugues Aufray gr\u00e2ce \u00e0 mon manager de l&rsquo;\u00e9poque, Johnny Starck, qui a tout fait pour moi et qui \u00e9tait tr\u00e8s ami avec le patron du Palais d&rsquo;Hiver, Roger Lamour, quelqu&rsquo;un qui \u00e9tait d&rsquo;ailleurs adorable. Cela m&rsquo;a ouvert ma premi\u00e8re sc\u00e8ne. Ce sont de tr\u00e8s beaux souvenirs.\u00a0\u00bb<\/p>\n<p>Apr\u00e8s cette \u00ab premi\u00e8re fois\u00a0\u00bb, Mireille Mathieu a chant\u00e9 r\u00e9guli\u00e8rement au Palais d&rsquo;Hiver.<\/p>\n<p class=\"insetSignature\">Propos recueillis par Delphine Givord<\/p>\n<p>  Une piscine, des bals et des rencontres<\/p>\n<p>D\u00e8s les Ann\u00e9es Folles et jusqu&rsquo;au milieu des ann\u00e9es 1970, les bals au Palais d\u2019Hiver avaient la r\u00e9putation d\u2019\u00eatre toujours tr\u00e8s \u00e9l\u00e9gants. Ils \u00e9taient aussi un lieu incontournable de rencontres pour la jeunesse locale.<\/p>\n<p>Avant de conqu\u00e9rir ses lettres de noblesse en accueillant les concerts de toutes les stars nationales et internationales, le Palais d&rsquo;Hiver a longtemps \u00e9t\u00e9 un temple de la f\u00eate. Les corporations et les associations locales en avaient fait leur antre. Notamment pour y organiser des bals. Fox-trot, tango, rock, charleston et autres flonflons font danser les foules depuis les ann\u00e9es 1920 lorsque Pierre Lamour, en visionnaire, transforme l&rsquo;ancienne piscine du boulevard de Stalingrad en salle de bals.<\/p>\n<p>Des concours en tous genres<\/p>\n<p>Durant la Seconde Guerre mondiale, le Palais d&rsquo;Hiver accueille des galas de boxe. Les bals sont interdits.\u00a0Apr\u00e8s la guerre, Roger Lamour, le fils de Pierre, modernise la salle, la positionnant comme la plus grande d&rsquo;Europe. L&rsquo;incendie de 1962 conduit \u00e0 une reconstruction, et, en 1963, le Palais d&rsquo;Hiver rena\u00eet avec une renomm\u00e9e internationale.<\/p>\n<p>Le Palais d&rsquo;Hiver a \u00e9galement \u00e9t\u00e9 le lieu de tous les concours. Celui du sacre, chaque ann\u00e9e, de la Reine du Palais d&rsquo;Hiver. Les\u00a0manifestations \u00e9taient tr\u00e8s vari\u00e9es\u200a: nuits du camping, d\u00e9fil\u00e9s de modes, soir\u00e9es des Catherinettes ou de la Saint-Valentin, concours des \u00e9coles de danse&#8230;<\/p>\n<p>        &#13;<br \/>\n          <a href=\"https:\/\/cdn-s-www.leprogres.fr\/images\/ff12dc7b-6a4b-44fc-ae74-33dc2a2e2957\/NW_raw\/salvatore-adamo-au-palais-d-hiver-de-lyon-le-24-fevrier-1967-photo-archives-le-progres-1763567970.jpg\" title=\"Salvatore Adamo au Palais d&#039;Hiver de Lyon le 24 f\u00e9vrier 1967 Photo Archives Le Progres\" class=\"chocolat-image GA-tracking\" data-ga_type=\"click\" data-ga_category=\"D\u00e9tail\" data-ga_action=\"zoomer\" data-ga_label=\"agrandir image\" target=\"_blank\" rel=\"noopener\">&#13;<br \/>\n            <img loading=\"lazy\" decoding=\"async\" src=\"https:\/\/www.europesays.com\/fr\/wp-content\/uploads\/2025\/11\/salvatore-adamo-au-palais-d-hiver-de-lyon-le-24-fevrier-1967-photo-archives-le-progres-1763567970.jp.jpeg\" alt=\"Salvatore Adamo au Palais d'Hiver de Lyon le 24 f\u00e9vrier 1967 Photo Archives Le Progres\"\/>&#13;<br \/>\n          <\/a>&#13;<br \/>\n          &#13;<\/p>\n<p class=\"insetTitle\">La pr\u00e9face de Salvatore Adamo<\/p>\n<p>Qui n\u2019a pas chantonn\u00e9 <a href=\"https:\/\/www.leprogres.fr\/culture-loisirs\/2024\/09\/16\/salvatore-adamo-point-final-de-cette-edition-2024-des-musicales-du-parc-des-oiseaux\" target=\"_blank\" rel=\"noopener\">les succ\u00e8s de Salvatore Adamo<\/a>? De \u00abTombe la neige\u00bb \u00e0 \u00abVous permettez, Monsieur\u00bb en passant par \u00abLes Filles du bord de mer\u00bb, ses chansons accompagnent le public depuis des d\u00e9cennies.<\/p>\n<p>Salvatore Adamo a accept\u00e9 de signer la pr\u00e9face du livre sur le Palais d\u2019Hiver, rapportant ses souvenirs et le trac qui \u00e9tait le sien lorsqu\u2019il s\u2019agissait de monter sur cette sc\u00e8ne lyonnaise singuli\u00e8re, r\u00e9put\u00e9e pour son public exigeant.<\/p>\n<p>\u00abLes 3\u200a000 spectateurs attabl\u00e9s pouvaient porter les artistes aux nues, litt\u00e9ralement\u2026 ou leur tourner le dos, et boire leur verre en bavardant entre eux, dans un brouhaha qui pouvait couvrir le chant et la musique. J\u2019ai eu le privil\u00e8ge d\u2019y passer plusieurs fois, dans les ann\u00e9es 1960 et 1970, avec, je l\u2019avoue, toujours beaucoup d\u2019appr\u00e9hension. Dieu merci, je ne m\u2019en tirais pas mal \u00e0 chaque fois! J\u2019y ai m\u00eame v\u00e9cu des soir\u00e9es euphoriques, qui sont rest\u00e9es parmi mes meilleurs souvenirs\u00bb, rapporte le chanteur.<\/p>\n<p class=\"note\"><a href=\"https:\/\/radiant-bellevue.fr\/spectacles\/salvatore-adamo-2\/\" target=\"_blank\" rel=\"noopener\">Salvatore Adamo est en concert au Radiant-Bellevue de Caluire<\/a>, le samedi 29 novembre \u00e0 20h30. Prix des places : 65 \u20ac.\u00a0<\/p>\n<p>  Les heures sombres<\/p>\n<p>A la fin des ann\u00e9es 1970, d\u00e9but 1980, les nuages s&rsquo;accumulent au dessus du\u00a0 Palais d&rsquo;Hiver. Peu \u00e0 peu, l&rsquo;activit\u00e9 d\u00e9cline en raison d&rsquo;une mauvaise gestion et de la concurrence des nouvelles salles de concert. Apr\u00e8s le d\u00e9c\u00e8s de Roger Lamour en 1974, puis la mort de son fils Pierre-Yves Lamour en 1981, la situation empire.<\/p>\n<p>Malgr\u00e9 ces drames, les festivit\u00e9s se poursuivent vaille que vaille quelques ann\u00e9es encore avec un West Side Club qui revit et r\u00e9unit la jeunesse amatrice de d\u00e9cibels. Le Palais devient plus rock sous l\u2019impulsion de Jean-Pierre Pommier, qui reprend un temps les r\u00eanes du site.<\/p>\n<p>Mais, accabl\u00e9 par les dettes, le Palais d\u2019Hiver ferme d\u00e9finitivement ses portes fin 1985.\u00a0Les projets de protection au titre des monuments historiques \u00e9chouent, et, en 1988, le b\u00e2timent est d\u00e9moli, mettant d\u00e9finitivement fin \u00e0 cette grande sc\u00e8ne musicale de Lyon et Villeurbanne.<\/p>\n<p>Le Palais d\u2019Hiver est aujourd\u2019hui un immeuble de bureaux, situ\u00e9 au d\u00e9but du boulevard Stalingrad. L&rsquo;ensemble immobilier a conserv\u00e9, affich\u00e9 sur une plaque, le nom du c\u00e9l\u00e8bre \u00e9tablissement qui l\u2019avait pr\u00e9c\u00e9d\u00e9 \u00e0 cet endroit jusqu\u2019en 1985.<\/p>\n<p class=\"note\">La Palais d&rsquo;Hiver, 1920-1985, la folle histoire, \u00e9dit\u00e9 par Le Progr\u00e8s, 144 pages. En vente<strong>\u00a0<\/strong>24 \u20ac, chez les marchands de journaux et <a href=\"https:\/\/boutique.leprogres.fr\/\" target=\"_blank\" rel=\"noopener\">sur la boutique en ligne du journal<\/a>.<\/p>\n","protected":false},"excerpt":{"rendered":"Toute la musique qu&rsquo;on aime est pass\u00e9e par le Palais d&rsquo;Hiver. En 65 ans d&rsquo;existence, la salle de&hellip;\n","protected":false},"author":2,"featured_media":559297,"comment_status":"","ping_status":"","sticky":false,"template":"","format":"standard","meta":{"footnotes":""},"categories":[1889],"tags":[1111,11,2430,1687,3152,2757,3153,3154,3155,3156,1777,674,107,1011,27,937,2410,2428,2802,873,12,25,2429,273,3151,6345],"class_list":{"0":"post-559296","1":"post","2":"type-post","3":"status-publish","4":"format-standard","5":"has-post-thumbnail","7":"category-lyon","8":"tag-actu","9":"tag-actualites","10":"tag-auvergne-rhone-alpes","11":"tag-culture-loisirs","12":"tag-edition-est-lyonnais","13":"tag-edition-lyon-villeurbanne","14":"tag-edition-ouest-lyonnais","15":"tag-edition-sud-lyonnais","16":"tag-edition-tarare","17":"tag-edition-villefranche","18":"tag-eu","19":"tag-europe","20":"tag-fil-info","21":"tag-fr","22":"tag-france","23":"tag-histoire","24":"tag-livres-bd","25":"tag-lyon","26":"tag-lyon-6e-arrondissement","27":"tag-musique","28":"tag-news","29":"tag-republique-francaise","30":"tag-rhone","31":"tag-selection-de-la-redaction","32":"tag-selection-de-la-redaction-69","33":"tag-villeurbanne"},"share_on_mastodon":{"url":"https:\/\/pubeurope.com\/@fr\/115614481938103963","error":""},"_links":{"self":[{"href":"https:\/\/www.europesays.com\/fr\/wp-json\/wp\/v2\/posts\/559296","targetHints":{"allow":["GET"]}}],"collection":[{"href":"https:\/\/www.europesays.com\/fr\/wp-json\/wp\/v2\/posts"}],"about":[{"href":"https:\/\/www.europesays.com\/fr\/wp-json\/wp\/v2\/types\/post"}],"author":[{"embeddable":true,"href":"https:\/\/www.europesays.com\/fr\/wp-json\/wp\/v2\/users\/2"}],"replies":[{"embeddable":true,"href":"https:\/\/www.europesays.com\/fr\/wp-json\/wp\/v2\/comments?post=559296"}],"version-history":[{"count":0,"href":"https:\/\/www.europesays.com\/fr\/wp-json\/wp\/v2\/posts\/559296\/revisions"}],"wp:featuredmedia":[{"embeddable":true,"href":"https:\/\/www.europesays.com\/fr\/wp-json\/wp\/v2\/media\/559297"}],"wp:attachment":[{"href":"https:\/\/www.europesays.com\/fr\/wp-json\/wp\/v2\/media?parent=559296"}],"wp:term":[{"taxonomy":"category","embeddable":true,"href":"https:\/\/www.europesays.com\/fr\/wp-json\/wp\/v2\/categories?post=559296"},{"taxonomy":"post_tag","embeddable":true,"href":"https:\/\/www.europesays.com\/fr\/wp-json\/wp\/v2\/tags?post=559296"}],"curies":[{"name":"wp","href":"https:\/\/api.w.org\/{rel}","templated":true}]}}