{"id":559300,"date":"2025-11-26T06:05:21","date_gmt":"2025-11-26T06:05:21","guid":{"rendered":"https:\/\/www.europesays.com\/fr\/559300\/"},"modified":"2025-11-26T06:05:21","modified_gmt":"2025-11-26T06:05:21","slug":"apres-20-ans-de-concertation-les-travaux-debutent-gare-de-lyon-a-paris","status":"publish","type":"post","link":"https:\/\/www.europesays.com\/fr\/559300\/","title":{"rendered":"apr\u00e8s 20 ans de concertation, les travaux d\u00e9butent gare de Lyon \u00e0 Paris"},"content":{"rendered":"<p>                    Par<br \/>\n        <strong><br \/>\n            <a href=\"https:\/\/actu.fr\/auteur\/marie-amelie-marchal\" title=\"Consulter tous les articles de Marie Amelie Marchal\" target=\"_blank\" rel=\"noopener\">Marie Amelie Marchal<\/a><br \/>\n                    <\/strong><\/p>\n<p>        Publi\u00e9 le<\/p>\n<p>            26 nov. 2025 \u00e0 6h12        <\/p>\n<p>Dans un paysage gris b\u00e9ton, le fracas des marteaux-piqueurs r\u00e9veille les passants de la rue de Bercy dans le 12e arrondissement de Paris. \u00c9l\u00e8ves du coll\u00e8ge Paul Verlaine, salari\u00e9s de la RATP, agents du minist\u00e8re de l\u2019\u00c9conomie ou encore voyageurs en transit, tous traversent d\u2019un pas press\u00e9 l\u2019art\u00e8re en chantier. Pour les badauds interrog\u00e9s par actu Paris, l\u2019avis est unanime\u2009: \u00ab\u2009Ce lieu est triste et moche\u2009\u00bb. Une opinion partag\u00e9e par Alain Resplandy-Bernard, directeur g\u00e9n\u00e9ral de SNCF Gares &amp; Connexions, qui parle carr\u00e9ment de \u00ab\u2009fa\u00e7ade l\u00e9preuse\u2009\u00bb. D\u2019o\u00f9 la <a href=\"https:\/\/actu.fr\/ile-de-france\/paris_75056\/a-paris-cette-partie-abandonnee-de-la-gare-de-lyon-cote-seine-va-etre-transformee-voici-comment_60779886.html\" target=\"_blank\" rel=\"noopener\">profonde r\u00e9novation du site<\/a>, pr\u00e9sent\u00e9e mardi 25\u00a0novembre 2025 lors d\u2019une visite de chantier.<\/p>\n<p>Du bois et des plantes pour faire revivre l\u2019axe mal aim\u00e9<\/p>\n<p class=\" wall-content\">Depuis l\u2019accueil de la tour Lyon-Bercy, au num\u00e9ro\u00a0175 de la rue, Zouina Meziane assiste au ballet des engins de chantier depuis plusieurs semaines. L\u2019h\u00f4tesse d\u2019accueil se r\u00e9jouit de la nouvelle perspective \u00e0 venir. \u00ab\u2009Ici, c\u2019est difficilement supportable l\u2019\u00e9t\u00e9 avec le b\u00e9ton qui <a href=\"https:\/\/actu.fr\/ile-de-france\/paris_75056\/drones-ballon-sonde-laboratoire-volant-comment-meteo-france-identifie-les-ilots-de-chaleur_59890696.html\" target=\"_blank\" rel=\"noopener\">emmagasine la chaleur<\/a> et le soleil qui se refl\u00e8te dans les vitres de l\u2019immeuble d\u2019en face\u2009\u00bb, r\u00e2le la jeune femme.<\/p>\n<p>    <img   decoding=\"async\" loading=\"lazy\" src=\"https:\/\/www.europesays.com\/fr\/wp-content\/uploads\/2025\/11\/20251125-112117-960x640.jpg\" alt=\"Zouina Meziane travaille depuis six ans dans ce d\u00e9cor morose.  \" width=\"960\" height=\"640\"\/><br \/>\n    Zouina Meziane travaille depuis six ans dans ce d\u00e9cor morose. (\u00a9MAM \/ actu Paris)<\/p>\n<p class=\" wall-content\">En gestation depuis une vingtaine d\u2019ann\u00e9es, le projet pr\u00e9voit une<strong> nouvelle fa\u00e7ade vitr\u00e9e<\/strong>, rev\u00eatue de lames de bois. \u00ab\u2009Du bois de r\u00e9emploi, pr\u00e9cise Amaury Lombard, directeur de projet national sur la gare de Lyon chez SNCF Gares &amp; Connexions. Les soubassements seront r\u00e9alis\u00e9s avec des <strong>traverses ferroviaires<\/strong> et le plafond en<strong> parquet <\/strong>issu de la r\u00e9novation d\u2019un coll\u00e8ge.\u2009\u00bb<\/p>\n<p>Le chantier \u00ab\u00a0C\u00f4t\u00e9 Seine\u00a0\u00bb en chiffres<\/p>\n<p>&#8211; 20 000 m\u00b2 de surfaces seront transform\u00e9es au total <br \/>&#8211; 2 000 m\u00b2 de nouveaux espaces seront d\u00e9di\u00e9s \u00e0 la circulation des voyageurs <br \/>&#8211; 3 000 m\u00b2 d&rsquo;espaces commerciaux seront r\u00e9partis pour 16 nouveaux commerces <br \/>&#8211; 850 places de v\u00e9lo seront cr\u00e9\u00e9es dont 600 dans un parking s\u00e9curis\u00e9 <br \/>&#8211; le montant du chantier est de 64 millions d&rsquo;euros port\u00e9 par SNCF Gares &amp; Connexions, la r\u00e9gion \u00cele-de-France et \u00cele-de-France Mobilit\u00e9s<br \/>&#8211; 145 millions de voyageurs transitent annuellement \u00e0 la gare de Lyon<\/p>\n<p>    <img   decoding=\"async\" loading=\"lazy\" src=\"https:\/\/www.europesays.com\/fr\/wp-content\/uploads\/2025\/11\/20251125-112254-960x640.jpg\" alt=\"Pr\u00e8s de 1 400 m\u00b2 de parquet et 500 m\u00b2 de traverses ferroviaires seront utilis\u00e9s pour la fa\u00e7ade c\u00f4t\u00e9 Seine.\" width=\"960\" height=\"640\"\/><br \/>\n    Pr\u00e8s de 1\u2009400 m\u00b2 de parquet et 500 m\u00b2 de traverses ferroviaires seront utilis\u00e9s pour la fa\u00e7ade c\u00f4t\u00e9 Seine. (\u00a9MAM \/ actu Paris)<\/p>\n<p class=\" wall-content\">Au-dessus de cet espace, le garde-corps en b\u00e9ton massif de l\u2019all\u00e9e de Bercy sera d\u00e9pos\u00e9 et le site sera v\u00e9g\u00e9talis\u00e9. Deuxi\u00e8me phase du chantier, la voie verte devrait \u00eatre livr\u00e9e au d\u00e9but de l\u2019ann\u00e9e 2028. Enfin, la troisi\u00e8me \u00e9tape de cette r\u00e9novation concernera l\u2019axe reliant la rue de Bercy \u00e0 la <a href=\"https:\/\/actu.fr\/ile-de-france\/paris_75056\/changement-d-heure-a-paris-comment-regle-t-on-l-horloge-de-la-gare-de-lyon_49692129.html\" target=\"_blank\" rel=\"noopener\">tour de l\u2019Horloge<\/a>. La fin des travaux est attendue en 2029.<\/p>\n<p>Votre r\u00e9gion, votre actu !<\/p>\n<p>Recevez chaque jour les infos qui comptent pour vous.<\/p>\n<p>\t<a href=\"https:\/\/actu.fr\/newsletter\" class=\"ac-btn ac-btn--corner ac-btn--medium ac-btn--blue800\" target=\"_blank\" rel=\"noopener\">S&rsquo;incrire<\/a><br \/>\nUn gros puzzle<\/p>\n<p class=\" wall-content\">\u00ab\u2009\u00c7a fait vingt ans qu\u2019on attendait \u00e7a\u2009\u00bb, exulte Emmanuelle Pierre-Marie, maire EELV du 12e arrondissement. Mais la <strong>complexit\u00e9 du site<\/strong>, m\u00ealant \u00e9tablissements scolaires, si\u00e8ges sociaux et immeubles d\u2019habitation, a demand\u00e9 un travail en amont \u00ab\u2009tr\u00e8s contraint\u2009\u00bb. \u00ab\u2009Tout est imbriqu\u00e9 ici, ce sont des pi\u00e8ces de puzzle \u00e0 analyser dans leur globalit\u00e9\u2009\u00bb, nous expose l\u2019\u00e9dile.<\/p>\n<p>    <img   decoding=\"async\" loading=\"lazy\" src=\"https:\/\/www.europesays.com\/fr\/wp-content\/uploads\/2025\/11\/perspective-facade-bercy-entree-galerie-diderot-960x640.jpg\" alt=\"La nouvelle vue qui attend Zouina Meziane \u00e0 l'horizon 2029.\" width=\"960\" height=\"640\"\/><br \/>\n    La nouvelle vue qui attend Zouina Meziane \u00e0 l\u2019horizon 2029. (\u00a9AREP \u2013 Faber Picturae)<\/p>\n<p class=\" wall-content\">Derri\u00e8re les lames de bois, des commerces prendront vie et devraient<strong> cr\u00e9er 220 emplois locaux<\/strong>, assure Amaury Lombard. Ressourcerie, offre de restauration pour les bureaux, caviste, opticien et distributeur de billets sont d\u2019ores et d\u00e9j\u00e0 pr\u00e9vus.<\/p>\n<p class=\" wall-content\">\u00ab\u00a0J\u2019esp\u00e8re qu\u2019il y aura des commerces alimentaires, nous confie Karima Yahmi, assistante maternelle. Habitante du quartier depuis 2011, elle d\u00e9plore le peu de choix qui se pr\u00e9sente \u00e0 elle-m\u00eame si elle salue \u00ab\u00a0le Carrefour r\u00e9cemment install\u00e9\u00a0\u00bb. \u00ab\u00a0Pour acheter de <a href=\"https:\/\/actu.fr\/ile-de-france\/fresnes_94034\/grand-frais-comment-le-disneyland-des-adultes-a-conquis-le-coeur-des-consommateurs-d-ile-de-france_63168110.html\" target=\"_blank\" rel=\"noopener\">bons l\u00e9gumes<\/a> on doit traverser le boulevard Diderot pour se rendre au <a href=\"https:\/\/actu.fr\/ile-de-france\/paris_75056\/en-perte-de-vitesse-ce-marche-populaire-de-l-est-de-paris-va-accueillir-de-nouveaux-commerces_62239283.html\" target=\"_blank\" rel=\"noopener\">march\u00e9 d\u2019Aligre<\/a>\u00ab\u00a0, indique notre interlocutrice.<\/p>\n<p class=\" wall-content\">Et pour mettre fin \u00e0 la \u00ab\u2009livraison sauvage\u2009\u00bb qui s\u2019est ritualis\u00e9e sur l\u2019axe, un espace d\u00e9di\u00e9 \u00e0 la <a href=\"https:\/\/actu.fr\/ile-de-france\/paris_75056\/comment-le-transport-fluvial-transforme-les-bords-de-la-seine-a-paris-et-en-ile-de-france_62889251.html\" target=\"_blank\" rel=\"noopener\">logistique<\/a> est compris dans le projet.\u00a0Le chantier, estim\u00e9 \u00e0<strong> 64\u00a0millions d\u2019euros<\/strong>, devrait durer quatre ans.<\/p>\n<p class=\" wall-content\">\n    <img   decoding=\"async\" loading=\"lazy\" src=\"https:\/\/www.europesays.com\/fr\/wp-content\/uploads\/2025\/11\/design-sans-titre-32-960x640.jpg\" alt=\"Perspective de la future voie verte all\u00e9e de Bercy.\" width=\"960\" height=\"640\"\/><br \/>\n    Perspective de la future voie verte all\u00e9e de Bercy. (\u00a9AREP \u2013 Faber Picturae)<br \/>\n    <img   decoding=\"async\" loading=\"lazy\" src=\"https:\/\/www.europesays.com\/fr\/wp-content\/uploads\/2025\/11\/20251125-105219-960x640.jpg\" alt=\"Actuelle all\u00e9e de Bercy.\" width=\"960\" height=\"640\"\/><br \/>\n    Actuelle all\u00e9e de Bercy. (\u00a9MAM \/ actu Paris)<\/p>\n<p class=\" wall-content\">Le bruit des marteaux-piqueurs n\u2019est donc pas pr\u00eat de s\u2019arr\u00eater mais Amaury Lombard tente de rassurer\u2009: SNCF Gares &amp; Connexions a mandat\u00e9 un prestataire pour<strong> encadrer les nuisances sonores<\/strong>. Un site Internet sera \u00e9galement mis en ligne pour informer les voisins du chantier. Pas de quoi inqui\u00e9ter Zouina Meziane qui a trouv\u00e9 la parade en vissant dans ses oreilles ses airPods, tout en s\u2019engouffrant derri\u00e8re les portes vitr\u00e9es de son immeuble.\u00a0<\/p>\n<p class=\" wall-content\">Personnalisez votre actualit\u00e9 en ajoutant vos villes et m\u00e9dias en favori avec <a href=\"https:\/\/moncompte.actu.fr\" title=\"D\u00e9couvez Mon Actu\" rel=\"nofollow noopener\" data-trk=\"{&quot;cta&quot;:{&quot;action&quot;:&quot;https:\\\/\\\/moncompte.actu.fr&quot;,&quot;category&quot;:&quot;mon compte&quot;,&quot;from&quot;:&quot;article footer&quot;,&quot;name&quot;:&quot;Mon actu&quot;,&quot;type&quot;:&quot;cta&quot;}}\" target=\"_blank\">Mon Actu<\/a>.<\/p>\n","protected":false},"excerpt":{"rendered":"Par Marie Amelie Marchal Publi\u00e9 le 26 nov. 2025 \u00e0 6h12 Dans un paysage gris b\u00e9ton, le fracas&hellip;\n","protected":false},"author":2,"featured_media":559301,"comment_status":"","ping_status":"","sticky":false,"template":"","format":"standard","meta":{"footnotes":""},"categories":[1888],"tags":[1111,1928,11,1927,1777,674,1011,27,3338,12,1926,626,1925,25,2215,104,2086],"class_list":{"0":"post-559300","1":"post","2":"type-post","3":"status-publish","4":"format-standard","5":"has-post-thumbnail","7":"category-paris","8":"tag-actu","9":"tag-actu-paris","10":"tag-actualites","11":"tag-actualites-paris","12":"tag-eu","13":"tag-europe","14":"tag-fr","15":"tag-france","16":"tag-gare-de-lyon","17":"tag-news","18":"tag-news-paris","19":"tag-paris","20":"tag-paris-news","21":"tag-republique-francaise","22":"tag-sncf","23":"tag-societe","24":"tag-travaux"},"share_on_mastodon":{"url":"https:\/\/pubeurope.com\/@fr\/115614498063416512","error":""},"_links":{"self":[{"href":"https:\/\/www.europesays.com\/fr\/wp-json\/wp\/v2\/posts\/559300","targetHints":{"allow":["GET"]}}],"collection":[{"href":"https:\/\/www.europesays.com\/fr\/wp-json\/wp\/v2\/posts"}],"about":[{"href":"https:\/\/www.europesays.com\/fr\/wp-json\/wp\/v2\/types\/post"}],"author":[{"embeddable":true,"href":"https:\/\/www.europesays.com\/fr\/wp-json\/wp\/v2\/users\/2"}],"replies":[{"embeddable":true,"href":"https:\/\/www.europesays.com\/fr\/wp-json\/wp\/v2\/comments?post=559300"}],"version-history":[{"count":0,"href":"https:\/\/www.europesays.com\/fr\/wp-json\/wp\/v2\/posts\/559300\/revisions"}],"wp:featuredmedia":[{"embeddable":true,"href":"https:\/\/www.europesays.com\/fr\/wp-json\/wp\/v2\/media\/559301"}],"wp:attachment":[{"href":"https:\/\/www.europesays.com\/fr\/wp-json\/wp\/v2\/media?parent=559300"}],"wp:term":[{"taxonomy":"category","embeddable":true,"href":"https:\/\/www.europesays.com\/fr\/wp-json\/wp\/v2\/categories?post=559300"},{"taxonomy":"post_tag","embeddable":true,"href":"https:\/\/www.europesays.com\/fr\/wp-json\/wp\/v2\/tags?post=559300"}],"curies":[{"name":"wp","href":"https:\/\/api.w.org\/{rel}","templated":true}]}}