{"id":559308,"date":"2025-11-26T06:09:11","date_gmt":"2025-11-26T06:09:11","guid":{"rendered":"https:\/\/www.europesays.com\/fr\/559308\/"},"modified":"2025-11-26T06:09:11","modified_gmt":"2025-11-26T06:09:11","slug":"trois-personnes-ecrouees-a-paris-pour-espionnage-et-ingerence","status":"publish","type":"post","link":"https:\/\/www.europesays.com\/fr\/559308\/","title":{"rendered":"trois personnes \u00e9crou\u00e9es \u00e0 Paris pour espionnage et ing\u00e9rence"},"content":{"rendered":"<p>Trois personnes ont \u00e9t\u00e9 mises en examen et \u00e9crou\u00e9es \u00e0 Paris dans le cadre d\u2019une double affaire d\u2019espionnage \u00e9conomique au profit de Moscou et d\u2019ing\u00e9rence apr\u00e8s la d\u00e9couverte d\u2019affiches prorusses sur l\u2019Arc de triomphe.<\/p>\n<p>L\u2019un des mis en examen, Vyacheslav P., un Russe de 40\u00a0ans, a \u00e9t\u00e9 reconnu par vid\u00e9osurveillance en train de coller d\u00e9but septembre ces affiches \u00e0 la gloire de la Russie, a pr\u00e9cis\u00e9 le parquet, interrog\u00e9 sur des informations d\u00e9voil\u00e9es par <a href=\"https:\/\/www.leparisien.fr\/faits-divers\/sous-couvert-dactivites-humanitaires-une-russe-et-un-militant-francais-soupconnes-despionnage-pour-la-russie-25-11-2025-3RUFOKQOLVDBFNNXZALXOMTFRU.php\" rel=\"nofollow noopener\" target=\"_blank\" data-tracking=\"inpage_click\" data-tracking-action=\"suivre un lien dans l&#039;article\" data-tracking-category=\"recirculation\">Le Parisien<\/a> et Intelligence Online mardi 25\u00a0novembre. Il en aurait ensuite rendu compte au t\u00e9l\u00e9phone \u00e0 la fondatrice de l\u2019association SOS Donbass, une Franco-Russe de 40\u00a0ans soup\u00e7onn\u00e9e d\u2019avoir approch\u00e9 des cadres d\u2019entreprises fran\u00e7aises pour obtenir des renseignements \u00e9conomiques.<\/p>\n<p>Cette derni\u00e8re, Anna Novikova, n\u00e9e en Sib\u00e9rie, \u00e9tait depuis au moins le d\u00e9but de l\u2019ann\u00e9e dans le radar de la <a href=\"https:\/\/www.la-croix.com\/france\/dgsi-ces-espions-de-l-ombre-qui-protegent-la-france-20240428\" data-tracking=\"inpage_click\" data-tracking-action=\"lire un article\" data-tracking-category=\"recirculation\" target=\"_blank\" rel=\"noopener\">Direction g\u00e9n\u00e9rale de la s\u00e9curit\u00e9 int\u00e9rieure (DGSI)<\/a>. Le contre-espionnage avait d\u00e9tect\u00e9 \u00ab\u00a0des agissements susceptibles de porter atteinte aux int\u00e9r\u00eats fondamentaux de la Nation\u00a0\u00bb, ce qui avait conduit \u00e0 l\u2019ouverture d\u2019une enqu\u00eate pr\u00e9liminaire.<\/p>\n<p>Un juge d\u2019instruction a ensuite \u00e9t\u00e9 d\u00e9sign\u00e9, en mars, enqu\u00eatant notamment pour \u00ab\u00a0intelligence avec une puissance \u00e9trang\u00e8re\u00a0\u00bb, un d\u00e9lit puni de 10\u00a0ans d\u2019emprisonnement. La troisi\u00e8me personne \u00e9crou\u00e9e est un homme de 63\u00a0ans n\u00e9 en Seine-Saint-Denis, Vincent P. Un quatri\u00e8me mis en examen, Bernard F., 58\u00a0ans, n\u00e9 \u00e0 Paris, a pu pour sa part \u00e9chapper \u00e0 la d\u00e9tention provisoire.<\/p>\n<p>Mais il a \u00e9t\u00e9 plac\u00e9 sous un strict contr\u00f4le judiciaire, qui l\u2019oblige \u00e0 pointer une fois par semaine au commissariat et remettre ses papiers d\u2019identit\u00e9, mais lui interdit aussi toute activit\u00e9 associative en lien avec \u00ab\u00a0la politique internationale de la France, la politique de la Russie ou l\u2019aide aux personnes en raison du conflit arm\u00e9 russo-ukrainien\u00a0\u00bb.<\/p>\n<p>Affiches et collectes<\/p>\n<p>L\u2019association, qui servait selon les soup\u00e7ons de la DGSI de couverture \u00e0 ces activit\u00e9s d\u2019espionnage et de d\u00e9stabilisation, baptis\u00e9e SOS Donbass pour \u00ab\u00a0Sud Ouest solidarit\u00e9 Donbass\u00a0\u00bb, avait \u00e9t\u00e9 d\u00e9clar\u00e9e en septembre\u00a02022 aupr\u00e8s de la pr\u00e9fecture des Pyr\u00e9n\u00e9es-Atlantiques.<\/p>\n<p>Elle se pr\u00e9sente comme une organisation d\u2019aide humanitaire, qui organise des collectes de fonds pour des convois d\u2019aide aux civils de cette r\u00e9gion de l\u2019est de l\u2019Ukraine d\u00e9chir\u00e9e par la guerre. Son site Internet fournit \u00e9galement des affiches pr\u00eates \u00e0 imprimer avec le slogan \u00ab\u00a0La Russie n\u2019est pas mon ennemie\u00a0\u00bb.<\/p>\n<p>Les affaires de possible <a href=\"https:\/\/www.la-croix.com\/france\/mains-rouges-taguees-la-russie-multiplie-les-operations-de-destabilisation-en-france-20240522\" data-tracking=\"inpage_click\" data-tracking-action=\"lire un article\" data-tracking-category=\"recirculation\" target=\"_blank\" rel=\"noopener\">ing\u00e9rence \u00e9trang\u00e8re se sont multipli\u00e9es ces derniers mois<\/a> en France, depuis les mains rouges sur le Mur des Justes au M\u00e9morial de la Shoah et des cercueils au pied de la tour Eiffel en 2024.<\/p>\n<p>Fin avril, le M\u00e9morial de la Shoah avait \u00e9t\u00e9 vis\u00e9, ainsi que trois synagogues, par des jets de peinture. Trois Serbes avaient \u00e9t\u00e9 mis en examen et\u00a0\u00e9crou\u00e9s\u00a0\u00e0 Paris, suspect\u00e9s d\u2019avoir d\u00e9grad\u00e9 ces lieux \u00ab\u00a0dans le but de servir les int\u00e9r\u00eats d\u2019une puissance \u00e9trang\u00e8re\u00a0\u00bb, possiblement la Russie.<\/p>\n<p>En septembre, des <a href=\"https:\/\/www.la-croix.com\/religion\/ile-de-france-des-tetes-de-cochon-decouvertes-devant-des-mosquees-20250909\" data-tracking=\"inpage_click\" data-tracking-action=\"lire un article\" data-tracking-category=\"recirculation\" target=\"_blank\" rel=\"noopener\">t\u00eates de porc<\/a>, animal consid\u00e9r\u00e9 comme impur par l\u2019islam, avaient \u00e9t\u00e9 d\u00e9pos\u00e9es devant des mosqu\u00e9es, \u00e0 Paris et en r\u00e9gion parisienne, \u00ab\u00a0par des personnes de nationalit\u00e9 \u00e9trang\u00e8re qui ont aussit\u00f4t quitt\u00e9 le territoire\u00a0\u00bb, selon le parquet. Le minist\u00e8re public avait d\u00e9nonc\u00e9 \u00ab\u00a0une volont\u00e9 manifeste de provoquer le trouble au sein de la nation\u00a0\u00bb.<\/p>\n<p>En octobre, quatre hommes avaient par ailleurs \u00e9t\u00e9\u00a0\u00e9crou\u00e9s, soup\u00e7onn\u00e9s d\u2019\u00eatre impliqu\u00e9s dans un projet d\u2019action \u00e0 l\u2019encontre d\u2019un opposant russe r\u00e9fugi\u00e9 politique en France.<\/p>\n","protected":false},"excerpt":{"rendered":"Trois personnes ont \u00e9t\u00e9 mises en examen et \u00e9crou\u00e9es \u00e0 Paris dans le cadre d\u2019une double affaire d\u2019espionnage&hellip;\n","protected":false},"author":2,"featured_media":559309,"comment_status":"","ping_status":"","sticky":false,"template":"","format":"standard","meta":{"footnotes":""},"categories":[1591],"tags":[11,1887,12,1885,1886,132],"class_list":{"0":"post-559308","1":"post","2":"type-post","3":"status-publish","4":"format-standard","5":"has-post-thumbnail","7":"category-russie","8":"tag-actualites","9":"tag-federation-de-russie","10":"tag-news","11":"tag-russia","12":"tag-russian-federation","13":"tag-russie"},"share_on_mastodon":{"url":"https:\/\/pubeurope.com\/@fr\/115614512850321261","error":""},"_links":{"self":[{"href":"https:\/\/www.europesays.com\/fr\/wp-json\/wp\/v2\/posts\/559308","targetHints":{"allow":["GET"]}}],"collection":[{"href":"https:\/\/www.europesays.com\/fr\/wp-json\/wp\/v2\/posts"}],"about":[{"href":"https:\/\/www.europesays.com\/fr\/wp-json\/wp\/v2\/types\/post"}],"author":[{"embeddable":true,"href":"https:\/\/www.europesays.com\/fr\/wp-json\/wp\/v2\/users\/2"}],"replies":[{"embeddable":true,"href":"https:\/\/www.europesays.com\/fr\/wp-json\/wp\/v2\/comments?post=559308"}],"version-history":[{"count":0,"href":"https:\/\/www.europesays.com\/fr\/wp-json\/wp\/v2\/posts\/559308\/revisions"}],"wp:featuredmedia":[{"embeddable":true,"href":"https:\/\/www.europesays.com\/fr\/wp-json\/wp\/v2\/media\/559309"}],"wp:attachment":[{"href":"https:\/\/www.europesays.com\/fr\/wp-json\/wp\/v2\/media?parent=559308"}],"wp:term":[{"taxonomy":"category","embeddable":true,"href":"https:\/\/www.europesays.com\/fr\/wp-json\/wp\/v2\/categories?post=559308"},{"taxonomy":"post_tag","embeddable":true,"href":"https:\/\/www.europesays.com\/fr\/wp-json\/wp\/v2\/tags?post=559308"}],"curies":[{"name":"wp","href":"https:\/\/api.w.org\/{rel}","templated":true}]}}