{"id":559312,"date":"2025-11-26T06:11:11","date_gmt":"2025-11-26T06:11:11","guid":{"rendered":"https:\/\/www.europesays.com\/fr\/559312\/"},"modified":"2025-11-26T06:11:11","modified_gmt":"2025-11-26T06:11:11","slug":"morning-retail-usa-shein-va-vendre-des-livres-doccasion","status":"publish","type":"post","link":"https:\/\/www.europesays.com\/fr\/559312\/","title":{"rendered":"Morning Retail : USA, Shein va vendre des livres d&rsquo;occasion"},"content":{"rendered":"<p>Ce mercredi 26 novembre, le vieillissement de la population suite \u00e0 la chute de natalit\u00e9 qui pourrait r\u00e9duire la croissance de la PIB par habitant, a \u00e9t\u00e9 abord\u00e9 par Rapha\u00ebl Legendre dans son \u00e9dito, dans l&rsquo;\u00e9mission Good Morning Business, pr\u00e9sent\u00e9e par Laure Closier, sur BFM Business. Retrouvez l&rsquo;\u00e9mission du lundi au vendredi et r\u00e9\u00e9coutez la en podcast.<\/p>\n<p>Ce mercredi 26 novembre, les progr\u00e8s r\u00e9alis\u00e9s dans le cadre du plan de paix en Ukraine ont \u00e9t\u00e9 abord\u00e9s par Annalisa Cappellini dans sa chronique, dans l&rsquo;\u00e9mission Good Morning Business, pr\u00e9sent\u00e9e par Laure Closier, sur BFM Business. Retrouvez l&rsquo;\u00e9mission du lundi au vendredi et r\u00e9\u00e9coutez la en podcast.<\/p>\n<p>Martin Hacpille, directeur g\u00e9n\u00e9ral et cofondateur d&rsquo;EverEver, \u00e9tait l&rsquo;invit\u00e9 de Laure Closier dans Le Pitch de l&rsquo;\u00e9mission Good Morning Business, ce mercredi 26 novembre. Ils sont revenus sur le lave-vaisselle qu\u2019EverEver a cr\u00e9\u00e9, qui est un mod\u00e8le r\u00e9parable et fabriqu\u00e9 en France, sur BFM Business. Retrouvez l&rsquo;\u00e9mission du lundi au vendredi et r\u00e9\u00e9coutez la en podcast.<\/p>\n<p>Ce mercredi 26 novembre, les fast-foods du futur, dont les g\u00e9ants ont d\u00e9j\u00e0 fait appel \u00e0 l&rsquo;IA, ont \u00e9t\u00e9 abord\u00e9s par Anthony Morel, dans Culture IA, dans l&rsquo;\u00e9mission Good Morning Business. Retrouvez l&rsquo;\u00e9mission du lundi au vendredi et r\u00e9\u00e9coutez la en podcast.<\/p>\n<p>Tous les matins, \u00c9tienne Bracq revient sur les performances des principaux march\u00e9s boursiers et les tendances du moment dans Morning Briefing, dans l&rsquo;\u00e9mission Good Morning Business, pr\u00e9sent\u00e9e par Laure Closier, sur BFM Business. Retrouvez l&rsquo;\u00e9mission du lundi au vendredi et r\u00e9\u00e9coutez la en podcast.<\/p>\n<p>Ce mardi 25 novembre, Neil Makaroff, directeur de Strategic Perspectives et expert associ\u00e9 \u00e0 la Fondation Jean-Jaur\u00e8s, Philippe Palazzi, directeur g\u00e9n\u00e9ral du groupe Casino et pr\u00e9sident de Monoprix et de Naturalia, Guillaume Rostand, pr\u00e9sident de la French Tech Barcelona et directeur marketing de Liligo, et Fran\u00e7ois Durvye, directeur g\u00e9n\u00e9ral d&rsquo;Otium, \u00e9taient les invit\u00e9s dans l&rsquo;\u00e9mission Good Morning Business sur BFM Business. Retrouvez l&rsquo;\u00e9mission du lundi au vendredi et r\u00e9\u00e9coutez la en podcast.<\/p>\n<p>Guillaume Rostand, pr\u00e9sident de la French Tech Barcelona et directeur marketing de Liligo, \u00e9tait l&rsquo;invit\u00e9 de Laure Closier dans French Tech, ce mardi 25 novembre. Il a fait part de l&rsquo;exode des entrepreneurs fran\u00e7ais en Espagne, qu&rsquo;il attribue moins au poids de la contribution fiscale qu&rsquo;\u00e0 un sentiment de d\u00e9classement dans un pays o\u00f9 on ne peut plus avancer, dans Good Morning Business. Retrouvez l&rsquo;\u00e9mission du lundi au vendredi et r\u00e9\u00e9coutez la en podcast.<\/p>\n<p>Philippe Palazzi, directeur g\u00e9n\u00e9ral du groupe Casino et pr\u00e9sident de Monoprix et Naturalia, \u00e9tait l&rsquo;invit\u00e9 de Laure Closier dans Good Morning Business, ce mardi 25 novembre. Ils sont revenus sur le projet de renforcement de la structure financi\u00e8re de Casino avec un objectif de baisser la dette, dans le cadre du plan strat\u00e9gique Renouveau 2030, sur BFM Business. Retrouvez l&rsquo;\u00e9mission du lundi au vendredi et r\u00e9\u00e9coutez la en podcast.<\/p>\n<p>Ce mardi 25 novembre, la r\u00e9introduction du service militaire, qui serait \u00e0 la fois obligatoire et r\u00e9mun\u00e9r\u00e9 a \u00e9t\u00e9 abord\u00e9e par Mathieu Jolivet et Emmanuel Lechypre dans leur chronique, dans l&rsquo;\u00e9mission Good Morning Business, pr\u00e9sent\u00e9e par Laure Closier, sur BFM Business. Retrouvez l&rsquo;\u00e9mission du lundi au vendredi et r\u00e9\u00e9coutez la en podcast.<\/p>\n","protected":false},"excerpt":{"rendered":"Ce mercredi 26 novembre, le vieillissement de la population suite \u00e0 la chute de natalit\u00e9 qui pourrait r\u00e9duire&hellip;\n","protected":false},"author":2,"featured_media":43274,"comment_status":"","ping_status":"","sticky":false,"template":"","format":"standard","meta":{"footnotes":""},"categories":[1589],"tags":[11,73,1866,12,1864,1865,1863,308],"class_list":{"0":"post-559312","1":"post","2":"type-post","3":"status-publish","4":"format-standard","5":"has-post-thumbnail","7":"category-etats-unis","8":"tag-actualites","9":"tag-etats-unis","10":"tag-etats-unis-damerique","11":"tag-news","12":"tag-united-states","13":"tag-united-states-of-america","14":"tag-us","15":"tag-usa"},"share_on_mastodon":{"url":"https:\/\/pubeurope.com\/@fr\/115614520793769797","error":""},"_links":{"self":[{"href":"https:\/\/www.europesays.com\/fr\/wp-json\/wp\/v2\/posts\/559312","targetHints":{"allow":["GET"]}}],"collection":[{"href":"https:\/\/www.europesays.com\/fr\/wp-json\/wp\/v2\/posts"}],"about":[{"href":"https:\/\/www.europesays.com\/fr\/wp-json\/wp\/v2\/types\/post"}],"author":[{"embeddable":true,"href":"https:\/\/www.europesays.com\/fr\/wp-json\/wp\/v2\/users\/2"}],"replies":[{"embeddable":true,"href":"https:\/\/www.europesays.com\/fr\/wp-json\/wp\/v2\/comments?post=559312"}],"version-history":[{"count":0,"href":"https:\/\/www.europesays.com\/fr\/wp-json\/wp\/v2\/posts\/559312\/revisions"}],"wp:featuredmedia":[{"embeddable":true,"href":"https:\/\/www.europesays.com\/fr\/wp-json\/wp\/v2\/media\/43274"}],"wp:attachment":[{"href":"https:\/\/www.europesays.com\/fr\/wp-json\/wp\/v2\/media?parent=559312"}],"wp:term":[{"taxonomy":"category","embeddable":true,"href":"https:\/\/www.europesays.com\/fr\/wp-json\/wp\/v2\/categories?post=559312"},{"taxonomy":"post_tag","embeddable":true,"href":"https:\/\/www.europesays.com\/fr\/wp-json\/wp\/v2\/tags?post=559312"}],"curies":[{"name":"wp","href":"https:\/\/api.w.org\/{rel}","templated":true}]}}