{"id":559313,"date":"2025-11-26T06:12:16","date_gmt":"2025-11-26T06:12:16","guid":{"rendered":"https:\/\/www.europesays.com\/fr\/559313\/"},"modified":"2025-11-26T06:12:16","modified_gmt":"2025-11-26T06:12:16","slug":"teletravail-et-travail-hybride-peuvent-stimuler-lemploi-selon-un-rapport-du-parlement-britannique","status":"publish","type":"post","link":"https:\/\/www.europesays.com\/fr\/559313\/","title":{"rendered":"T\u00e9l\u00e9travail et travail hybride peuvent stimuler l&#8217;emploi, selon un rapport du Parlement britannique"},"content":{"rendered":"<p>Alors que les responsables politiques et les experts d\u00e9battent encore des avantages et des inconv\u00e9nients du t\u00e9l\u00e9travail, un rapport r\u00e9cent du Parlement britannique sugg\u00e8re que les options de travail \u00e0 distance pourraient contribuer \u00e0 stimuler l&#8217;emploi.<\/p>\n<p>Outre le maintien des salari\u00e9s, les chercheurs ont relev\u00e9 que des am\u00e9nagements flexibles pourraient ramener dans la vie active des personnes qui, autrement, ne pourraient pas travailler.<\/p>\n<p>Le rapport de la commission parlementaire, intitul\u00e9 \u00ab Le t\u00e9l\u00e9travail fonctionne-t-il ? \u00bb, s&rsquo;appuie sur les t\u00e9moignages d&rsquo;un large \u00e9ventail d&rsquo;experts pour examiner l&rsquo;impact des diff\u00e9rentes organisations du travail sur les individus, la productivit\u00e9, les entreprises et les relations au travail.<\/p>\n<p>Le rapport a \u00e9t\u00e9 publi\u00e9 quelques jours apr\u00e8s que les chiffres de l&rsquo;Office national des statistiques (ONS) ont montr\u00e9 que le ch\u00f4mage au Royaume-Uni avait atteint 5 % au cours du trimestre se terminant en septembre.<\/p>\n<p>Alors que le march\u00e9 de l&#8217;emploi s&rsquo;affaiblit, les donn\u00e9es sur les modes de travail au Royaume-Uni indiquent que les parents, les aidants et les personnes handicap\u00e9es pourraient b\u00e9n\u00e9ficier particuli\u00e8rement de conditions plus flexibles.<\/p>\n<p>\u00ab J&rsquo;ai quitt\u00e9 mon emploi apr\u00e8s 14 ans parce que la garde d&rsquo;enfants \u00e9tait trop ch\u00e8re \u00bb, a d\u00e9clar\u00e9 une personne interrog\u00e9e dans une enqu\u00eate cit\u00e9e par le rapport.<\/p>\n<p>Les auteurs de la publication ont \u00e9galement cit\u00e9 des recherches men\u00e9es en Italie, qui montrent que des am\u00e9nagements flexibles ont ouvert de nouvelles opportunit\u00e9s aux parents et aux aidants, en leur permettant de concilier plus efficacement responsabilit\u00e9s domestiques et professionnelles.<\/p>\n<p>En outre, le rapport souligne que les b\u00e9n\u00e9fices potentiels pour les salari\u00e9s handicap\u00e9s s&rsquo;alignent \u00e9troitement sur les priorit\u00e9s affich\u00e9es du gouvernement en mati\u00e8re d&#8217;emploi des personnes handicap\u00e9es.<\/p>\n<p><strong>Comment le t\u00e9l\u00e9travail pourrait-il lutter contre les in\u00e9galit\u00e9s ?<\/strong><\/p>\n<p>Le rapport reconna\u00eet qu&rsquo;un grand nombre de postes doivent encore \u00eatre exerc\u00e9s en pr\u00e9sentiel, avec des diff\u00e9rences logistiques importantes entre les secteurs et les territoires.<\/p>\n<p>Les cadres, les dipl\u00f4m\u00e9s universitaires et les personnes vivant \u00e0 Londres sont bien plus susceptibles de travailler de fa\u00e7on flexible. Environ 55 % des salari\u00e9s occupant des postes de bureau travaillent en mode hybride, soit plus de deux fois le taux observ\u00e9 dans l&rsquo;ensemble de la population active.<\/p>\n<p>Le rapport conclut que le travail flexible pourrait aussi soutenir les efforts du gouvernement pour combattre les in\u00e9galit\u00e9s r\u00e9gionales en dispersant les habitants, et donc la consommation, plus uniform\u00e9ment sur l&rsquo;ensemble du territoire. La commission a demand\u00e9 aux ministres de mener des recherches compl\u00e9mentaires dans ce domaine.<\/p>\n<p>Le Royaume-Uni, leader europ\u00e9en du t\u00e9l\u00e9travail<\/p>\n<p>M\u00eame s&rsquo;il reste des marges d&rsquo;am\u00e9lioration, le Royaume-Uni afficherait parmi les niveaux de t\u00e9l\u00e9travail les plus \u00e9lev\u00e9s au monde.<\/p>\n<p>Selon le rapport, le taux de travail \u00e0 distance varie fortement en Europe, le Royaume-Uni arrivant en t\u00eate parmi 18 pays dans le Global Survey of Working Arrangements (G-SWA), men\u00e9 entre novembre 2024 et f\u00e9vrier 2025.<\/p>\n<p>\u00c0 l&rsquo;\u00e9chelle mondiale, les personnes travaillent en moyenne 1,2 jour par semaine depuis leur domicile, mais la fourchette est large, de seulement 0,5 jour en Cor\u00e9e du Sud \u00e0 1,9 jour au Canada.<\/p>\n<p>Au Royaume-Uni, la moyenne est de 1,8 jour par semaine, ce qui en fait le niveau le plus \u00e9lev\u00e9 en Europe et le deuxi\u00e8me parmi les 40 pays \u00e9tudi\u00e9s. L&rsquo;enqu\u00eate ne porte que sur les dipl\u00f4m\u00e9s universitaires.<\/p>\n<p>La pr\u00e9valence du travail hybride a augment\u00e9<\/p>\n<p>Les donn\u00e9es de l&rsquo;Office national des statistiques (ONS) montrent comment les modes de travail ont \u00e9volu\u00e9 depuis la pand\u00e9mie. Elles montrent clairement que la pr\u00e9valence du travail hybride a augment\u00e9 au cours des cinq derni\u00e8res ann\u00e9es, de mai 2020 \u00e0 mars 2025.<\/p>\n<p>En octobre 2025, les derni\u00e8res donn\u00e9es recueillies entre avril et juin 2025 indiquent que 39 % des adultes actifs en Grande-Bretagne travaillent au moins une partie du temps depuis leur domicile, 26 % en mode hybride et 13 % enti\u00e8rement \u00e0 distance. Les m\u00eames donn\u00e9es sugg\u00e8rent que 43 % se rendent exclusivement au travail.<\/p>\n<p>La plateforme mondiale de recrutement Indeed a \u00e9galement constat\u00e9, sur la base des offres d&#8217;emploi, que le travail hybride <a href=\"https:\/\/www.euronews.com\/business\/2025\/10\/03\/the-new-hybrid-working-norm-in-the-uk-how-many-days-in-the-office\" target=\"_blank\" rel=\"noopener\"><strong>est devenu la norme<\/strong><\/a> au Royaume-Uni. <\/p>\n","protected":false},"excerpt":{"rendered":"Alors que les responsables politiques et les experts d\u00e9battent encore des avantages et des inconv\u00e9nients du t\u00e9l\u00e9travail, un&hellip;\n","protected":false},"author":2,"featured_media":559314,"comment_status":"","ping_status":"","sticky":false,"template":"","format":"standard","meta":{"footnotes":""},"categories":[1588],"tags":[11,1777,674,2304,12,14183,473,1853,1851,1850,1852],"class_list":{"0":"post-559313","1":"post","2":"type-post","3":"status-publish","4":"format-standard","5":"has-post-thumbnail","7":"category-royaume-uni","8":"tag-actualites","9":"tag-eu","10":"tag-europe","11":"tag-marche-du-travail","12":"tag-news","13":"tag-pandemie","14":"tag-royaume-uni","15":"tag-royaume-uni-de-grande-bretagne-et-dirlande-du-nord","16":"tag-uk","17":"tag-united-kingdom","18":"tag-united-kingdom-of-great-britain-and-northern-ireland"},"share_on_mastodon":{"url":"https:\/\/pubeurope.com\/@fr\/115614524864755327","error":""},"_links":{"self":[{"href":"https:\/\/www.europesays.com\/fr\/wp-json\/wp\/v2\/posts\/559313","targetHints":{"allow":["GET"]}}],"collection":[{"href":"https:\/\/www.europesays.com\/fr\/wp-json\/wp\/v2\/posts"}],"about":[{"href":"https:\/\/www.europesays.com\/fr\/wp-json\/wp\/v2\/types\/post"}],"author":[{"embeddable":true,"href":"https:\/\/www.europesays.com\/fr\/wp-json\/wp\/v2\/users\/2"}],"replies":[{"embeddable":true,"href":"https:\/\/www.europesays.com\/fr\/wp-json\/wp\/v2\/comments?post=559313"}],"version-history":[{"count":0,"href":"https:\/\/www.europesays.com\/fr\/wp-json\/wp\/v2\/posts\/559313\/revisions"}],"wp:featuredmedia":[{"embeddable":true,"href":"https:\/\/www.europesays.com\/fr\/wp-json\/wp\/v2\/media\/559314"}],"wp:attachment":[{"href":"https:\/\/www.europesays.com\/fr\/wp-json\/wp\/v2\/media?parent=559313"}],"wp:term":[{"taxonomy":"category","embeddable":true,"href":"https:\/\/www.europesays.com\/fr\/wp-json\/wp\/v2\/categories?post=559313"},{"taxonomy":"post_tag","embeddable":true,"href":"https:\/\/www.europesays.com\/fr\/wp-json\/wp\/v2\/tags?post=559313"}],"curies":[{"name":"wp","href":"https:\/\/api.w.org\/{rel}","templated":true}]}}