{"id":559315,"date":"2025-11-26T06:13:20","date_gmt":"2025-11-26T06:13:20","guid":{"rendered":"https:\/\/www.europesays.com\/fr\/559315\/"},"modified":"2025-11-26T06:13:20","modified_gmt":"2025-11-26T06:13:20","slug":"allemagne-les-marches-de-noel-souvrent-dans-une-diversite-dambiances","status":"publish","type":"post","link":"https:\/\/www.europesays.com\/fr\/559315\/","title":{"rendered":"Allemagne. Les march\u00e9s de No\u00ebl s\u2019ouvrent dans une diversit\u00e9 d\u2019ambiances"},"content":{"rendered":"<p>  \u00c0 Bad Bergzabern<\/p>\n<p>Le march\u00e9 de No\u00ebl Karolinenmarkt s\u2019installera les deuxi\u00e8me et troisi\u00e8me week-ends de l\u2019avent (vendredi\u00a0de 15\u00a0h \u00e0 21\u00a0h, samedi\u00a0de 12\u00a0h \u00e0 21\u00a0h et dimanche\u00a0de 12\u00a0h \u00e0 20\u00a0h) dans la cour historique du ch\u00e2teau. Les sp\u00e9cialit\u00e9s culinaires, artisanales et autres objets d\u00e9coratifs pour la maison et le jardin seront nombreux.<\/p>\n<p>Un carrousel attendra les plus jeunes devant la cour int\u00e9rieure du ch\u00e2teau et des animations sont pr\u00e9vues comme la venue du saint Nicolas et ses anges le vendredi 12\u00a0d\u00e9cembre \u00e0 17\u00a0h ou une animation alpine le lendemain \u00e0 17\u00a0h.<\/p>\n<p>Ce contenu est bloqu\u00e9 car vous n&rsquo;avez pas accept\u00e9 les cookies et autres traceurs.<\/p>\n<p>En cliquant sur \u00ab J\u2019accepte \u00bb, les cookies et autres traceurs seront d\u00e9pos\u00e9s et vous pourrez visualiser les contenus  (<a href=\"\" class=\"consentModule_policy\" target=\"_blank\" title=\"Consulter la politique de protection des donn\u00e9es du fournisseur\">plus d&rsquo;informations<\/a>).<\/p>\n<p>En cliquant sur \u00ab J\u2019accepte tous les cookies \u00bb, vous autorisez des d\u00e9p\u00f4ts de cookies et autres traceurs pour le stockage de vos donn\u00e9es sur nos sites et applications \u00e0 des fins de personnalisation et de ciblage publicitaire.<\/p>\n<p class=\"consentModule_secondaryText\">Vous gardez la possibilit\u00e9 de retirer votre consentement \u00e0 tout moment en consultant notre <a href=\"https:\/\/www.dna.fr\/protection-des-donnees\" target=\"_blank\" title=\"Consulter notre politique de protection des donn\u00e9es\" rel=\"noopener\">politique de protection des donn\u00e9es<\/a>. <br \/>&#13;<br \/>\n            <a href=\"https:\/\/www.dna.fr\/culture-loisirs\/2025\/11\/26\/javascript:Didomi.notice.show()\" class=\"consentModule_cmp\" target=\"_blank\" rel=\"noopener\">G\u00e9rer mes choix<\/a>&#13;\n        <\/p>\n<p>&#13;<br \/>\n                        J&rsquo;accepte&#13;<br \/>\n            J&rsquo;accepte tous les cookies&#13;\n        <\/p>\n<p>  \u00c0 Landau<\/p>\n<p>Le march\u00e9 artisanal Thomas Nast de Saint-Nicolas sur la place de l\u2019h\u00f4tel de ville \u00e0 Landau doit sa renomm\u00e9e et sa singularit\u00e9 aux nombreux artisans qui pr\u00e9sentent leurs cr\u00e9ations faites main et leurs pi\u00e8ces uniques r\u00e9alis\u00e9es avec passion et souci du d\u00e9tail. De quoi avoir le choix pour un cadeau original au fil des quatre week-ends de l\u2019avent, de 11\u00a0h \u00e0 20\u00a0h. Du\u00a011 au 21\u00a0d\u00e9cembre, de 10\u00a0h \u00e0 18\u00a0h (fermeture \u00e0 17\u00a0h le dimanche), se tiendra derri\u00e8re l\u2019h\u00f4tel de ville dans la Langstrasse le traditionnel march\u00e9 de sapins de No\u00ebl, qui f\u00eatera bient\u00f4t ses 50 ans.<\/p>\n<p>  \u00c0 Bornheim<\/p>\n<p>Le village des cr\u00e8ches de Bornheim offre une exp\u00e9rience unique. Du 30\u00a0novembre au 6\u00a0janvier, on pourra y admirer une centaine de <a href=\"https:\/\/www.dna.fr\/culture-loisirs\/2025\/11\/24\/une-creche-geante-de-2-300-sujets-en-playmobil-installee-cours-de-la-decapole\" target=\"_blank\" rel=\"noopener\">cr\u00e8ches<\/a> install\u00e9es dans des cours, des jardins et aux fen\u00eatres. De la plus traditionnelle \u00e0 la plus moderne, de la plus petite \u00e0 la plus imposante, elles sont mises en lumi\u00e8re \u00e0 la tomb\u00e9e de la nuit, enveloppant le village d\u2019une atmosph\u00e8re chaleureuse.<\/p>\n<p>  \u00c0 Hauenstein<\/p>\n<p>Le march\u00e9 de No\u00ebl de Hauenstein, au c\u0153ur de la <a href=\"https:\/\/www.dna.fr\/environnement\/2023\/11\/04\/reserve-de-biosphere-des-vosges-du-nord-le-lynx-qui-cachait-la-foret\" target=\"_blank\" rel=\"noopener\">for\u00eat du Palatinat<\/a> pr\u00e8s de Dahn, invitera \u00e0 fl\u00e2ner le deuxi\u00e8me week-end de l\u2019avent, vendredi de 18\u00a0h \u00e0\u00a023\u00a0h, samedi de 14\u00a0h \u00e0 23\u00a0h et dimanche de 11\u00a0h \u00e0 18\u00a0h.<\/p>\n<p>\u00c0 ne pas manquer, le concert du ch\u0153ur Ex-semble, un des meilleurs d\u2019Allemagne, donn\u00e9 le dimanche \u00e0 18\u00a0h\u00a030 dans l\u2019\u00e9glise Saint-Barth\u00e9lemy.<\/p>\n<p>  Au ch\u00e2teau de Landeck \u00e0 Klingenm\u00fcnster<\/p>\n<p>Au nord de Bad Bergzabern, <a href=\"https:\/\/www.dna.fr\/culture-loisirs\/2023\/09\/13\/les-randonneurs-au-chateau-du-landeck\" target=\"_blank\" rel=\"noopener\">le ch\u00e2teau de Landeck<\/a> \u00e0 Klingenm\u00fcnster ouvrira ses portes le troisi\u00e8me week-end de l\u2019avent pour un <a href=\"https:\/\/www.dna.fr\/culture-loisirs\/2024\/12\/07\/les-associations-au-coeur-du-marche-medieval-de-ribeauville\" target=\"_blank\" rel=\"noopener\">march\u00e9 de No\u00ebl m\u00e9di\u00e9val<\/a>, vendredi de 17\u00a0h \u00e0 20\u00a0h, samedi de 12\u00a0h \u00e0 20\u00a0h et dimanche de 10\u00a0h \u00e0 18\u00a0h. Artisanat, musique, gourmandises et parfums de vin chaud, d\u2019hydromel et de punch pour enfants empliront les lieux. Les enfants y trouveront des accessoires de chevalier, et saint Nicolas distribuera de petits cadeaux les deux jours \u00e0 16\u00a0h\u00a030 avant une animation musicale d\u00e8s 17\u00a0h\u00a030.<\/p>\n<p>  Dans les villages viticoles<\/p>\n<p>Le \u00ab\u00a0Birkweiler Weinwinter\u00a0\u00bb, \u00e0 l\u2019ouest de Landau, se tiendra le deuxi\u00e8me week-end de l\u2019avent (vendredi de 17\u00a0h \u00e0 21\u00a0h, samedi de 14\u00a0h \u00e0 21\u00a0h et dimanche de 11\u00a0h \u00e0 18\u00a0h) et transformera ce village viticole en un oc\u00e9an de lumi\u00e8res.<\/p>\n<p>Six domaines ouvriront leurs cours et leurs caves pour proposer d\u00e9gustations de vins et plaisirs gastronomiques. Une ambiance que l\u2019on pourra \u00e9galement retrouver \u00e0 Rhodt unter Rietburg pr\u00e8s d\u2019Edesheim du 6 au 7 et du 13 au 14 d\u00e9cembre. Ou encore durant le troisi\u00e8me week-end de l\u2019avent, (samedi de 15\u00a0h \u00e0 21\u00a0h et dimanche de 13\u00a0h \u00e0 19\u00a0h), \u00e0 Ilbesheim au sud de Landau. Les vignerons accueilleront les visiteurs autour de feux de camp et \u00e0 la lueur des bougies, avec gaufres, Stollen et d\u00e9gustations de vins.<\/p>\n<p>  \u00c0 Karlsruhe<\/p>\n<p>\u00c0 Karlsruhe, le march\u00e9 de No\u00ebl est install\u00e9 jusqu\u2019au 23\u00a0d\u00e9cembre de 11\u00a0h \u00e0 21\u00a0h, les vendredis et samedis de 11\u00a0h \u00e0 22\u00a0h, sur les Marktplatz et Friedrichsplatz. La\u00a0Kirchplatz St. Stephan est d\u00e9di\u00e9e aux enfants avec un programme d\u2019animations adapt\u00e9 et un train \u00e0 vapeur au milieu de paysages de contes. Une patinoire est install\u00e9e devant le ch\u00e2teau\u00a0: elle est ouverte tous les jours de 10\u00a0h \u00e0 22\u00a0h jusqu\u2019au 25\u00a0janvier et dispose de ses propres animations.<\/p>\n<p>  \u00c0 Rastatt<\/p>\n<p>\u00c0 Rastatt, le march\u00e9 de No\u00ebl a lieu sur la Marktplatz jusqu\u2019au 23\u00a0d\u00e9cembre, de 11\u00a0h \u00e0 20\u00a0h et les vendredis et samedis de 11\u00a0h \u00e0 21\u00a0h.<\/p>\n","protected":false},"excerpt":{"rendered":"\u00c0 Bad Bergzabern Le march\u00e9 de No\u00ebl Karolinenmarkt s\u2019installera les deuxi\u00e8me et troisi\u00e8me week-ends de l\u2019avent (vendredi\u00a0de 15\u00a0h&hellip;\n","protected":false},"author":2,"featured_media":559316,"comment_status":"","ping_status":"","sticky":false,"template":"","format":"standard","meta":{"footnotes":""},"categories":[1587],"tags":[11,672,1804,1687,1805,1803,4877,1777,674,3326,107,329,1801,2089,12,15830,1802,1806,4876],"class_list":{"0":"post-559315","1":"post","2":"type-post","3":"status-publish","4":"format-standard","5":"has-post-thumbnail","7":"category-allemagne","8":"tag-actualites","9":"tag-allemagne","10":"tag-bundesrepublik-deutschland","11":"tag-culture-loisirs","12":"tag-de","13":"tag-deutschland","14":"tag-edition-haguenau-wissembourg","15":"tag-eu","16":"tag-europe","17":"tag-fete-locale","18":"tag-fil-info","19":"tag-france-monde","20":"tag-germany","21":"tag-marche","22":"tag-news","23":"tag-noel","24":"tag-republique-federale-dallemagne","25":"tag-rheinblick","26":"tag-secteur-de-wissembourg"},"share_on_mastodon":{"url":"https:\/\/pubeurope.com\/@fr\/115614528624379518","error":""},"_links":{"self":[{"href":"https:\/\/www.europesays.com\/fr\/wp-json\/wp\/v2\/posts\/559315","targetHints":{"allow":["GET"]}}],"collection":[{"href":"https:\/\/www.europesays.com\/fr\/wp-json\/wp\/v2\/posts"}],"about":[{"href":"https:\/\/www.europesays.com\/fr\/wp-json\/wp\/v2\/types\/post"}],"author":[{"embeddable":true,"href":"https:\/\/www.europesays.com\/fr\/wp-json\/wp\/v2\/users\/2"}],"replies":[{"embeddable":true,"href":"https:\/\/www.europesays.com\/fr\/wp-json\/wp\/v2\/comments?post=559315"}],"version-history":[{"count":0,"href":"https:\/\/www.europesays.com\/fr\/wp-json\/wp\/v2\/posts\/559315\/revisions"}],"wp:featuredmedia":[{"embeddable":true,"href":"https:\/\/www.europesays.com\/fr\/wp-json\/wp\/v2\/media\/559316"}],"wp:attachment":[{"href":"https:\/\/www.europesays.com\/fr\/wp-json\/wp\/v2\/media?parent=559315"}],"wp:term":[{"taxonomy":"category","embeddable":true,"href":"https:\/\/www.europesays.com\/fr\/wp-json\/wp\/v2\/categories?post=559315"},{"taxonomy":"post_tag","embeddable":true,"href":"https:\/\/www.europesays.com\/fr\/wp-json\/wp\/v2\/tags?post=559315"}],"curies":[{"name":"wp","href":"https:\/\/api.w.org\/{rel}","templated":true}]}}