{"id":559319,"date":"2025-11-26T06:15:15","date_gmt":"2025-11-26T06:15:15","guid":{"rendered":"https:\/\/www.europesays.com\/fr\/559319\/"},"modified":"2025-11-26T06:15:15","modified_gmt":"2025-11-26T06:15:15","slug":"internet-est-une-jungle-pour-nos-enfants-lunion-europeenne-veut-legiferer-lacces-des-plus-jeunes-aux-reseaux-sociaux","status":"publish","type":"post","link":"https:\/\/www.europesays.com\/fr\/559319\/","title":{"rendered":"Internet est une jungle pour nos enfants : l\u2019Union europ\u00e9enne veut l\u00e9gif\u00e9rer l&rsquo;acc\u00e8s des plus jeunes aux r\u00e9seaux sociaux"},"content":{"rendered":"<p>Mais <a href=\"https:\/\/www.rtbf.be\/article\/interdire-les-reseaux-sociaux-en-dessous-de-15-ans-dans-toute-l-europe-le-premier-frein-est-politique-11551536\" target=\"_blank\" rel=\"noopener\">cette id\u00e9e d\u2019un contr\u00f4le obligatoire de l\u2019\u00e2ge ne fait pas l\u2019unanimit\u00e9.<\/a> <\/p>\n<p>Saskia Bricmont, eurod\u00e9put\u00e9 du groupe des Verts se montre prudente : \u00ab\u00a0Dans un monde id\u00e9al, tout ce qui est interdit dans la vraie vie est interdit en ligne. C\u2019est-\u00e0-dire que tant les mineurs que les adultes doivent \u00eatre prot\u00e9g\u00e9s face aux publicit\u00e9s abusives, aux paroles haineuses, sexistes ou misogynes, ou encore des propos qui poussent au suicide\u2026\u00a0\u00bb, argumente l\u2019\u00e9lue Ecolo. <\/p>\n<p>Elle redoute qu\u2019un simple bannissement des mineurs des r\u00e9seaux sociaux serve d\u2019alibi et fasse oublier le besoin urgent de r\u00e9guler les plateformes elles-m\u00eames. Un risque renforc\u00e9 selon elle, par le lobby muscl\u00e9 des g\u00e9ants du num\u00e9rique, soutenus par les Etats-Unis, pour affaiblir la r\u00e9glementation europ\u00e9enne en mati\u00e8re de num\u00e9rique.<\/p>\n<p>Le paradoxe, c\u2019est que plusieurs de ces plateformes poussent aujourd\u2019hui pour instaurer une v\u00e9rification obligatoire de l\u2019\u00e2ge des utilisateurs. <\/p>\n<p>Saskia Bricmont y voit une illustration du mod\u00e8le \u00e9conomique de ces plateformes bas\u00e9 sur la quantit\u00e9 de donn\u00e9es collect\u00e9e :\u00a0\u00ab\u00a0Elles lorgnent sur les donn\u00e9es biom\u00e9triques, de reconnaissance faciale, de partage de donn\u00e9es des jeunes qu\u2019elles pourraient utiliser\u00a0\u00bb met en garde l\u2019eurod\u00e9put\u00e9e Ecolo.<\/p>\n","protected":false},"excerpt":{"rendered":"Mais cette id\u00e9e d\u2019un contr\u00f4le obligatoire de l\u2019\u00e2ge ne fait pas l\u2019unanimit\u00e9. Saskia Bricmont, eurod\u00e9put\u00e9 du groupe des&hellip;\n","protected":false},"author":2,"featured_media":559320,"comment_status":"","ping_status":"","sticky":false,"template":"","format":"standard","meta":{"footnotes":""},"categories":[1586],"tags":[11,1777,674,1779,1011,27,12,25,1778,364],"class_list":{"0":"post-559319","1":"post","2":"type-post","3":"status-publish","4":"format-standard","5":"has-post-thumbnail","7":"category-europe","8":"tag-actualites","9":"tag-eu","10":"tag-europe","11":"tag-european-union","12":"tag-fr","13":"tag-france","14":"tag-news","15":"tag-republique-francaise","16":"tag-ue","17":"tag-union-europeenne"},"share_on_mastodon":{"url":"https:\/\/pubeurope.com\/@fr\/115614536508830611","error":""},"_links":{"self":[{"href":"https:\/\/www.europesays.com\/fr\/wp-json\/wp\/v2\/posts\/559319","targetHints":{"allow":["GET"]}}],"collection":[{"href":"https:\/\/www.europesays.com\/fr\/wp-json\/wp\/v2\/posts"}],"about":[{"href":"https:\/\/www.europesays.com\/fr\/wp-json\/wp\/v2\/types\/post"}],"author":[{"embeddable":true,"href":"https:\/\/www.europesays.com\/fr\/wp-json\/wp\/v2\/users\/2"}],"replies":[{"embeddable":true,"href":"https:\/\/www.europesays.com\/fr\/wp-json\/wp\/v2\/comments?post=559319"}],"version-history":[{"count":0,"href":"https:\/\/www.europesays.com\/fr\/wp-json\/wp\/v2\/posts\/559319\/revisions"}],"wp:featuredmedia":[{"embeddable":true,"href":"https:\/\/www.europesays.com\/fr\/wp-json\/wp\/v2\/media\/559320"}],"wp:attachment":[{"href":"https:\/\/www.europesays.com\/fr\/wp-json\/wp\/v2\/media?parent=559319"}],"wp:term":[{"taxonomy":"category","embeddable":true,"href":"https:\/\/www.europesays.com\/fr\/wp-json\/wp\/v2\/categories?post=559319"},{"taxonomy":"post_tag","embeddable":true,"href":"https:\/\/www.europesays.com\/fr\/wp-json\/wp\/v2\/tags?post=559319"}],"curies":[{"name":"wp","href":"https:\/\/api.w.org\/{rel}","templated":true}]}}