{"id":559323,"date":"2025-11-26T06:17:13","date_gmt":"2025-11-26T06:17:13","guid":{"rendered":"https:\/\/www.europesays.com\/fr\/559323\/"},"modified":"2025-11-26T06:17:13","modified_gmt":"2025-11-26T06:17:13","slug":"le-gign-juge-ridicule-les-accussation-de-candace-owens-affirmant-que-le-couple-macron-a-commandite-son-assassinat","status":"publish","type":"post","link":"https:\/\/www.europesays.com\/fr\/559323\/","title":{"rendered":"Le GIGN juge \u00ab\u00a0ridicule\u00a0\u00bb les accussation de Candace Owens affirmant que le couple Macron a commandit\u00e9 son assassinat"},"content":{"rendered":"<p>Le message, <a href=\"https:\/\/x.com\/RealCandaceO\/status\/1992117959779590412?s=20\" target=\"_blank\" class=\"c-link c-link--is-underlined\">post\u00e9 sur X<\/a> le 22\u00a0novembre dernier, a \u00e9t\u00e9 vu plus de 42\u00a0millions de fois. La podcasteuse d\u2019extr\u00eame droite Candace Owens, qui propage sur Internet <a href=\"https:\/\/www.20minutes.fr\/societe\/4174177-20250919-brigitte-macron-apportera-preuves-scientifiques-nee-homme-selon-avocat\" class=\"c-link c-link--is-underlined\" target=\"_blank\" rel=\"noopener\">des rumeurs concernant Brigitte Macron<\/a>, assure d\u00e9sormais que le couple pr\u00e9sidentiel a \u00ab\u00a0commandit\u00e9 et financ\u00e9\u00a0\u00bb son assassinat. Elle aurait obtenu l\u2019information par \u00ab\u00a0un haut fonctionnaire du gouvernement fran\u00e7ais\u00a0\u00bb. Le chef de l\u2019Etat et son \u00e9pouse, qui ont <a href=\"https:\/\/www.20minutes.fr\/justice\/4165041-20250723-brigitte-macron-couple-presidentiel-poursuit-influenceuse-americaine-diffamation\" class=\"c-link c-link--is-underlined\" target=\"_blank\" rel=\"noopener\">engag\u00e9 cet \u00e9t\u00e9 des poursuites contre l\u2019influenceuse<\/a> am\u00e9ricaine, auraient confi\u00e9 la mission \u00e0 \u00ab\u00a0une petite \u00e9quipe du <a href=\"https:\/\/www.20minutes.fr\/dossier\/gign\" class=\"c-link c-link--is-underlined\" target=\"_blank\" rel=\"noopener\">GIGN<\/a>\u00a0\u00bb. Un Isra\u00e9lien ferait m\u00eame partie du commando dont les plans \u00e9taient \u00ab\u00a0formalis\u00e9s\u00a0\u00bb. Sa source lui aurait aussi confi\u00e9 que l\u2019assassin de <a href=\"https:\/\/www.20minutes.fr\/monde\/etats-unis\/4179390-20251015-etats-unis-trump-decore-titre-posthume-influenceur-assassine-charlie-kirk\" class=\"c-link c-link--is-underlined\" target=\"_blank\" rel=\"noopener\">Charlie Kirk<\/a>, Tyler Robinson, \u00ab\u00a0s\u2019est entra\u00een\u00e9 avec la 13e brigade de la L\u00e9gion fran\u00e7aise\u00a0\u00bb.<\/p>\n<blockquote class=\"twitter-tweet\" align=\"center\" data-lang=\"fr_FR\">\n<p lang=\"en\" dir=\"ltr\">\ud83d\udea8 URGENT<br \/>Two days ago I was contacted by a high-ranking employee of the French Government. After determining this person\u2019s position and proximity to the French couple, I have deemed the information they gave me to be credible enough to share publicly in the event that something\u2026<\/p>\n<p>\u2014 Candace Owens (@RealCandaceO) <a href=\"https:\/\/twitter.com\/RealCandaceO\/status\/1992117959779590412?ref_src=twsrc%5Etfw\" target=\"_blank\" rel=\"noopener\">November 22, 2025<\/a><\/p><\/blockquote>\n<p class=\"mb-xxl@xs color-ultramarine font-weight-semi-bold@xs font-source-serif-pro heading-s@xs\">L\u2019acc\u00e8s \u00e0 ce contenu a \u00e9t\u00e9 bloqu\u00e9 afin de respecter votre choix de consentement<\/p>\n<p class=\"mb-m@xs text-l@xs\">En cliquant sur\u00ab J\u2019accepte \u00bb, vous acceptez le d\u00e9p\u00f4t de cookies par des services externes et aurez ainsi acc\u00e8s aux contenus de nos partenaires.<\/p>\n<p class=\"mb-xl@xs text-s@xs\">Plus d\u2019informations sur la page<a href=\"https:\/\/www.20minutes.fr\/gestion-cookies\" class=\"mx-xxs@xs color-ultramarine\" target=\"_blank\" rel=\"noopener\">Politique de gestion des cookies<\/a><\/p>\n<p>J\u2019accepte<\/p>\n<p>Dans les rangs de l\u2019unit\u00e9 d\u2019intervention de la gendarmerie nationale, beaucoup ont rigol\u00e9 en d\u00e9couvrant ce message et leur suppos\u00e9e implication dans cette \u00e9trange mission. \u00ab\u00a0On \u00e9tait oblig\u00e9 de rire parce que c\u2019\u00e9tait \u00e9norme quand m\u00eame\u00a0! C\u2019est ridicule. Le probl\u00e8me, c\u2019est que des gens peuvent y croire\u00a0\u00bb, explique \u00e0 20 Minutes une source proche du dossier. \u00ab\u00a0Il faut savoir que cela ne correspond pas du tout \u00e0 un emploi qui pourrait \u00eatre fait par le GIGN, m\u00eame sur des actions pilot\u00e9es par l\u2019Etat. On est une force de s\u00e9curit\u00e9 int\u00e9rieure, rien de plus que \u00e7a. On a un cadre d\u2019action, un contrat op\u00e9rationnel. Et \u00e7a ne fait absolument pas partie de ce qui pourrait \u00eatre demand\u00e9 au GIGN\u00a0\u00bb, poursuit notre interlocuteur.<\/p>\n<p>\u00ab\u00a0Une unit\u00e9 connue \u00e0 l\u2019international\u00a0\u00bb<\/p>\n<p>Si le gouvernement fran\u00e7ais avait vraiment foment\u00e9 un complot visant \u00e0 tuer une podcasteuse am\u00e9ricaine, il se serait davantage tourn\u00e9 vers un service comme la <a href=\"https:\/\/www.20minutes.fr\/societe\/3040903-20210515-renseignement-monter-bonne-legende-ca-prend-an-ancien-espion-dgse-raconte-vie-agents-secrets\" class=\"c-link c-link--is-underlined\" target=\"_blank\" rel=\"noopener\">DGSE, habitu\u00e9 \u00e0 op\u00e9rer clandestinement<\/a>. Selon notre source, Candace Owens a parl\u00e9 du GIGN \u00ab\u00a0parce qu\u2019on est une unit\u00e9 connue m\u00eame \u00e0 l\u2019international\u00a0\u00bb. \u00ab\u00a0C\u2019est une unit\u00e9 tr\u00e8s suivie. Quand on parle du GIGN sur les r\u00e9seaux sociaux, \u00e7a g\u00e9n\u00e8re des likes, des partages.\u00a0\u00bb Toujours selon ce bon connaisseur de l\u2019unit\u00e9 d\u2019\u00e9lite de la gendarmerie, le GIGN n\u2019a plus \u00ab\u00a0de contact, d\u2019\u00e9change\u00a0\u00bb, avec Isra\u00ebl depuis plusieurs mois et l\u2019intensification du <a href=\"https:\/\/www.20minutes.fr\/monde\/conflit_israelo-palestinien\/\" class=\"c-link c-link--is-underlined\" target=\"_blank\" rel=\"noopener\">conflit isra\u00e9lo-palestinien<\/a>. \u00ab\u00a0On \u00e9tait sur du partage d\u2019information, des choses comme \u00e7a, mais \u00e7a n\u2019a jamais \u00e9t\u00e9 au-del\u00e0.\u00a0\u00bb<\/p>\n<\/p>\n<p>Candace Owens \u00e9crit, dans <a href=\"https:\/\/x.com\/RealCandaceO\/status\/1992628129572307017\" target=\"_blank\" class=\"c-link c-link--is-underlined\">un autre message post\u00e9 sur X<\/a> le 23\u00a0novembre, que \u00ab\u00a0ce n\u2019est pas un hasard si les l\u00e9gionnaires fran\u00e7ais se sont entra\u00een\u00e9s pendant trois semaines aux <a href=\"https:\/\/www.20minutes.fr\/monde\/etats-unis\/\" class=\"c-link c-link--is-underlined\" target=\"_blank\" rel=\"noopener\">\u00c9tats-Unis<\/a>\u00a0\u00bb avec des Marines am\u00e9ricains. \u00ab\u00a0Une fois ces trois semaines en Californie termin\u00e9es, un autre exercice d\u2019entra\u00eenement militaire a d\u00e9but\u00e9 aux c\u00f4t\u00e9s de civils au camp Riley, dans le Minnesota. Des l\u00e9gionnaires fran\u00e7ais ont particip\u00e9 \u00e0 <a href=\"https:\/\/www.20minutes.fr\/monde\/etats-unis\/4173517-20250916-assassinat-charlie-kirk-tireur-officiellement-inculpe-procureur-va-reclamer-peine-mort\" class=\"c-link c-link--is-underlined\" target=\"_blank\" rel=\"noopener\">l\u2019assassinat de Charlie Kirk<\/a>\u00a0\u00bb, un militant am\u00e9ricain ultraconservateur. \u00ab\u00a0Ils n\u2019\u00e9taient pas les seuls, mais ils y ont particip\u00e9.\u00a0\u00bb<\/p>\n<p>La L\u00e9gion \u00e9trang\u00e8re d\u00e9ment son implication<\/p>\n<p>\u00ab\u00a0Il n\u2019y a pas eu d\u2019entra\u00eenement de la L\u00e9gion \u00e9trang\u00e8re au camp Riley dans le Minnesota entre le 25\u00a0ao\u00fbt 2025 et le 10\u00a0septembre 2025\u00a0\u00bb, indique le centre m\u00e9dias du minist\u00e8re des Arm\u00e9es et des Anciens combattants, contact\u00e9 par 20 Minutes. \u00ab\u00a0Tyler Robinson n\u2019a jamais fait partie des effectifs de la L\u00e9gion \u00e9trang\u00e8re. S\u2019il n\u2019a pas servi dans une unit\u00e9 militaire am\u00e9ricaine, il ne peut pas avoir \u00e9t\u00e9 amen\u00e9 \u00e0 s\u2019entra\u00eener avec la <a href=\"https:\/\/www.20minutes.fr\/dossier\/legion_etrangere\" class=\"c-link c-link--is-underlined\" target=\"_blank\" rel=\"noopener\">L\u00e9gion \u00e9trang\u00e8re<\/a> fran\u00e7aise\u00a0\u00bb, pr\u00e9cise-t-il.<\/p>\n<p>Sorti brillamment du lyc\u00e9e en\u00a02021, <a href=\"https:\/\/www.20minutes.fr\/monde\/etats-unis\/4172803-20250912-assassinat-charlie-kirk-radicalise-politiquement-messages-antifascistes-sait-tyler-robinson\" class=\"c-link c-link--is-underlined\" target=\"_blank\" rel=\"noopener\">Tyler Robinson<\/a> a bri\u00e8vement \u00e9tudi\u00e9 \u00e0 l\u2019universit\u00e9 dans l\u2019Utah, avant de bifurquer vers un programme d\u2019apprentissage en \u00e9lectricit\u00e9 dans un \u00e9tablissement technique pr\u00e8s de chez lui, le Dixie Technical College. Les m\u00e9dias am\u00e9ricains n\u2019ont jamais \u00e9voqu\u00e9 son passage dans l\u2019arm\u00e9e.<\/p>\n<p><script async src=\"https:\/\/platform.twitter.com\/widgets.js\" charset=\"utf-8\"><\/script><\/p>\n","protected":false},"excerpt":{"rendered":"Le message, post\u00e9 sur X le 22\u00a0novembre dernier, a \u00e9t\u00e9 vu plus de 42\u00a0millions de fois. La podcasteuse&hellip;\n","protected":false},"author":2,"featured_media":559324,"comment_status":"","ping_status":"","sticky":false,"template":"","format":"standard","meta":{"footnotes":""},"categories":[2],"tags":[47,11,986,16952,1073,73,842,1011,27,3381,23105,41198,12,25,104,37274],"class_list":{"0":"post-559323","1":"post","2":"type-post","3":"status-publish","4":"format-standard","5":"has-post-thumbnail","7":"category-actualites","8":"tag-actualite","9":"tag-actualites","10":"tag-brigitte-macron","11":"tag-complot","12":"tag-emmanuel-macron","13":"tag-etats-unis","14":"tag-fake-news","15":"tag-fr","16":"tag-france","17":"tag-gendarmerie","18":"tag-gign","19":"tag-legion-etrangere","20":"tag-news","21":"tag-republique-francaise","22":"tag-societe","23":"tag-theorie-du-complot"},"share_on_mastodon":{"url":"https:\/\/pubeurope.com\/@fr\/115614544310201860","error":""},"_links":{"self":[{"href":"https:\/\/www.europesays.com\/fr\/wp-json\/wp\/v2\/posts\/559323","targetHints":{"allow":["GET"]}}],"collection":[{"href":"https:\/\/www.europesays.com\/fr\/wp-json\/wp\/v2\/posts"}],"about":[{"href":"https:\/\/www.europesays.com\/fr\/wp-json\/wp\/v2\/types\/post"}],"author":[{"embeddable":true,"href":"https:\/\/www.europesays.com\/fr\/wp-json\/wp\/v2\/users\/2"}],"replies":[{"embeddable":true,"href":"https:\/\/www.europesays.com\/fr\/wp-json\/wp\/v2\/comments?post=559323"}],"version-history":[{"count":0,"href":"https:\/\/www.europesays.com\/fr\/wp-json\/wp\/v2\/posts\/559323\/revisions"}],"wp:featuredmedia":[{"embeddable":true,"href":"https:\/\/www.europesays.com\/fr\/wp-json\/wp\/v2\/media\/559324"}],"wp:attachment":[{"href":"https:\/\/www.europesays.com\/fr\/wp-json\/wp\/v2\/media?parent=559323"}],"wp:term":[{"taxonomy":"category","embeddable":true,"href":"https:\/\/www.europesays.com\/fr\/wp-json\/wp\/v2\/categories?post=559323"},{"taxonomy":"post_tag","embeddable":true,"href":"https:\/\/www.europesays.com\/fr\/wp-json\/wp\/v2\/tags?post=559323"}],"curies":[{"name":"wp","href":"https:\/\/api.w.org\/{rel}","templated":true}]}}