{"id":559339,"date":"2025-11-26T06:32:21","date_gmt":"2025-11-26T06:32:21","guid":{"rendered":"https:\/\/www.europesays.com\/fr\/559339\/"},"modified":"2025-11-26T06:32:21","modified_gmt":"2025-11-26T06:32:21","slug":"orelsan-repond-a-mbappe","status":"publish","type":"post","link":"https:\/\/www.europesays.com\/fr\/559339\/","title":{"rendered":"Orelsan r\u00e9pond \u00e0 Mbapp\u00e9"},"content":{"rendered":"<p itemprop=\"description\"><strong>Toujours avec humour, Orelsan est revenu sur la fameuse \u00ab\u00a0pol\u00e9mique\u00a0\u00bb qui l&rsquo;a oppos\u00e9 \u00e0 Kylian Mbapp\u00e9 apr\u00e8s la sortie de son album \u00ab\u00a0La Fuite en avant\u00a0\u00bb.<\/strong><\/p>\n<p>Apr\u00e8s 4 ans d&rsquo;absence, <strong>Orelsan a fait un retour gagnant dans les charts avec la sortie de son album \u00ab\u00a0La Fuite en avant\u00a0\u00bb<\/strong>, au d\u00e9but du mois de novembre. Un album qui signe<a href=\"https:\/\/generations.fr\/news\/coulisse\/80600\/damso-orelsan-jul-decouvrez-le-top-10-des-meilleures-premieres-semaines-du-rap-francais-en-2025\" target=\"_blank\" rel=\"noopener\"> la deuxi\u00e8me meilleure premi\u00e8re semaine du rap fran\u00e7ais en 2025<\/a>, et qui a <a href=\"https:\/\/generations.fr\/news\/coulisse\/80583\/orelsan-prend-la-parole-sur-son-clash-avec-kylian-mbappe-une-incomprehension\" target=\"_blank\" rel=\"noopener\"><strong>b\u00e9n\u00e9fici\u00e9 d&rsquo;un coup de publicit\u00e9 gratuite, et inattendue, de la part de Kylian Mbapp\u00e9<\/strong><\/a> qui a <strong>clash\u00e9 assez fort le rappeur de Caen sur les r\u00e9seaux sociaux<\/strong>. Apr\u00e8s \u00eatre revenu une premi\u00e8re fois sur cette \u00ab\u00a0pol\u00e9mique\u00a0\u00bb, <strong>Orel a remis le couvert, cette fois avec humour.<\/strong><\/p>\n<p>On le sait, <strong>malgr\u00e9 son air nonchalant et l&rsquo;impression qu&rsquo;il renvoie en mode \u00ab\u00a0je m&rsquo;en fous de tout\u00a0\u00bb, <a href=\"https:\/\/generations.fr\/news\/musique\/80596\/orelsan-se-hisse-directement-a-la-1-place-avec-la-fuite-en-avant\" target=\"_blank\" rel=\"noopener\">Orelsan<\/a> est tr\u00e8s impliqu\u00e9 dans ses projets<\/strong>, et par la mani\u00e8re dont ils sont re\u00e7us par les fans. On se doute donc qu&rsquo;il a quand m\u00eame \u00e9t\u00e9 un peu surpris par l&rsquo;ampleur de la pol\u00e9mique avec Mbapp\u00e9, et il a choisi d&rsquo;y r\u00e9pondre \u00e0 nouveau, dans <strong>une longue vid\u00e9o explicative dans laquelle il d\u00e9voile les coulisses de la cr\u00e9ation de son film \u00ab\u00a0Yoro\u00ef\u00a0\u00bb, et de son album \u00ab\u00a0La Fuite en avant\u00a0\u00bb<\/strong>.\u00a0<\/p>\n<blockquote><p>&#13;<\/p>\n<p><strong>J&rsquo;ai remarqu\u00e9 qu&rsquo;il y en avait qui n&rsquo;avaient pas exactement bien compris et je vise personne en particulier.<\/strong><\/p>\n<p>&#13;\n<\/p><\/blockquote>\n<blockquote class=\"twitter-tweet\"><p>&#13;<\/p>\n<p dir=\"ltr\" lang=\"fr\">Comment on a construit la Fuite en avant \/ Yoro\u00ef. (La soluce) <a href=\"https:\/\/t.co\/SXUWExfDfD\">pic.twitter.com\/SXUWExfDfD<\/a><\/p>\n<p>&#13;<br \/>\n\u2014 OrelSan (@Orel_san) <a href=\"https:\/\/twitter.com\/Orel_san\/status\/1991901726337855522?ref_src=twsrc%5Etfw\" target=\"_blank\" rel=\"noopener\">November 21, 2025<\/a><\/p><\/blockquote>\n<p><strong>Alors que le rappeur prononce cette phrase, on voit passer rapidement une photo de Kylian Mbapp\u00e9 accroch\u00e9e au mur.<\/strong> Visiblement, en effet, Kyky2Bondy n&rsquo;a rien compris au morceau \u00ab\u00a0La Petite Voix\u00a0\u00bb pendant lequel son nom est cit\u00e9. <strong>Un titre avec lequel Orelsan se met dans la peau d&rsquo;un hater du rappeur qui l&rsquo;attaque fort<\/strong>, et dans lequel il dit \u00ab\u00a0tu vas faire couler ta ville comme les Mbapp\u00e9\u00a0\u00bb. Il revient d&rsquo;ailleurs plus tard dans la vid\u00e9o sur le morceau, en d\u00e9clarant :<\/p>\n<blockquote><p>&#13;<\/p>\n<p>Nouvel avertissement : <strong>ce que dit la petite voix n&rsquo;est donc pas mon avis. M\u00eame si nous sommes actuellement dixi\u00e8me du championnat de national, et qu&rsquo;on a r\u00e9cemment \u00e9t\u00e9 \u00e9limin\u00e9s en coupe de France par l&rsquo;\u00e9quipe de Bayeux.\u00a0<\/strong><\/p>\n<p>&#13;\n<\/p><\/blockquote>\n<p>Un bon tacle bien senti, le message doit \u00eatre pass\u00e9 maintenant !<\/p>\n<p>\u00a0<\/p>\n<p>\t\t\t\t\t\t\t\t\t\t\t\t\t\t\t\t\t\t\t<script async src=\"https:\/\/platform.twitter.com\/widgets.js\" charset=\"utf-8\"><\/script><\/p>\n","protected":false},"excerpt":{"rendered":"Toujours avec humour, Orelsan est revenu sur la fameuse \u00ab\u00a0pol\u00e9mique\u00a0\u00bb qui l&rsquo;a oppos\u00e9 \u00e0 Kylian Mbapp\u00e9 apr\u00e8s la&hellip;\n","protected":false},"author":2,"featured_media":559340,"comment_status":"","ping_status":"","sticky":false,"template":"","format":"standard","meta":{"footnotes":""},"categories":[1355],"tags":[1111,67642,11,2163,58,59,1011,27,3612,3620,3606,3607,3605,3608,3617,3615,3609,1922,1361,873,12,2189,3658,1825,67643,3616,3656,67641,3619,3621,3611,3610,2955,3655],"class_list":{"0":"post-559339","1":"post","2":"type-post","3":"status-publish","4":"format-standard","5":"has-post-thumbnail","7":"category-musique","8":"tag-actu","9":"tag-actu-rap","10":"tag-actualites","11":"tag-chroniques","12":"tag-divertissement","13":"tag-entertainment","14":"tag-fr","15":"tag-france","16":"tag-freestyles","17":"tag-funk","18":"tag-generation","19":"tag-generation88-2","20":"tag-generations","21":"tag-generations88-2","22":"tag-hip-hop","23":"tag-hiphop","24":"tag-hiphopsoul","25":"tag-info","26":"tag-music","27":"tag-musique","28":"tag-news","29":"tag-photos","30":"tag-playlist","31":"tag-radio","32":"tag-radio-rap","33":"tag-rap","34":"tag-rapfr","35":"tag-rapus","36":"tag-reggae","37":"tag-rnb","38":"tag-sons","39":"tag-soul","40":"tag-videos","41":"tag-webradio"},"share_on_mastodon":{"url":"https:\/\/pubeurope.com\/@fr\/115614603357884208","error":""},"_links":{"self":[{"href":"https:\/\/www.europesays.com\/fr\/wp-json\/wp\/v2\/posts\/559339","targetHints":{"allow":["GET"]}}],"collection":[{"href":"https:\/\/www.europesays.com\/fr\/wp-json\/wp\/v2\/posts"}],"about":[{"href":"https:\/\/www.europesays.com\/fr\/wp-json\/wp\/v2\/types\/post"}],"author":[{"embeddable":true,"href":"https:\/\/www.europesays.com\/fr\/wp-json\/wp\/v2\/users\/2"}],"replies":[{"embeddable":true,"href":"https:\/\/www.europesays.com\/fr\/wp-json\/wp\/v2\/comments?post=559339"}],"version-history":[{"count":0,"href":"https:\/\/www.europesays.com\/fr\/wp-json\/wp\/v2\/posts\/559339\/revisions"}],"wp:featuredmedia":[{"embeddable":true,"href":"https:\/\/www.europesays.com\/fr\/wp-json\/wp\/v2\/media\/559340"}],"wp:attachment":[{"href":"https:\/\/www.europesays.com\/fr\/wp-json\/wp\/v2\/media?parent=559339"}],"wp:term":[{"taxonomy":"category","embeddable":true,"href":"https:\/\/www.europesays.com\/fr\/wp-json\/wp\/v2\/categories?post=559339"},{"taxonomy":"post_tag","embeddable":true,"href":"https:\/\/www.europesays.com\/fr\/wp-json\/wp\/v2\/tags?post=559339"}],"curies":[{"name":"wp","href":"https:\/\/api.w.org\/{rel}","templated":true}]}}