{"id":559350,"date":"2025-11-26T06:38:13","date_gmt":"2025-11-26T06:38:13","guid":{"rendered":"https:\/\/www.europesays.com\/fr\/559350\/"},"modified":"2025-11-26T06:38:13","modified_gmt":"2025-11-26T06:38:13","slug":"vous-ne-lavez-pas-recu-voici-les-etapes-a-suivre","status":"publish","type":"post","link":"https:\/\/www.europesays.com\/fr\/559350\/","title":{"rendered":"vous ne l\u2019avez pas re\u00e7u ? Voici les \u00e9tapes \u00e0 suivre"},"content":{"rendered":"<p>Le ch\u00e8que \u00e9nergie 2025 est une aide de l\u2019\u00c9tat comprise entre 48 et 277 euros selon les revenus et la composition du foyer. Attribu\u00e9 automatiquement jusqu\u2019en 2023 gr\u00e2ce aux donn\u00e9es de la taxe d\u2019habitation, il ne l\u2019est plus depuis que cet imp\u00f4t a disparu. Cette ann\u00e9e, pr\u00e8s d\u20191,5 million de foyers risquent d\u2019\u00eatre oubli\u00e9s. Pourtant, ils peuvent encore r\u00e9clamer leur ch\u00e8que \u00e9nergie avant la date limite.<\/p>\n<p><strong>Une nouvelle m\u00e9thode d\u2019attribution en 2025<\/strong><\/p>\n<p>En 2025, seuls 3,8 millions de foyers ont \u00e9t\u00e9 identifi\u00e9s automatiquement par l\u2019administration fiscale, contre 5,6 millions en 2023. Cette baisse s\u2019explique par la fin de la taxe d\u2019habitation, qui permettait auparavant de croiser les donn\u00e9es fiscales et d\u2019attribuer l\u2019aide. D\u00e9sormais, de nombreux foyers modestes doivent v\u00e9rifier eux-m\u00eames s\u2019ils sont \u00e9ligibles, puis effectuer une demande manuelle.<\/p>\n<p><strong>Un envoi progressif selon les d\u00e9partements<\/strong><\/p>\n<p>Les ch\u00e8ques \u00e9nergie sont envoy\u00e9s par vagues, selon le d\u00e9partement de r\u00e9sidence. La campagne d\u2019envoi a d\u00e9but\u00e9 le 3 novembre et s\u2019\u00e9tale jusqu\u2019\u00e0 fin novembre. Il faut \u00e9galement compter un d\u00e9lai postal de deux \u00e0 quatre jours. Dans certains territoires, l\u2019aide est donc encore en cours d\u2019acheminement. Avant de faire une r\u00e9clamation, il est conseill\u00e9 de consulter le calendrier d\u00e9partemental et de patienter quelques jours apr\u00e8s la date d\u2019exp\u00e9dition pr\u00e9vue. Retrouvez notre article sur l\u2019<a href=\"https:\/\/www.cesdefrance.fr\/actualite\/exoneration-taxe-fonciere-les-retraites-concernes-en-2026-et-ceux-qui-ne-le-sont-pas\/\" target=\"_blank\" rel=\"noopener\">exon\u00e9ration taxe fonci\u00e8re : les retrait\u00e9s concern\u00e9s en 2026.<\/a><\/p>\n<p><strong>V\u00e9rifiez votre \u00e9ligibilit\u00e9 en cas de doute<\/strong><\/p>\n<p>M\u00eame si vous \u00e9tiez b\u00e9n\u00e9ficiaire les ann\u00e9es pr\u00e9c\u00e9dentes, la situation peut avoir chang\u00e9. Certaines configurations familiales, comme les colocations ou les enfants majeurs d\u00e9clarant leurs revenus seuls mais vivant au domicile, peuvent faire sortir un foyer du dispositif automatique. Pour savoir si vous y avez toujours droit, il faut v\u00e9rifier votre revenu fiscal de r\u00e9f\u00e9rence de 2024, figurant sur l\u2019avis d\u2019imposition 2025. Le simulateur officiel permet aussi de faire cette v\u00e9rification.<\/p>\n<p><strong>Comment faire une demande manuelle<\/strong><\/p>\n<p>Si vous \u00eates \u00e9ligible mais que vous n\u2019avez rien re\u00e7u, il est possible d\u2019en faire la demande jusqu\u2019au 28 f\u00e9vrier 2026. Pour cela, vous devez r\u00e9unir une copie de votre pi\u00e8ce d\u2019identit\u00e9, un justificatif de contrat d\u2019\u00e9lectricit\u00e9 de moins de trois mois (avec votre Point de Livraison) et vos donn\u00e9es fiscales. La d\u00e9marche peut \u00eatre effectu\u00e9e en ligne ou par courrier. Il est important de v\u00e9rifier que vous \u00eates bien sur un site officiel, car des tentatives de fraude ciblent les b\u00e9n\u00e9ficiaires potentiels. Retrouvez \u00e9galement notre article sur les <a href=\"https:\/\/www.cesdefrance.fr\/actualite\/proprietaires-preparez-vous-a-payer-plus-de-1-100-e-de-taxe-fonciere-en-2026\/\" target=\"_blank\" rel=\"noopener\">propri\u00e9taires\u00a0: pr\u00e9parez-vous \u00e0 payer plus de 1 100 \u20ac de taxe fonci\u00e8re en 2026.<\/a><\/p>\n<p>Conclusion<\/p>\n<p>M\u00eame si l\u2019aide n\u2019a pas \u00e9t\u00e9 vers\u00e9e automatiquement, vous pouvez encore l\u2019obtenir si vous remplissez les crit\u00e8res. Il suffit de suivre la proc\u00e9dure avant la date limite et de transmettre les pi\u00e8ces demand\u00e9es. Cette vigilance peut permettre \u00e0 de nombreux foyers de r\u00e9cup\u00e9rer une aide essentielle pour all\u00e9ger leurs factures d\u2019\u00e9nergie cet hiver.<\/p>\n<p>En tant que jeune m\u00e9dia ind\u00e9pendant, CESdeFrance a besoin de votre aide. Soutenez-nous en nous suivant et en nous ajoutant \u00e0 vos favoris sur Google News. Merci !<\/p>\n<p><a href=\"https:\/\/news.google.com\/publications\/CAAqBwgKMNnPrAsw5trEAw?hl=fr&amp;gl=FR&amp;ceid=FR%3Afr\" target=\"_blank\" rel=\"external noopener\">Suivez-nous sur Google News <\/a><\/p>\n","protected":false},"excerpt":{"rendered":"Le ch\u00e8que \u00e9nergie 2025 est une aide de l\u2019\u00c9tat comprise entre 48 et 277 euros selon les revenus&hellip;\n","protected":false},"author":2,"featured_media":559351,"comment_status":"","ping_status":"","sticky":false,"template":"","format":"standard","meta":{"footnotes":""},"categories":[6],"tags":[35,33,34,1011,27],"class_list":{"0":"post-559350","1":"post","2":"type-post","3":"status-publish","4":"format-standard","5":"has-post-thumbnail","7":"category-economie","8":"tag-business","9":"tag-economie","10":"tag-economy","11":"tag-fr","12":"tag-france"},"share_on_mastodon":{"url":"https:\/\/pubeurope.com\/@fr\/115614626906703515","error":""},"_links":{"self":[{"href":"https:\/\/www.europesays.com\/fr\/wp-json\/wp\/v2\/posts\/559350","targetHints":{"allow":["GET"]}}],"collection":[{"href":"https:\/\/www.europesays.com\/fr\/wp-json\/wp\/v2\/posts"}],"about":[{"href":"https:\/\/www.europesays.com\/fr\/wp-json\/wp\/v2\/types\/post"}],"author":[{"embeddable":true,"href":"https:\/\/www.europesays.com\/fr\/wp-json\/wp\/v2\/users\/2"}],"replies":[{"embeddable":true,"href":"https:\/\/www.europesays.com\/fr\/wp-json\/wp\/v2\/comments?post=559350"}],"version-history":[{"count":0,"href":"https:\/\/www.europesays.com\/fr\/wp-json\/wp\/v2\/posts\/559350\/revisions"}],"wp:featuredmedia":[{"embeddable":true,"href":"https:\/\/www.europesays.com\/fr\/wp-json\/wp\/v2\/media\/559351"}],"wp:attachment":[{"href":"https:\/\/www.europesays.com\/fr\/wp-json\/wp\/v2\/media?parent=559350"}],"wp:term":[{"taxonomy":"category","embeddable":true,"href":"https:\/\/www.europesays.com\/fr\/wp-json\/wp\/v2\/categories?post=559350"},{"taxonomy":"post_tag","embeddable":true,"href":"https:\/\/www.europesays.com\/fr\/wp-json\/wp\/v2\/tags?post=559350"}],"curies":[{"name":"wp","href":"https:\/\/api.w.org\/{rel}","templated":true}]}}