{"id":559358,"date":"2025-11-26T06:42:12","date_gmt":"2025-11-26T06:42:12","guid":{"rendered":"https:\/\/www.europesays.com\/fr\/559358\/"},"modified":"2025-11-26T06:42:12","modified_gmt":"2025-11-26T06:42:12","slug":"charlelie-couture-expose-a-la-galerie-bertheas","status":"publish","type":"post","link":"https:\/\/www.europesays.com\/fr\/559358\/","title":{"rendered":"Charl\u00c9lie Couture expose \u00e0 la Galerie Berth\u00e9as"},"content":{"rendered":"<p>Charl\u00c9lie Couture est venu plusieurs fois \u00e0 Saint-Etienne en tant qu\u2019artiste. \u00ab\u00a0J\u2019ai pas mal jou\u00e9 ici\u00a0\u00bb, se souvient-il. Et s\u2019il a pass\u00e9 le week-end dernier en terres st\u00e9phanoises, ce n\u2019\u00e9tait pas pour chanter, mais pour pr\u00e9senter son activit\u00e9 moins connue du grand public\u00a0: les arts plastiques.<\/p>\n<p>Cette discipline est pourtant majeure dans son parcours artistique, d\u00e9di\u00e9 au \u00ab\u00a0multisme\u00a0\u00bb, \u00e0 savoir la recherche de \u00ab\u00a0la fa\u00e7on la mieux adapt\u00e9e pour exprimer ce qu\u2019on a \u00e0 dire artistiquement\u00a0\u00bb.<\/p>\n<p>Dipl\u00f4m\u00e9 des Beaux-Arts, il a fait des centaines d\u2019expositions depuis, jusqu\u2019\u00e0 celle visible actuellement \u00e0 la Galerie Berth\u00e9as, Entre les lignes. \u00ab\u00a0Ceux qui ne me connaissent pas verront que ma d\u00e9marche est s\u00e9rieuse\u00a0\u00bb, affirme-t-il.<\/p>\n<p>  \u00ab\u00a0Ces t\u00f4les racontent aussi mon aventure personnelle\u00a0\u00bb<\/p>\n<p>Jusqu\u2019au 10\u00a0d\u00e9cembre, le public peut d\u00e9couvrir ses gravures, ses photos-po\u00e8mes et ses s\u00e9ries comme Rimbaud d\u2019aujourd\u2019hui (figurant le po\u00e8te \u00e0 l\u2019aune des ann\u00e9es 2000), Silhouettes urbaines ou encore T\u00f4les froiss\u00e9es de nos vies caboss\u00e9es. Cette derni\u00e8re est toujours en cours, symbolisant \u00ab\u00a0les belles am\u00e9ricaines, qui ne sont plus que l\u2019ombre d\u2019elles-m\u00eames, comme le mythe am\u00e9ricain\u00a0\u00bb mais aussi \u00ab\u00a0la course folle de notre soci\u00e9t\u00e9, dans la communication, dans les m\u00e9dias\u00a0\u00bb. Et, plus personnellement, son r\u00e9cent combat, gagn\u00e9, contre la maladie. \u00ab\u00a0Ces t\u00f4les racontent aussi mon aventure personnelle.\u00a0\u00bb<\/p>\n<p>Une aventure riche de \u00ab\u00a0cinq vies\u00a0\u00bb, dont l\u2019une d\u2019elles s\u2019est d\u00e9roul\u00e9e \u00e0 New York, o\u00f9 il a install\u00e9 un atelier et ouvert une galerie au d\u00e9but des ann\u00e9es 2000. \u00ab\u00a0J\u2019ai pass\u00e9 quinze ann\u00e9es l\u00e0-bas, car ici, mon travail de plasticien n\u2019\u00e9tait consid\u00e9r\u00e9 que comme une distraction. J\u2019en souffrais, car c\u2019est une d\u00e9marche \u00e0 part enti\u00e8re.\u00a0\u00bb<\/p>\n<p>  \u00ab\u00a0J\u2019ai \u00e9t\u00e9 plus aim\u00e9 et plus d\u00e9test\u00e9 que ce que je m\u00e9ritais\u00a0\u00bb<\/p>\n<p>R\u00e9duit dans son pays \u00e0 Comme un avion sans aile, Charl\u00c9lie Couture consid\u00e8re que \u00ab\u00a0ma peinture a tu\u00e9 ma chanson, qui a tu\u00e9 ma peinture. J\u2019ai connu une grande notori\u00e9t\u00e9 et je suis alors devenu diff\u00e9rent par rapport au regard des autres. J\u2019ai \u00e9t\u00e9 plus aim\u00e9 et plus d\u00e9test\u00e9 que ce que je m\u00e9ritais. Si je n\u2019avais pas \u00e9t\u00e9 connu comme chanteur, mon travail de peintre aurait \u00e9t\u00e9 pris plus au s\u00e9rieux\u00a0\u00bb.<\/p>\n<p>Les visiteurs de la Galerie Berth\u00e9as pourront se rendre compte ces prochains jours du travail de l\u2019artiste \u00e0 travers plus de 70 \u0153uvres expos\u00e9es, depuis ses jeunes ann\u00e9es \u00e0 aujourd\u2019hui. \u00ab\u00a0Chacune d\u2019entre elles est une proposition, une interpr\u00e9tation du r\u00e9el.\u00a0\u00bb Une r\u00e9flexion sur le monde, aussi, que l\u2019artiste livre volontiers. Et ce m\u00eame si \u00ab\u00a0on n\u2019attend pas \u00e7a d\u2019un chanteur \u00bb. \u00c7a tombe bien, il est bien plus que cela.<\/p>\n<p class=\"note\">L\u2019exposition de Charl\u00c9lie Couture, Entre les lignes, est visible jusqu\u2019au 10\u00a0d\u00e9cembre \u00e0 la Galerie Berth\u00e9as, rue \u00c9tienne-Mimard \u00e0 Saint-Etienne.<\/p>\n<p class=\"insetTitle\">La Galerie Berth\u00e9as lui est enti\u00e8rement d\u00e9di\u00e9e<\/p>\n<p>Marine Hostin, responsable de la galerie st\u00e9phanoise Berth\u00e9as, est tr\u00e8s heureuse de pr\u00e9senter Entre les lignes, l\u2019exposition de Charl\u00e9lie Couture. \u00ab\u00a0Cela fait quelques ann\u00e9es que l\u2019on pr\u00e9sente son \u0153uvre, et nous sommes tr\u00e8s fiers de proposer l\u2019exposition d\u2019un artiste aussi important.\u00a0\u00bb<\/p>\n<p>Jusqu\u2019au 10\u00a0d\u00e9cembre, les plus de 400\u00a0m\u00b2 de la galerie sont exclusivement consacr\u00e9s \u00e0 une production artistique \u00ab\u00a0riche et exceptionnelle. Charl\u00e9lie Couture n\u2019est pas un chanteur devenu artiste peintre, c\u2019est tout le contraire. Et c\u2019est ce que nous voulons faire d\u00e9couvrir aux visiteurs de cette exposition\u00a0\u00bb.<\/p>\n<p>Ces derniers pourront appr\u00e9cier les diff\u00e9rentes \u00e9tapes du parcours du plasticien, de ses d\u00e9buts \u00e0 aujourd\u2019hui, \u00e0 travers des \u0153uvres r\u00e9alis\u00e9es sur diff\u00e9rents supports (papier, toile\u2026) et avec diff\u00e9rentes techniques.<\/p>\n","protected":false},"excerpt":{"rendered":"Charl\u00c9lie Couture est venu plusieurs fois \u00e0 Saint-Etienne en tant qu\u2019artiste. \u00ab\u00a0J\u2019ai pas mal jou\u00e9 ici\u00a0\u00bb, se souvient-il.&hellip;\n","protected":false},"author":2,"featured_media":559359,"comment_status":"","ping_status":"","sticky":false,"template":"","format":"standard","meta":{"footnotes":""},"categories":[9653],"tags":[1111,11,2430,1687,7539,1777,674,2271,1011,27,3367,12,25,4001,7538],"class_list":{"0":"post-559358","1":"post","2":"type-post","3":"status-publish","4":"format-standard","5":"has-post-thumbnail","7":"category-saint-etienne","8":"tag-actu","9":"tag-actualites","10":"tag-auvergne-rhone-alpes","11":"tag-culture-loisirs","12":"tag-edition-loire-sud","13":"tag-eu","14":"tag-europe","15":"tag-exposition-arts-plastiques","16":"tag-fr","17":"tag-france","18":"tag-loire","19":"tag-news","20":"tag-republique-francaise","21":"tag-saint-etienne","22":"tag-saint-etienne-ville"},"share_on_mastodon":{"url":"https:\/\/pubeurope.com\/@fr\/115614642595947350","error":""},"_links":{"self":[{"href":"https:\/\/www.europesays.com\/fr\/wp-json\/wp\/v2\/posts\/559358","targetHints":{"allow":["GET"]}}],"collection":[{"href":"https:\/\/www.europesays.com\/fr\/wp-json\/wp\/v2\/posts"}],"about":[{"href":"https:\/\/www.europesays.com\/fr\/wp-json\/wp\/v2\/types\/post"}],"author":[{"embeddable":true,"href":"https:\/\/www.europesays.com\/fr\/wp-json\/wp\/v2\/users\/2"}],"replies":[{"embeddable":true,"href":"https:\/\/www.europesays.com\/fr\/wp-json\/wp\/v2\/comments?post=559358"}],"version-history":[{"count":0,"href":"https:\/\/www.europesays.com\/fr\/wp-json\/wp\/v2\/posts\/559358\/revisions"}],"wp:featuredmedia":[{"embeddable":true,"href":"https:\/\/www.europesays.com\/fr\/wp-json\/wp\/v2\/media\/559359"}],"wp:attachment":[{"href":"https:\/\/www.europesays.com\/fr\/wp-json\/wp\/v2\/media?parent=559358"}],"wp:term":[{"taxonomy":"category","embeddable":true,"href":"https:\/\/www.europesays.com\/fr\/wp-json\/wp\/v2\/categories?post=559358"},{"taxonomy":"post_tag","embeddable":true,"href":"https:\/\/www.europesays.com\/fr\/wp-json\/wp\/v2\/tags?post=559358"}],"curies":[{"name":"wp","href":"https:\/\/api.w.org\/{rel}","templated":true}]}}