{"id":559368,"date":"2025-11-26T06:47:19","date_gmt":"2025-11-26T06:47:19","guid":{"rendered":"https:\/\/www.europesays.com\/fr\/559368\/"},"modified":"2025-11-26T06:47:19","modified_gmt":"2025-11-26T06:47:19","slug":"les-costumes-en-fete-a-toulon","status":"publish","type":"post","link":"https:\/\/www.europesays.com\/fr\/559368\/","title":{"rendered":"Les costumes en f\u00eate \u00e0 Toulon"},"content":{"rendered":"<p itemprop=\"description\">Pour bien profiter de votre week-end, n&rsquo;h\u00e9sitez pas \u00e0 venir admirer l&rsquo;exposition \u00a0\u00bbLa F\u00eate ! Costumes de travestissement\u00a0\u00bb \u00e0 la Villa Rosemaine afin d&rsquo;explorer l\u2019univers festif des d\u00e9guisements du XVII\u1d49 au XX\u1d49 si\u00e8cle. Pour continuer de vous d\u00e9tendre, Blandine Mahout pr\u00e9sente \u00a0\u00bbLa vie de ta m\u00e8re\u00a0\u00bb aux Issambres dans le Var. Enfin, la Pr\u00e9histoire nous livre d&rsquo;autres secrets gr\u00e2ce \u00e0 l&rsquo;exposition \u00a0\u00bb\u00c9chos du Bronze\u00a0\u00bb \u00e0 Quinson, dans les Alpes-de-Haute-Provence.<\/p>\n<p>        La Villa Rosemaine \u00e0 Toulon propose l\u2019exposition \u2018\u2018La F\u00eate\u202f! Costumes de travestissement\u2019\u2019, ou quand le travestissement devient un v\u00e9ritable art de la mise en sc\u00e8ne et de la transformation, selon Serge Liagre, le directeur des lieux\u202f: \u00ab\u202fJe travaille sur ce th\u00e8me depuis une dizaine d&rsquo;ann\u00e9es, c&rsquo;est-\u00e0-dire que je stocke des pi\u00e8ces sp\u00e9cifiquement dites de travestissement qui n&rsquo;a rien \u00e0 voir avec le sens d&rsquo;aujourd&rsquo;hui. Les bals travestis \u00e9taient simplement la f\u00eate dans les couches sup\u00e9rieures de la soci\u00e9t\u00e9, mais aussi dans la rue avec le carnaval. Mais c&rsquo;est toujours \u00e0 l&rsquo;image de l&rsquo;Arlequin, toujours dans un sens festif, jamais dans un sens malveillant, c&rsquo;est toujours dans le sens de l&rsquo;\u00e9change avec les autres, mais sous un masque.\u202f\u00bb<br \/>\nLes visites sont guid\u00e9es et sur r\u00e9servation.<br \/>\n~villa-rosemaine.com<\/p>\n<p>Dans le Var, ce samedi 29 novembre, d\u00e9couvrez \u2018\u2018La vie de ta m\u00e8re\u2019\u2019, le spectacle p\u00e9tillant de Blandine Lehout, qui m\u00eale humour cru et tendresse pour raconter la vraie vie, \u00e0 l\u2019Espace Robert Manuel aux Issambres \u00e0 20h30.<br \/>&#13;<br \/>\n~roquebrune.com<\/p>\n<p>Enfin, le Mus\u00e9e de Pr\u00e9histoire \u00e0 Quinson, dans les Alpes-de-Haute-Provence, pr\u00e9sente sa nouvelle exposition-dossiers\u202f: \u2018\u2018\u00c9chos du Bronze\u2019\u2019. Celle-ci met en lumi\u00e8re les richesses de la p\u00e9riode de l&rsquo;\u00e2ge du Bronze en explorant les multiples facettes d\u2019une p\u00e9riode fondatrice, entre prouesses techniques, \u00e9changes culturels et croyances anciennes. C\u2019est \u00e0 voir jusqu\u2019au 15 d\u00e9cembre 2026.<br \/>&#13;<br \/>\n~museeprehistoire.com    <\/p>\n","protected":false},"excerpt":{"rendered":"Pour bien profiter de votre week-end, n&rsquo;h\u00e9sitez pas \u00e0 venir admirer l&rsquo;exposition \u00a0\u00bbLa F\u00eate ! Costumes de travestissement\u00a0\u00bb&hellip;\n","protected":false},"author":2,"featured_media":559369,"comment_status":"","ping_status":"","sticky":false,"template":"","format":"standard","meta":{"footnotes":""},"categories":[9619],"tags":[1111,11,53642,12008,27409,1777,674,3293,4768,1011,27,67644,12,4433,882,25,2310,13129,4064],"class_list":{"0":"post-559368","1":"post","2":"type-post","3":"status-publish","4":"format-standard","5":"has-post-thumbnail","7":"category-toulon","8":"tag-actu","9":"tag-actualites","10":"tag-admirer","11":"tag-bien","12":"tag-costumes","13":"tag-eu","14":"tag-europe","15":"tag-exposition","16":"tag-fete","17":"tag-fr","18":"tag-france","19":"tag-hesitez","20":"tag-news","21":"tag-profiter","22":"tag-provence-alpes-cote-dazur","23":"tag-republique-francaise","24":"tag-toulon","25":"tag-venir","26":"tag-week-end"},"share_on_mastodon":{"url":"https:\/\/pubeurope.com\/@fr\/115614662250553238","error":""},"_links":{"self":[{"href":"https:\/\/www.europesays.com\/fr\/wp-json\/wp\/v2\/posts\/559368","targetHints":{"allow":["GET"]}}],"collection":[{"href":"https:\/\/www.europesays.com\/fr\/wp-json\/wp\/v2\/posts"}],"about":[{"href":"https:\/\/www.europesays.com\/fr\/wp-json\/wp\/v2\/types\/post"}],"author":[{"embeddable":true,"href":"https:\/\/www.europesays.com\/fr\/wp-json\/wp\/v2\/users\/2"}],"replies":[{"embeddable":true,"href":"https:\/\/www.europesays.com\/fr\/wp-json\/wp\/v2\/comments?post=559368"}],"version-history":[{"count":0,"href":"https:\/\/www.europesays.com\/fr\/wp-json\/wp\/v2\/posts\/559368\/revisions"}],"wp:featuredmedia":[{"embeddable":true,"href":"https:\/\/www.europesays.com\/fr\/wp-json\/wp\/v2\/media\/559369"}],"wp:attachment":[{"href":"https:\/\/www.europesays.com\/fr\/wp-json\/wp\/v2\/media?parent=559368"}],"wp:term":[{"taxonomy":"category","embeddable":true,"href":"https:\/\/www.europesays.com\/fr\/wp-json\/wp\/v2\/categories?post=559368"},{"taxonomy":"post_tag","embeddable":true,"href":"https:\/\/www.europesays.com\/fr\/wp-json\/wp\/v2\/tags?post=559368"}],"curies":[{"name":"wp","href":"https:\/\/api.w.org\/{rel}","templated":true}]}}