{"id":559374,"date":"2025-11-26T06:51:26","date_gmt":"2025-11-26T06:51:26","guid":{"rendered":"https:\/\/www.europesays.com\/fr\/559374\/"},"modified":"2025-11-26T06:51:26","modified_gmt":"2025-11-26T06:51:26","slug":"rehabilitation-de-la-piscine-oceade","status":"publish","type":"post","link":"https:\/\/www.europesays.com\/fr\/559374\/","title":{"rendered":"R\u00e9habilitation de la piscine Oc\u00e9ade"},"content":{"rendered":"\n<p>         Publi\u00e9 le\u00a0:\u00a0       <\/p>\n<p>Mardi 25 novembre 2025 &#8211; 11h30<\/p>\n<p>         Th\u00e8me d\u2019actualit\u00e9\u00a0:\u00a0       <\/p>\n<p>                            <img loading=\"lazy\" decoding=\"async\" typeof=\"foaf:Image\" src=\"https:\/\/www.europesays.com\/fr\/wp-content\/uploads\/2025\/11\/capture_decran_2025-11-25_a_11.26.29.png\" width=\"640\" height=\"292\" alt=\"Projet de l'agence Jean-pierre Lott\"\/>                          <\/p>\n<p>La M\u00e9tropole Rouen Normandie a lanc\u00e9 en f\u00e9vrier 2024 un concours de ma\u00eetrise d\u2019\u0153uvre pour r\u00e9habiliter l\u2019ancienne piscine Oc\u00e9ade en Centre de cultures urbaines.<br \/>Ce nouvel am\u00e9nagement de 4000m2 s\u2019inscrit dans le cadre de la politique sportive, culturelle et de d\u00e9veloppement de l\u2019attractivit\u00e9 de l\u2019Ile Lacroix de la M\u00e9tropole afin de donner une seconde vie au parc aquatique tout en r\u00e9pondant aux besoins grandissant de la population.<br \/>C\u2019est le projet de Jean-Pierre Lott qui a finalement \u00e9t\u00e9 retenu parmi les trois candidatures s\u00e9lectionn\u00e9es. Le projet port\u00e9 par l\u2019agence r\u00e9pond aux diff\u00e9rentes caract\u00e9ristiques souhait\u00e9es : haute ambition \u00e9nerg\u00e9tique et environnementale, fonctionnalit\u00e9 et geste architectural audacieux. Le nouveau Centre de cultures urbaines de Rouen verra le jour \u00e0 l\u2019horizon 2029.<\/p>\n<p>Informations pratiques<\/p>\n<p>Plus d&rsquo;infos sur\u00a0<a href=\"https:\/\/www.metropole-rouen-normandie.fr\/actualite\/2025\/un-centre-de-cultures-urbaines-sur-lile-lacroix-64303\" class=\"elf-external elf-icon\" target=\"_blank\" rel=\"noopener\">un-centre-de-cultures-urbaines-sur-lile-lacroix-64303<\/a><\/p>\n","protected":false},"excerpt":{"rendered":"Publi\u00e9 le\u00a0:\u00a0 Mardi 25 novembre 2025 &#8211; 11h30 Th\u00e8me d\u2019actualit\u00e9\u00a0:\u00a0 La M\u00e9tropole Rouen Normandie a lanc\u00e9 en f\u00e9vrier&hellip;\n","protected":false},"author":2,"featured_media":559375,"comment_status":"","ping_status":"","sticky":false,"template":"","format":"standard","meta":{"footnotes":""},"categories":[9587],"tags":[1111,11,1777,674,1011,27,12,5161,25,9590],"class_list":{"0":"post-559374","1":"post","2":"type-post","3":"status-publish","4":"format-standard","5":"has-post-thumbnail","7":"category-rouen","8":"tag-actu","9":"tag-actualites","10":"tag-eu","11":"tag-europe","12":"tag-fr","13":"tag-france","14":"tag-news","15":"tag-normandie","16":"tag-republique-francaise","17":"tag-rouen"},"share_on_mastodon":{"url":"https:\/\/pubeurope.com\/@fr\/115614678700091980","error":""},"_links":{"self":[{"href":"https:\/\/www.europesays.com\/fr\/wp-json\/wp\/v2\/posts\/559374","targetHints":{"allow":["GET"]}}],"collection":[{"href":"https:\/\/www.europesays.com\/fr\/wp-json\/wp\/v2\/posts"}],"about":[{"href":"https:\/\/www.europesays.com\/fr\/wp-json\/wp\/v2\/types\/post"}],"author":[{"embeddable":true,"href":"https:\/\/www.europesays.com\/fr\/wp-json\/wp\/v2\/users\/2"}],"replies":[{"embeddable":true,"href":"https:\/\/www.europesays.com\/fr\/wp-json\/wp\/v2\/comments?post=559374"}],"version-history":[{"count":0,"href":"https:\/\/www.europesays.com\/fr\/wp-json\/wp\/v2\/posts\/559374\/revisions"}],"wp:featuredmedia":[{"embeddable":true,"href":"https:\/\/www.europesays.com\/fr\/wp-json\/wp\/v2\/media\/559375"}],"wp:attachment":[{"href":"https:\/\/www.europesays.com\/fr\/wp-json\/wp\/v2\/media?parent=559374"}],"wp:term":[{"taxonomy":"category","embeddable":true,"href":"https:\/\/www.europesays.com\/fr\/wp-json\/wp\/v2\/categories?post=559374"},{"taxonomy":"post_tag","embeddable":true,"href":"https:\/\/www.europesays.com\/fr\/wp-json\/wp\/v2\/tags?post=559374"}],"curies":[{"name":"wp","href":"https:\/\/api.w.org\/{rel}","templated":true}]}}