{"id":559378,"date":"2025-11-26T06:53:17","date_gmt":"2025-11-26T06:53:17","guid":{"rendered":"https:\/\/www.europesays.com\/fr\/559378\/"},"modified":"2025-11-26T06:53:17","modified_gmt":"2025-11-26T06:53:17","slug":"des-claustras-de-la-tour-perret-proposes-a-ladoption-contre-un-don-pour-sa-restauration","status":"publish","type":"post","link":"https:\/\/www.europesays.com\/fr\/559378\/","title":{"rendered":"des claustras de la tour Perret propos\u00e9s \u00e0 \u00ab\u00a0l&rsquo;adoption\u00a0\u00bb contre un don pour sa restauration"},"content":{"rendered":"<p class=\"article__intro\">Vestige de l&rsquo;Exposition internationale de la houille blanche et du tourisme en 1925, la tour Perret de Grenoble est en pleine restauration. A cette occasion, il est possible d&rsquo;adopter un claustra contre un don, \u00e0 quelques mois de sa r\u00e9ouverture.<\/p>\n<p>\n      L\u2019actu des r\u00e9gions\n    <\/p>\n<p>\n      Chaque jour, un tour d\u2019horizon des principales infos de toutes les r\u00e9gions.\n    <\/p>\n<p>    France T\u00e9l\u00e9visions utilise votre adresse e-mail afin de vous envoyer la newsletter \u00ab\u00a0L\u2019actu des r\u00e9gions\u00a0\u00bb. Vous pouvez vous d\u00e9sinscrire \u00e0 tout moment via le lien en bas de cette newsletter. <a target=\"_blank\" href=\"https:\/\/www.francetelevisions.fr\/groupe\/confidentialite\/politique-de-confidentialite\/politique-de-confidentialite-de-france-televisions-6503\" rel=\"noopener\">Notre politique de confidentialit\u00e9<\/a><\/p>\n<p>Ces blocs orn\u00e9s de formes g\u00e9om\u00e9triques font la sp\u00e9cificit\u00e9 de la tour Perret de Grenoble. Les claustras du b\u00e2timent centenaire sont d\u00e9sormais propos\u00e9s \u00e0 l&rsquo;adoption, moyennant un don d&rsquo;au moins 50 euros \u00e0 la Fondation du patrimoine. Selon le montant, il est possible (<a href=\"https:\/\/avotretour.fr\/\" target=\"_blank\" rel=\"noopener noreferrer nofollow\" data-tooltip-url=\"https:\/\/avotretour.fr\/\">en suivant ce lien<\/a>, avec le mot de passe re\u00e7u par mail) d&rsquo;adopter ou d&rsquo;offrir virtuellement l&rsquo;un des 56 claustras sommitaux ou un claustra \u00e9caille parmi les 288 pr\u00e9sents sur la tour. Ces derniers ont \u00e9t\u00e9 imagin\u00e9s par l&rsquo;architecte Auguste Perret en 1925.<\/p>\n<p>\u00ab\u00a0Ces claustras en \u00e9cailles ont une forme tr\u00e8s particuli\u00e8re. Ils ont \u00e9t\u00e9 invent\u00e9s par Perret pour Grenoble. (\u2026) La lumi\u00e8re rentre par de petits triangles, ce qui est magnifique les jours de plein soleil\u00a0\u00bb, d\u00e9crit C\u00e9dric Avenier, architecte et chercheur \u00e0 l&rsquo;Ecole d&rsquo;architecture. Ces structures en b\u00e9ton moul\u00e9 pr\u00e9sentent de fines ouvertures pour faire circuler l&rsquo;air, rentrer la lumi\u00e8re, mais pas la pluie battante.<\/p>\n<p><a data-article-figure=\"\" href=\"https:\/\/france3-regions.franceinfo.fr\/image\/0cviJGwSbpouA8tZEC1ivhgGeVE\/1920x1080\/regions\/2025\/11\/25\/ftv0109-00-00-02-11-6925e1aff3222582652419.jpg\" data-pswp-width=\"1920\" data-pswp-height=\"1080\" target=\"_blank\" rel=\"noopener\"><\/p>\n<p>          <img width=\"600\" height=\"400\" class=\"article-image lazy\" data-src=\"https:\/\/www.europesays.com\/fr\/wp-content\/uploads\/2025\/11\/ftv0109-00-00-02-11-6925e1aff3222582652419.jpg\" alt=\"A l'int\u00e9rieur de la tour Perret, les claustras laissent passer des rayons de lumi\u00e8re.\" fetchpriority=\"high\" as=\"image\"\/><\/p>\n<p>\n            A l&rsquo;int\u00e9rieur de la tour Perret, les claustras laissent passer des rayons de lumi\u00e8re.<br \/>\n                           \u2022<br \/>\n                                      \u00a9 France 3 Alpes\n                      <\/p>\n<p><\/a><\/p>\n<p>Elles assurent la d\u00e9limitation entre l&rsquo;int\u00e9rieur et l&rsquo;ext\u00e9rieur de la tour, o\u00f9 leur aspect en relief laisse appara\u00eetre des formes g\u00e9om\u00e9triques dont le triangle pointe en bas. \u00ab\u00a0C&rsquo;est le motif parfait qu&rsquo;on n&rsquo;avait pas sur la tour, \u00e7a all\u00e8ge visuellement et c&rsquo;est ce qui permet de faire ruisseler l&rsquo;eau, poursuit l&rsquo;architecte. Perret joint toujours l&rsquo;ornement \u00e0 l&rsquo;utilit\u00e9, mais aussi l&rsquo;\u00e9l\u00e9ment qui est facile \u00e0 mettre en \u0153uvre en chantier.\u00a0\u00bb<\/p>\n<p>La <a href=\"https:\/\/www.fondation-patrimoine.org\/les-projets\/tour-perret-grenoble-un-autre-sommet-\/79576\" target=\"_blank\" rel=\"noopener noreferrer nofollow\" data-tooltip-url=\"https:\/\/www.fondation-patrimoine.org\/les-projets\/tour-perret-grenoble-un-autre-sommet-\/79576\">collecte de dons lanc\u00e9e par la Fondation du patrimoine<\/a> a permis de r\u00e9colter plus de 189 000 euros. De nombreux donateurs font part de leur attachement \u00e0 ce monument, ferm\u00e9 au public depuis 1960. \u00ab\u00a0Je suis n\u00e9 \u00e0 Grenoble en 66 et cette tour a toujours fait partie de mon quotidien, m\u00eame si j&rsquo;ai d\u00fb quitter ma ville natale. J&rsquo;esp\u00e8re pouvoir monter dedans un jour, comme ont pu le faire mes parents\u00a0\u00bb, \u00e9crit Fran\u00e7ois quand d&rsquo;autres saluent \u00ab\u00a0un chef d&rsquo;\u0153uvre architectural\u00a0\u00bb ou \u00ab\u00a0un v\u00e9ritable personnage\u00a0\u00bb.<\/p>\n<p>L&rsquo;op\u00e9ration \u00ab\u00a0adopte un claustra\u00a0\u00bb a justement \u00e9t\u00e9 imagin\u00e9e pour \u00ab\u00a0renforcer\u00a0\u00bb l&rsquo;attachement des habitants \u00e0 cette tour en b\u00e9ton arm\u00e9, construite \u00e0 l&rsquo;occasion de l&rsquo;Exposition internationale de la houille blanche et du tourisme en 1925. Dernier t\u00e9moin b\u00e2ti de cet \u00e9v\u00e9nement, la tour de 90 m\u00e8tres pr\u00e9sentait d&rsquo;importants signes d&rsquo;alt\u00e9ration du b\u00e9ton, li\u00e9s \u00e0 la corrosion des armatures en acier.<\/p>\n<p><a data-article-figure=\"\" href=\"https:\/\/france3-regions.franceinfo.fr\/image\/A3Rr8cN_FQV2rBYNCx7mpVsJA2g\/1920x1080\/regions\/2025\/11\/25\/ftv0083-00-00-01-09-6925e1cecb0e0433119586.jpg\" data-pswp-width=\"1920\" data-pswp-height=\"1080\" target=\"_blank\" rel=\"noopener\"><\/p>\n<p>          <img width=\"600\" height=\"400\" class=\"article-image lazy\" data-src=\"https:\/\/www.europesays.com\/fr\/wp-content\/uploads\/2025\/11\/ftv0083-00-00-01-09-6925e1cecb0e0433119586.jpg\" alt=\"Le chantier de r\u00e9habilitation de la tour Perret devrait prendre fin au printemps 2026.\" fetchpriority=\"high\" as=\"image\"\/><\/p>\n<p>\n            Le chantier de r\u00e9habilitation de la tour Perret devrait prendre fin au printemps 2026.<br \/>\n                           \u2022<br \/>\n                                      \u00a9 France 3 Alpes\n                      <\/p>\n<p><\/a><\/p>\n<p>\u00ab\u00a0C&rsquo;est un grand chantier qui co\u00fbte 15,5 millions d&rsquo;euros avec une tr\u00e8s grande participation de l&rsquo;\u00c9tat et du D\u00e9partement. Mais le m\u00e9c\u00e9nat n&rsquo;est pas n\u00e9gligeable, m\u00eame si ce n&rsquo;est que quelques centaines de milliers d&rsquo;euros et surtout, \u00e7a cr\u00e9e du lien. Ca montre bien que les Grenoblois sont attach\u00e9s \u00e0 la tour\u00a0\u00bb, souligne Claus Habfast, conseiller municipal de Grenoble d\u00e9l\u00e9gu\u00e9 \u00e0 la tour Perret.<\/p>\n<p>Autour de l&rsquo;\u00e9difice, le chantier de r\u00e9habilitation se poursuit. \u00ab\u00a0On va bient\u00f4t commencer \u00e0 d\u00e9monter les \u00e9chafaudages ext\u00e9rieurs. Il faut encore monter les ascenseurs d&rsquo;\u00e9poque qui ont \u00e9t\u00e9 restaur\u00e9s et faire de multiples petits travaux avant d&rsquo;ouvrir au public\u00a0\u00bb, ajoute l&rsquo;\u00e9lu. R\u00e9am\u00e9nagement du parc Paul-Mistral, aire de jeu, jardin au pied de l&rsquo;\u00e9difice\u2026 La fin des travaux est pr\u00e9vue au printemps 2026. Les visiteurs pourront alors, \u00e0 nouveau, gravir les 550 marches de cette \u00ab\u00a0tour pour regarder les montagnes\u00a0\u00bb, selon les mots de son architecte.<\/p>\n","protected":false},"excerpt":{"rendered":"Vestige de l&rsquo;Exposition internationale de la houille blanche et du tourisme en 1925, la tour Perret de Grenoble&hellip;\n","protected":false},"author":2,"featured_media":559379,"comment_status":"","ping_status":"","sticky":false,"template":"","format":"standard","meta":{"footnotes":""},"categories":[9566],"tags":[1111,11,2430,1777,674,1011,27,2731,12,25],"class_list":{"0":"post-559378","1":"post","2":"type-post","3":"status-publish","4":"format-standard","5":"has-post-thumbnail","7":"category-grenoble","8":"tag-actu","9":"tag-actualites","10":"tag-auvergne-rhone-alpes","11":"tag-eu","12":"tag-europe","13":"tag-fr","14":"tag-france","15":"tag-grenoble","16":"tag-news","17":"tag-republique-francaise"},"share_on_mastodon":{"url":"https:\/\/pubeurope.com\/@fr\/115614686623742716","error":""},"_links":{"self":[{"href":"https:\/\/www.europesays.com\/fr\/wp-json\/wp\/v2\/posts\/559378","targetHints":{"allow":["GET"]}}],"collection":[{"href":"https:\/\/www.europesays.com\/fr\/wp-json\/wp\/v2\/posts"}],"about":[{"href":"https:\/\/www.europesays.com\/fr\/wp-json\/wp\/v2\/types\/post"}],"author":[{"embeddable":true,"href":"https:\/\/www.europesays.com\/fr\/wp-json\/wp\/v2\/users\/2"}],"replies":[{"embeddable":true,"href":"https:\/\/www.europesays.com\/fr\/wp-json\/wp\/v2\/comments?post=559378"}],"version-history":[{"count":0,"href":"https:\/\/www.europesays.com\/fr\/wp-json\/wp\/v2\/posts\/559378\/revisions"}],"wp:featuredmedia":[{"embeddable":true,"href":"https:\/\/www.europesays.com\/fr\/wp-json\/wp\/v2\/media\/559379"}],"wp:attachment":[{"href":"https:\/\/www.europesays.com\/fr\/wp-json\/wp\/v2\/media?parent=559378"}],"wp:term":[{"taxonomy":"category","embeddable":true,"href":"https:\/\/www.europesays.com\/fr\/wp-json\/wp\/v2\/categories?post=559378"},{"taxonomy":"post_tag","embeddable":true,"href":"https:\/\/www.europesays.com\/fr\/wp-json\/wp\/v2\/tags?post=559378"}],"curies":[{"name":"wp","href":"https:\/\/api.w.org\/{rel}","templated":true}]}}