{"id":559382,"date":"2025-11-26T06:55:13","date_gmt":"2025-11-26T06:55:13","guid":{"rendered":"https:\/\/www.europesays.com\/fr\/559382\/"},"modified":"2025-11-26T06:55:13","modified_gmt":"2025-11-26T06:55:13","slug":"une-femme-de-81-ans-decede-dans-lincendie-de-son-appartement-a-rennes","status":"publish","type":"post","link":"https:\/\/www.europesays.com\/fr\/559382\/","title":{"rendered":"Une femme de 81 ans d\u00e9c\u00e8de dans l\u2019incendie de son appartement, \u00e0 Rennes"},"content":{"rendered":"<p>Les pompiers d\u2019Ille-et-Vilaine ont \u00e9t\u00e9 appel\u00e9s dans la nuit du mardi 25 \u00e0 ce mercredi 26 novembre, \u00e0 23\u00a0h\u00a055, un incendie s\u2019\u00e9tant d\u00e9clar\u00e9 dans un immeuble de cinq \u00e9tages au 34, rue Ferdinand de Lesseps. C\u2019est dans un duplex situ\u00e9 au 4 \u00e9tage que le feu s\u2019est d\u00e9clar\u00e9, pour des raisons encore ind\u00e9termin\u00e9es. \u00c0 leur arriv\u00e9e, les pompiers ont d\u00e9couvert le corps d\u2019une femme de 81 ans. Son fils, \u00e2g\u00e9 de 54 ans, \u00e9tait, lui, br\u00fbl\u00e9 au 2e et au 3e degr\u00e9. Il a \u00e9t\u00e9 transport\u00e9 en urgence absolue \u00e0 l\u2019h\u00f4pital Pontchaillou.<\/p>\n","protected":false},"excerpt":{"rendered":"Les pompiers d\u2019Ille-et-Vilaine ont \u00e9t\u00e9 appel\u00e9s dans la nuit du mardi 25 \u00e0 ce mercredi 26 novembre, \u00e0&hellip;\n","protected":false},"author":2,"featured_media":559383,"comment_status":"","ping_status":"","sticky":false,"template":"","format":"standard","meta":{"footnotes":""},"categories":[2821],"tags":[1111,11,829,765,1777,674,1011,27,848,12,584,25],"class_list":{"0":"post-559382","1":"post","2":"type-post","3":"status-publish","4":"format-standard","5":"has-post-thumbnail","7":"category-rennes","8":"tag-actu","9":"tag-actualites","10":"tag-bretagne","11":"tag-en-continu","12":"tag-eu","13":"tag-europe","14":"tag-fr","15":"tag-france","16":"tag-ille-et-vilaine","17":"tag-news","18":"tag-rennes","19":"tag-republique-francaise"},"share_on_mastodon":{"url":"","error":""},"_links":{"self":[{"href":"https:\/\/www.europesays.com\/fr\/wp-json\/wp\/v2\/posts\/559382","targetHints":{"allow":["GET"]}}],"collection":[{"href":"https:\/\/www.europesays.com\/fr\/wp-json\/wp\/v2\/posts"}],"about":[{"href":"https:\/\/www.europesays.com\/fr\/wp-json\/wp\/v2\/types\/post"}],"author":[{"embeddable":true,"href":"https:\/\/www.europesays.com\/fr\/wp-json\/wp\/v2\/users\/2"}],"replies":[{"embeddable":true,"href":"https:\/\/www.europesays.com\/fr\/wp-json\/wp\/v2\/comments?post=559382"}],"version-history":[{"count":0,"href":"https:\/\/www.europesays.com\/fr\/wp-json\/wp\/v2\/posts\/559382\/revisions"}],"wp:featuredmedia":[{"embeddable":true,"href":"https:\/\/www.europesays.com\/fr\/wp-json\/wp\/v2\/media\/559383"}],"wp:attachment":[{"href":"https:\/\/www.europesays.com\/fr\/wp-json\/wp\/v2\/media?parent=559382"}],"wp:term":[{"taxonomy":"category","embeddable":true,"href":"https:\/\/www.europesays.com\/fr\/wp-json\/wp\/v2\/categories?post=559382"},{"taxonomy":"post_tag","embeddable":true,"href":"https:\/\/www.europesays.com\/fr\/wp-json\/wp\/v2\/tags?post=559382"}],"curies":[{"name":"wp","href":"https:\/\/api.w.org\/{rel}","templated":true}]}}