{"id":559384,"date":"2025-11-26T06:56:19","date_gmt":"2025-11-26T06:56:19","guid":{"rendered":"https:\/\/www.europesays.com\/fr\/559384\/"},"modified":"2025-11-26T06:56:19","modified_gmt":"2025-11-26T06:56:19","slug":"giono-la-ecrit-un-strasbourgeois-la-fait","status":"publish","type":"post","link":"https:\/\/www.europesays.com\/fr\/559384\/","title":{"rendered":"Giono l\u2019a \u00e9crit, un Strasbourgeois l\u2019a fait"},"content":{"rendered":"<p>\u00c9tienne Bezler pointe le doigt vers l\u2019horizon et compte les arbres, le long de la ligne d\u2019eau form\u00e9e par le canal du Rh\u00f4ne-au-Rhin dans les environs de Plobsheim. Le tilleul qui est en face, les trois pommiers plus loin ou encore ce cormier. Parmi ces arbres, beaucoup ont d\u00e9j\u00e0 \u00e9t\u00e9 plant\u00e9s par lui.<\/p>\n<p>Une sourde col\u00e8re r\u00e9sonne en cet homme et tranche avec l\u2019impassibilit\u00e9 du personnage principal de la nouvelle de Jean Giono, L\u2019homme qui plantait des arbres. Dans cette \u0153uvre de r\u00e9f\u00e9rence devenue le manifeste de la cause \u00e9cologique, le personnage principal est un berger, Elz\u00e9ard Bouffier. Qui passe ses journ\u00e9es \u00e0 planter des glands, \u00e9trange sacerdoce pour ce montagnard bien d\u00e9cid\u00e9 \u00e0&#8230;<\/p>\n","protected":false},"excerpt":{"rendered":"\u00c9tienne Bezler pointe le doigt vers l\u2019horizon et compte les arbres, le long de la ligne d\u2019eau form\u00e9e&hellip;\n","protected":false},"author":2,"featured_media":559385,"comment_status":"","ping_status":"","sticky":false,"template":"","format":"standard","meta":{"footnotes":""},"categories":[2820],"tags":[1111,11,2389,436,1777,674,107,1011,27,5325,2798,775,9588,12,25,640],"class_list":{"0":"post-559384","1":"post","2":"type-post","3":"status-publish","4":"format-standard","5":"has-post-thumbnail","7":"category-strasbourg","8":"tag-actu","9":"tag-actualites","10":"tag-alsace","11":"tag-environnement","12":"tag-eu","13":"tag-europe","14":"tag-fil-info","15":"tag-fr","16":"tag-france","17":"tag-galerie-media","18":"tag-galerie-photo","19":"tag-grand-est","20":"tag-ici-on-agit","21":"tag-news","22":"tag-republique-francaise","23":"tag-strasbourg"},"share_on_mastodon":{"url":"https:\/\/pubeurope.com\/@fr\/115614697709216459","error":""},"_links":{"self":[{"href":"https:\/\/www.europesays.com\/fr\/wp-json\/wp\/v2\/posts\/559384","targetHints":{"allow":["GET"]}}],"collection":[{"href":"https:\/\/www.europesays.com\/fr\/wp-json\/wp\/v2\/posts"}],"about":[{"href":"https:\/\/www.europesays.com\/fr\/wp-json\/wp\/v2\/types\/post"}],"author":[{"embeddable":true,"href":"https:\/\/www.europesays.com\/fr\/wp-json\/wp\/v2\/users\/2"}],"replies":[{"embeddable":true,"href":"https:\/\/www.europesays.com\/fr\/wp-json\/wp\/v2\/comments?post=559384"}],"version-history":[{"count":0,"href":"https:\/\/www.europesays.com\/fr\/wp-json\/wp\/v2\/posts\/559384\/revisions"}],"wp:featuredmedia":[{"embeddable":true,"href":"https:\/\/www.europesays.com\/fr\/wp-json\/wp\/v2\/media\/559385"}],"wp:attachment":[{"href":"https:\/\/www.europesays.com\/fr\/wp-json\/wp\/v2\/media?parent=559384"}],"wp:term":[{"taxonomy":"category","embeddable":true,"href":"https:\/\/www.europesays.com\/fr\/wp-json\/wp\/v2\/categories?post=559384"},{"taxonomy":"post_tag","embeddable":true,"href":"https:\/\/www.europesays.com\/fr\/wp-json\/wp\/v2\/tags?post=559384"}],"curies":[{"name":"wp","href":"https:\/\/api.w.org\/{rel}","templated":true}]}}