{"id":559392,"date":"2025-11-26T07:00:12","date_gmt":"2025-11-26T07:00:12","guid":{"rendered":"https:\/\/www.europesays.com\/fr\/559392\/"},"modified":"2025-11-26T07:00:12","modified_gmt":"2025-11-26T07:00:12","slug":"un-nouveau-restaurant-ouvre-ses-portes-en-centre-ville","status":"publish","type":"post","link":"https:\/\/www.europesays.com\/fr\/559392\/","title":{"rendered":"un nouveau restaurant ouvre ses portes en centre-ville"},"content":{"rendered":"<p>                    Par<br \/>\n        <strong><br \/>\n            <a href=\"https:\/\/actu.fr\/auteur\/thomas-bernard\" title=\"Consulter tous les articles de Thomas Bernard\" target=\"_blank\" rel=\"noopener\">Thomas Bernard<\/a><br \/>\n                    <\/strong><\/p>\n<p>        Publi\u00e9 le<\/p>\n<p>            26 nov. 2025 \u00e0 7h46        <\/p>\n<p>L\u2019ancien h\u00f4tel de Brou s\u2019est mu\u00e9 en adresse prestigieuse. D\u00e8s le 1er\u00a0d\u00e9cembre 2025, <b>la Maison Maubreuil<\/b>, <a href=\"https:\/\/actu.fr\/pays-de-la-loire\/nantes_44109\/le-luxe-c-est-du-cousu-main-les-images-du-premier-hotel-cinq-etoiles-du-centre-ville-de-nantes_63391969.html\" target=\"_blank\" rel=\"noopener\">premier h\u00f4tel de 5 \u00e9toiles du centre-ville<\/a> ouvrira ses portes. Adresse polyvalente, le lieu compte le caf\u00e9 Maubreuil et le bar Albert, ouverts depuis le jeudi 6\u00a0novembre.<\/p>\n<p class=\" wall-content\">Le sous-sol du b\u00e2timent du 19e si\u00e8cle, accueillera un restaurant, en service du mercredi au samedi soir (de 19\u2009h \u00e0 22\u2009h). Initialement baptis\u00e9 Chai Maubreuil, le restaurant sera appel\u00e9 F\u00e9licie.<\/p>\n<p>Ouverture le 27\u00a0novembre<\/p>\n<p class=\" wall-content\">\u00ab\u2009Ce changement de nom rend hommage \u00e0 F\u00e9licie de Dion, \u00e9pouse du Marquis Albert de Dion, figure embl\u00e9matique de la Collection Maubreuil. Derri\u00e8re ce grand homme, il y avait une femme\u2009: F\u00e9licie, son \u00e9pouse. Discr\u00e8te mais d\u00e9termin\u00e9e, F\u00e9licie de Dion partageait son go\u00fbt du raffinement, de la d\u00e9couverte et de la beaut\u00e9 sous toutes ses formes. C\u2019est elle qui, \u00e0 ses c\u00f4t\u00e9s, accompagna les transformations du domaine de Maubreuil et inspira nombre de ses choix esth\u00e9tiques\u2009\u00bb, explique dans un communiqu\u00e9 la Maison Maubreuil.<\/p>\n<p class=\" wall-content\">La carte du restaurant F\u00e9licie proposera des plats anciens revisit\u00e9s. Des mets pr\u00e9par\u00e9s par <b>Hugo Elleouet<\/b>, cuisinier originaire de Rennes pass\u00e9 par plusieurs adresses nantaises comme la brasserie \u00ab\u2009Chez ta m\u00e8re\u2009\u00bb, pr\u00e8s de la Tour Bretagne.<\/p>\n<p class=\" wall-content\">Le restaurant, pouvant accueillir jusqu\u2019\u00e0 50 couverts, ouvrira <b>le jeudi 27\u00a0novembre 2025<\/b>.<\/p>\n<p>Infos pratiques\u2009:<br \/>Restaurant F\u00e9licie, 6 rue du Roi Albert, Nantes<br \/>Ouvert du mercredi au samedi soir, de 19\u2009h \u00e0 22\u2009h.<a href=\"https:\/\/www.maisonmaubreuil.com\/fr\/carte\/4-restaurant-felicie.pdf?_gl=1*q234ad*_up*MQ..*_ga*MjExNTUwNjg1LjE3NjQwOTI1Mjg.*_ga_815NZW7TM5*czE3NjQwOTI1MjgkbzEkZzAkdDE3NjQwOTI1MjgkajYwJGwwJGgw\" target=\"_blank\" rel=\"noopener\">Carte<\/a>.<\/p>\n<p class=\" wall-content\">Personnalisez votre actualit\u00e9 en ajoutant vos villes et m\u00e9dias en favori avec <a href=\"https:\/\/moncompte.actu.fr\" title=\"D\u00e9couvez Mon Actu\" rel=\"nofollow noopener\" data-trk=\"{&quot;cta&quot;:{&quot;action&quot;:&quot;https:\\\/\\\/moncompte.actu.fr&quot;,&quot;category&quot;:&quot;mon compte&quot;,&quot;from&quot;:&quot;article footer&quot;,&quot;name&quot;:&quot;Mon actu&quot;,&quot;type&quot;:&quot;cta&quot;}}\" target=\"_blank\">Mon Actu<\/a>.<\/p>\n","protected":false},"excerpt":{"rendered":"Par Thomas Bernard Publi\u00e9 le 26 nov. 2025 \u00e0 7h46 L\u2019ancien h\u00f4tel de Brou s\u2019est mu\u00e9 en adresse&hellip;\n","protected":false},"author":2,"featured_media":559393,"comment_status":"","ping_status":"","sticky":false,"template":"","format":"standard","meta":{"footnotes":""},"categories":[2818],"tags":[1111,11,1777,674,1011,27,766,12,3147,2636,25,1340,104],"class_list":{"0":"post-559392","1":"post","2":"type-post","3":"status-publish","4":"format-standard","5":"has-post-thumbnail","7":"category-nantes","8":"tag-actu","9":"tag-actualites","10":"tag-eu","11":"tag-europe","12":"tag-fr","13":"tag-france","14":"tag-nantes","15":"tag-news","16":"tag-nouveaux-commerces","17":"tag-pays-de-la-loire","18":"tag-republique-francaise","19":"tag-restaurant","20":"tag-societe"},"share_on_mastodon":{"url":"https:\/\/pubeurope.com\/@fr\/115614713365927952","error":""},"_links":{"self":[{"href":"https:\/\/www.europesays.com\/fr\/wp-json\/wp\/v2\/posts\/559392","targetHints":{"allow":["GET"]}}],"collection":[{"href":"https:\/\/www.europesays.com\/fr\/wp-json\/wp\/v2\/posts"}],"about":[{"href":"https:\/\/www.europesays.com\/fr\/wp-json\/wp\/v2\/types\/post"}],"author":[{"embeddable":true,"href":"https:\/\/www.europesays.com\/fr\/wp-json\/wp\/v2\/users\/2"}],"replies":[{"embeddable":true,"href":"https:\/\/www.europesays.com\/fr\/wp-json\/wp\/v2\/comments?post=559392"}],"version-history":[{"count":0,"href":"https:\/\/www.europesays.com\/fr\/wp-json\/wp\/v2\/posts\/559392\/revisions"}],"wp:featuredmedia":[{"embeddable":true,"href":"https:\/\/www.europesays.com\/fr\/wp-json\/wp\/v2\/media\/559393"}],"wp:attachment":[{"href":"https:\/\/www.europesays.com\/fr\/wp-json\/wp\/v2\/media?parent=559392"}],"wp:term":[{"taxonomy":"category","embeddable":true,"href":"https:\/\/www.europesays.com\/fr\/wp-json\/wp\/v2\/categories?post=559392"},{"taxonomy":"post_tag","embeddable":true,"href":"https:\/\/www.europesays.com\/fr\/wp-json\/wp\/v2\/tags?post=559392"}],"curies":[{"name":"wp","href":"https:\/\/api.w.org\/{rel}","templated":true}]}}