{"id":559394,"date":"2025-11-26T07:02:18","date_gmt":"2025-11-26T07:02:18","guid":{"rendered":"https:\/\/www.europesays.com\/fr\/559394\/"},"modified":"2025-11-26T07:02:18","modified_gmt":"2025-11-26T07:02:18","slug":"abus-sexuels-face-a-la-transparence-affichee-du-diocese-de-nantes-le-collectif-des-victimes-de-saint-stanislas-reagit","status":"publish","type":"post","link":"https:\/\/www.europesays.com\/fr\/559394\/","title":{"rendered":"Abus sexuels\u00a0: face \u00e0 la transparence affich\u00e9e du dioc\u00e8se de Nantes, le collectif des victimes de Saint-Stanislas r\u00e9agit"},"content":{"rendered":"<p>Trois mois apr\u00e8s les r\u00e9v\u00e9lations au coll\u00e8ge Saint-Stanislas \u00e0 Nantes, la liste des \u00e9tablissements catholiques touch\u00e9s par des abus sexuels en Loire-Atlantique s&rsquo;allonge. Mi-novembre, le dioc\u00e8se de Nantes avait recueilli 122 t\u00e9moignages. Face \u00e0 cette transparence affich\u00e9e, un ancien \u00e9l\u00e8ve r\u00e9agit.<\/p>\n<p>Fin ao\u00fbt, le dioc\u00e8se de Nantes lan\u00e7ait\u00a0<a class=\"IciLink ici-link IciArticleLink g-ici-body-regular-1 underline brand svelte-1chfe2s\" href=\"https:\/\/www.francebleu.fr\/infos\/faits-divers-justice\/des-vies-ont-ete-brises-revelation-d-abus-sexuels-commis-sur-plusieurs-decennies-au-lycee-saint-stanislas-de-nantes-9797016\" target=\"_blank\" rel=\"noopener\">un appel \u00e0 t\u00e9moignages sur des abus sexuels<\/a>, commis dans les \u00e9tablissements catholiques de Loire-Atlantique pendant 40 ans, des ann\u00e9es 1960 \u00e0 2000.\u00a0L&rsquo;\u00e9v\u00eaque, Mgr Percerou, disait vouloir une \u00ab\u00a0op\u00e9ration v\u00e9rit\u00e9\u00a0\u00bb,\u00a0il l&rsquo;a eue. Au 14 novembre, soit en deux mois et demi, la cellule d&rsquo;\u00e9coute du dioc\u00e8se a recueilli 122 t\u00e9moignages.<\/p>\n<p>Il s&rsquo;agit de victimes, de proches ou de simples t\u00e9moins. Et d\u00e9sormais, apr\u00e8s des d\u00e9cennies de silence sur ces abus sexuels, l&rsquo;\u00c9glise communique.\u00a0Vendredi 21 novembre, le dioc\u00e8se de Nantes a envoy\u00e9 un courrier \u00e0 tous ceux qui ont r\u00e9pondu \u00e0 l&rsquo;appel \u00e0 t\u00e9moignages pour faire <strong>un point d&rsquo;\u00e9tape<\/strong>.<\/p>\n<p>Concernant le coll\u00e8ge-lyc\u00e9e Saint-Stanislas, \u00e0 Nantes, la cellule a re\u00e7u 86 signalements d&rsquo;agressions sexuelles. Avec 52 t\u00e9moignages de victimes. Et la liste des \u00e9tablissements touch\u00e9s par ces scandales s&rsquo;allonge. Aujourd&rsquo;hui, <strong>treize autres \u00e9tablissements secondaires<\/strong> sont d\u00e9nonc\u00e9s, ainsi que <strong>huit \u00e9coles primaires<\/strong>, dans toute la Loire-Atlantique.<\/p>\n<p>Porte-parole du collectif des victimes de Saint-Stanislas,\u00a0Emmanuel Caucol \u00e9tait l&rsquo;invit\u00e9 d&rsquo;ICI Loire Oc\u00e9an ce mardi 26 novembre. La veille, avec d&rsquo;autres membres, il a rencontr\u00e9 la Nantaise Sarah El Ha\u00efry, Haut Commissaire \u00e0 l&rsquo;Enfance. Elle leur a propos\u00e9 d&rsquo;int\u00e9grer le <strong>Conseil national des victimes<\/strong>, qu&rsquo;elle lance en janvier prochain \u00ab\u00a0pour b\u00e2tir des politiques de pr\u00e9vention et de protection\u00a0\u00bb.<\/p>\n<p>Toutes les trois minutes en France, un enfant est victime de violences physiques ou sexuelles.<\/p>\n<p>\u00c0 lire aussi   <img decoding=\"async\" src=\"https:\/\/www.europesays.com\/fr\/wp-content\/uploads\/2025\/11\/1764140538_365_400x400\" alt=\"\" style=\"--_image-preview:url('data:image\/jpeg;base64,\/9j\/2wBDACgcHiMeGSgjISMtKygwPGRBPDc3PHtYXUlkkYCZlo+AjIqgtObDoKrarYqMyP\/L2u71\/\/\/\/m8H\/\/\/\/6\/+b9\/\/j\/2wBDASstLTw1PHZBQXb4pYyl+Pj4+Pj4+Pj4+Pj4+Pj4+Pj4+Pj4+Pj4+Pj4+Pj4+Pj4+Pj4+Pj4+Pj4+Pj4+Pj4+Pj\/wAARCAAXACoDASIAAhEBAxEB\/8QAGAABAQADAAAAAAAAAAAAAAAAAwABAgX\/xAAXEAEBAQEAAAAAAAAAAAAAAAAAAgER\/8QAFQEBAQAAAAAAAAAAAAAAAAAAAAH\/xAAUEQEAAAAAAAAAAAAAAAAAAAAA\/9oADAMBAAIRAxEAPwDnzh4wUmgUmYtZxUIGxt7F0FJo1JFLmqklAWLqQj\/\/2Q==');\" loading=\"lazy\" fetchpriority=\"low\" aria-hidden=\"true\" class=\"svelte-1cksh76 rounded\" onload=\"this.__e=event\" onerror=\"this.__e=event\"\/><\/p>\n","protected":false},"excerpt":{"rendered":"Trois mois apr\u00e8s les r\u00e9v\u00e9lations au coll\u00e8ge Saint-Stanislas \u00e0 Nantes, la liste des \u00e9tablissements catholiques touch\u00e9s par des&hellip;\n","protected":false},"author":2,"featured_media":559395,"comment_status":"","ping_status":"","sticky":false,"template":"","format":"standard","meta":{"footnotes":""},"categories":[2818],"tags":[1111,11,1777,674,1011,27,766,12,2636,25],"class_list":{"0":"post-559394","1":"post","2":"type-post","3":"status-publish","4":"format-standard","5":"has-post-thumbnail","7":"category-nantes","8":"tag-actu","9":"tag-actualites","10":"tag-eu","11":"tag-europe","12":"tag-fr","13":"tag-france","14":"tag-nantes","15":"tag-news","16":"tag-pays-de-la-loire","17":"tag-republique-francaise"},"share_on_mastodon":{"url":"https:\/\/pubeurope.com\/@fr\/115614721893419759","error":""},"_links":{"self":[{"href":"https:\/\/www.europesays.com\/fr\/wp-json\/wp\/v2\/posts\/559394","targetHints":{"allow":["GET"]}}],"collection":[{"href":"https:\/\/www.europesays.com\/fr\/wp-json\/wp\/v2\/posts"}],"about":[{"href":"https:\/\/www.europesays.com\/fr\/wp-json\/wp\/v2\/types\/post"}],"author":[{"embeddable":true,"href":"https:\/\/www.europesays.com\/fr\/wp-json\/wp\/v2\/users\/2"}],"replies":[{"embeddable":true,"href":"https:\/\/www.europesays.com\/fr\/wp-json\/wp\/v2\/comments?post=559394"}],"version-history":[{"count":0,"href":"https:\/\/www.europesays.com\/fr\/wp-json\/wp\/v2\/posts\/559394\/revisions"}],"wp:featuredmedia":[{"embeddable":true,"href":"https:\/\/www.europesays.com\/fr\/wp-json\/wp\/v2\/media\/559395"}],"wp:attachment":[{"href":"https:\/\/www.europesays.com\/fr\/wp-json\/wp\/v2\/media?parent=559394"}],"wp:term":[{"taxonomy":"category","embeddable":true,"href":"https:\/\/www.europesays.com\/fr\/wp-json\/wp\/v2\/categories?post=559394"},{"taxonomy":"post_tag","embeddable":true,"href":"https:\/\/www.europesays.com\/fr\/wp-json\/wp\/v2\/tags?post=559394"}],"curies":[{"name":"wp","href":"https:\/\/api.w.org\/{rel}","templated":true}]}}