{"id":559398,"date":"2025-11-26T07:04:10","date_gmt":"2025-11-26T07:04:10","guid":{"rendered":"https:\/\/www.europesays.com\/fr\/559398\/"},"modified":"2025-11-26T07:04:10","modified_gmt":"2025-11-26T07:04:10","slug":"quand-le-staff-des-girondins-soccupe-des-danseuses-et-danseurs-de-lopera-de-bordeaux","status":"publish","type":"post","link":"https:\/\/www.europesays.com\/fr\/559398\/","title":{"rendered":"Quand le staff des Girondins s&rsquo;occupe des danseuses et danseurs de l&rsquo;Op\u00e9ra de Bordeaux"},"content":{"rendered":"<p>Des anciens et actuels membres du staff des Girondins accompagnent les danseuses et danseurs de l&rsquo;Op\u00e9ra de Bordeaux depuis quelques mois. Une association in\u00e9dite pour pallier aux blessures de ses athl\u00e8tes de haut niveau. <\/p>\n<p>C&rsquo;est un mariage pour le moins improbable. Depuis plusieurs mois, des anciens et actuels membres du staff des Girondins entra\u00eenent les 35 danseurs et danseuses de l&rsquo;Op\u00e9ra de Bordeaux. M\u00e9decin, cardiologue, kin\u00e9 et pr\u00e9parateur physique\u00a0: <strong>ces quatre amis de longue date, qui ont vu pour certains pass\u00e9s entre leurs mains, Zin\u00e9dine Zidane ou Yoann Gourcuff, bichonnent d\u00e9sormais d&rsquo;autres \u00e9toiles.<\/strong> Une association in\u00e9dite mais pas si farfelue avec ces artistes devenus aussi au fil du temps des athl\u00e8tes de tr\u00e8s haut niveau.<\/p>\n<p>Limiter les blessures<\/p>\n<p>Ces derniers peuvent d\u00e9sormais s&rsquo;appuyer sur tout ce staff de sp\u00e9cialistes avec notamment <strong>des s\u00e9ances de pr\u00e9paration physique concoct\u00e9es par Eric Bedouet.<\/strong> L&rsquo;ancien pr\u00e9parateur physique des Marine et Blanc et de l&rsquo;\u00e9quipe de France ne pensait jamais conna\u00eetre ce tout nouveau monde pour lui\u00a0: \u00ab\u00a0Quand Eric (Quiller\u00e9), le directeur de la danse m&rsquo;en a parl\u00e9, je lui ai r\u00e9pondu que je n&rsquo;y connaissais rien (sourires). Il m&rsquo;a dit, c&rsquo;est justement pour \u00e7a que je fais appel \u00e0 toi\u00a0!\u00a0\u00bb.<\/p>\n<p>Il saisit alors la main d&rsquo;Eric Quiller\u00e9\u00a0: \u00ab\u00a0On cherche une solution pour limiter les blessures des danseurs et danseuses. Les gar\u00e7ons doivent beaucoup utiliser le dos et les jambes pour porter les filles alors qu&rsquo;elles doivent \u00eatre longiligne mais avec beaucoup de puissance pour sauter, tourner et monter sur pointe. Et puis, il faut travailler l&rsquo;endurance car \u00e7a fait durer plus de 2h les repr\u00e9sentations et c&rsquo;est tr\u00e8s intense.\u00a0\u00bb<\/p>\n<p>\u00ab\u00a0\u00c7a ne peut qu&rsquo;am\u00e9liorer nos performances\u00a0\u00bb<\/p>\n<p>Contrairement \u00e0 ce qu&rsquo;on peut penser, Guillaume et ses camarades \u00e9taient loin d&rsquo;avoir tous les outils pour performer\u00a0: \u00ab\u00a0Ici, on manquait beaucoup d&rsquo;encadrement m\u00e9dical, physique et sportif. On avait que l&rsquo;aspect artistique qui \u00e9tait d\u00e9velopp\u00e9.\u00a0\u00bb Aujourd&rsquo;hui, les danseuses et danseurs n&rsquo;y voient que du positif \u00e0 l&rsquo;image de Lola et de sa coll\u00e8gue italienne Carolina\u00a0: \u00ab\u00a0\u00c7a ne peut qu&rsquo;am\u00e9liorer nos performances, notamment au niveau du tonus pour les sauts. On aura aussi s\u00fbrement plus de v\u00e9locit\u00e9\u00a0\u00bb, \u00ab\u00a0Eric Bedouet nous aide vraiment au niveau de la rapidit\u00e9 des jambes, surtout moi qui est lente (rire)\u00a0\u00bb.<\/p>\n<p><strong>Eric Bedouet, lui, est impressionn\u00e9 par de ses nouveaux poulains \u00e0 ne montrer aucun signe de souffrance.<\/strong> Et peut-\u00eatre que d\u00e9sormais sur sc\u00e8ne, il y en aura un peu mois alors que les danseuses et danseurs de l&rsquo;Op\u00e9ra de Bordeaux s&rsquo;appr\u00eatent \u00e0 encha\u00eener 25 repr\u00e9sentations d&rsquo;affil\u00e9e de Rom\u00e9o et Juliette dans quelques jours.<\/p>\n","protected":false},"excerpt":{"rendered":"Des anciens et actuels membres du staff des Girondins accompagnent les danseuses et danseurs de l&rsquo;Op\u00e9ra de Bordeaux&hellip;\n","protected":false},"author":2,"featured_media":559399,"comment_status":"","ping_status":"","sticky":false,"template":"","format":"standard","meta":{"footnotes":""},"categories":[2817],"tags":[1111,11,1997,1777,674,1011,27,12,2219,25],"class_list":{"0":"post-559398","1":"post","2":"type-post","3":"status-publish","4":"format-standard","5":"has-post-thumbnail","7":"category-bordeaux","8":"tag-actu","9":"tag-actualites","10":"tag-bordeaux","11":"tag-eu","12":"tag-europe","13":"tag-fr","14":"tag-france","15":"tag-news","16":"tag-nouvelle-aquitaine","17":"tag-republique-francaise"},"share_on_mastodon":{"url":"https:\/\/pubeurope.com\/@fr\/115614729201573053","error":""},"_links":{"self":[{"href":"https:\/\/www.europesays.com\/fr\/wp-json\/wp\/v2\/posts\/559398","targetHints":{"allow":["GET"]}}],"collection":[{"href":"https:\/\/www.europesays.com\/fr\/wp-json\/wp\/v2\/posts"}],"about":[{"href":"https:\/\/www.europesays.com\/fr\/wp-json\/wp\/v2\/types\/post"}],"author":[{"embeddable":true,"href":"https:\/\/www.europesays.com\/fr\/wp-json\/wp\/v2\/users\/2"}],"replies":[{"embeddable":true,"href":"https:\/\/www.europesays.com\/fr\/wp-json\/wp\/v2\/comments?post=559398"}],"version-history":[{"count":0,"href":"https:\/\/www.europesays.com\/fr\/wp-json\/wp\/v2\/posts\/559398\/revisions"}],"wp:featuredmedia":[{"embeddable":true,"href":"https:\/\/www.europesays.com\/fr\/wp-json\/wp\/v2\/media\/559399"}],"wp:attachment":[{"href":"https:\/\/www.europesays.com\/fr\/wp-json\/wp\/v2\/media?parent=559398"}],"wp:term":[{"taxonomy":"category","embeddable":true,"href":"https:\/\/www.europesays.com\/fr\/wp-json\/wp\/v2\/categories?post=559398"},{"taxonomy":"post_tag","embeddable":true,"href":"https:\/\/www.europesays.com\/fr\/wp-json\/wp\/v2\/tags?post=559398"}],"curies":[{"name":"wp","href":"https:\/\/api.w.org\/{rel}","templated":true}]}}