{"id":559402,"date":"2025-11-26T07:06:13","date_gmt":"2025-11-26T07:06:13","guid":{"rendered":"https:\/\/www.europesays.com\/fr\/559402\/"},"modified":"2025-11-26T07:06:13","modified_gmt":"2025-11-26T07:06:13","slug":"un-accident-entre-trois-vehicules-provoque-une-grosse-coupure-delectricite-dans-un-quartier-de-toulouse","status":"publish","type":"post","link":"https:\/\/www.europesays.com\/fr\/559402\/","title":{"rendered":"Un accident entre trois v\u00e9hicules provoque une grosse coupure d&rsquo;\u00e9lectricit\u00e9 dans un quartier de Toulouse"},"content":{"rendered":"<p>                    Par<br \/>\n        <strong><br \/>\n            <a href=\"https:\/\/actu.fr\/auteur\/david-saint-sernin\" title=\"Consulter tous les articles de David Saint-Sernin\" target=\"_blank\" rel=\"noopener\">David Saint-Sernin<\/a><br \/>\n                    <\/strong><\/p>\n<p>        Publi\u00e9 le<\/p>\n<p>            26 nov. 2025 \u00e0 7h39        <\/p>\n<p>Mardi 25\u00a0novembre 2025, il \u00e9tait 19h40 quand environ cent foyers ont \u00e9t\u00e9 priv\u00e9s d\u2019\u00e9lectricit\u00e9 dans le secteur du boulevard Silvio Trentin au nord de <a href=\"https:\/\/actu.fr\/occitanie\/toulouse_31555\" target=\"_blank\" rel=\"noopener\">Toulouse.<\/a><\/p>\n<p>Un accident entre trois v\u00e9hicules<\/p>\n<p class=\" wall-content\">La raison\u2009? Un accident de la circulation entre trois v\u00e9hicules sur ce m\u00eame boulevard. Un accident qui a impliqu\u00e9 trois v\u00e9hicules, et heureusement sans gravit\u00e9. \u00ab\u2009Une personne a \u00e9t\u00e9 prise en charge et laiss\u00e9e sur place apr\u00e8s un bilan et r\u00e9gulation du SAMU\u2009\u00bb, indiquent les pompiers de Haute-Garonne.<\/p>\n<p>Coupure \u00e9lectrique<\/p>\n<p class=\" wall-content\">En revanche, un coffret \u00e9lectrique a \u00e9t\u00e9 endommag\u00e9. Ce qui a g\u00e9n\u00e9r\u00e9 une coupure \u00e9lectrique pour <strong>une centaine d\u2019abonn\u00e9s.<\/strong><\/p>\n<p class=\" wall-content\">Il a \u00e9t\u00e9 mis en s\u00e9curit\u00e9 par Enedis qui proc\u00e9dera \u00e0 sa r\u00e9paration.<\/p>\n<p class=\" wall-content\">Personnalisez votre actualit\u00e9 en ajoutant vos villes et m\u00e9dias en favori avec <a href=\"https:\/\/moncompte.actu.fr\" title=\"D\u00e9couvez Mon Actu\" rel=\"nofollow noopener\" data-trk=\"{&quot;cta&quot;:{&quot;action&quot;:&quot;https:\\\/\\\/moncompte.actu.fr&quot;,&quot;category&quot;:&quot;mon compte&quot;,&quot;from&quot;:&quot;article footer&quot;,&quot;name&quot;:&quot;Mon actu&quot;,&quot;type&quot;:&quot;cta&quot;}}\" target=\"_blank\">Mon Actu<\/a>.<\/p>\n","protected":false},"excerpt":{"rendered":"Par David Saint-Sernin Publi\u00e9 le 26 nov. 2025 \u00e0 7h39 Mardi 25\u00a0novembre 2025, il \u00e9tait 19h40 quand environ&hellip;\n","protected":false},"author":2,"featured_media":559403,"comment_status":"","ping_status":"","sticky":false,"template":"","format":"standard","meta":{"footnotes":""},"categories":[2816],"tags":[119,1111,11,1777,674,118,1011,27,12,2680,25,2312],"class_list":{"0":"post-559402","1":"post","2":"type-post","3":"status-publish","4":"format-standard","5":"has-post-thumbnail","7":"category-toulouse","8":"tag-accident","9":"tag-actu","10":"tag-actualites","11":"tag-eu","12":"tag-europe","13":"tag-faits-divers","14":"tag-fr","15":"tag-france","16":"tag-news","17":"tag-occitanie","18":"tag-republique-francaise","19":"tag-toulouse"},"share_on_mastodon":{"url":"https:\/\/pubeurope.com\/@fr\/115614737027965874","error":""},"_links":{"self":[{"href":"https:\/\/www.europesays.com\/fr\/wp-json\/wp\/v2\/posts\/559402","targetHints":{"allow":["GET"]}}],"collection":[{"href":"https:\/\/www.europesays.com\/fr\/wp-json\/wp\/v2\/posts"}],"about":[{"href":"https:\/\/www.europesays.com\/fr\/wp-json\/wp\/v2\/types\/post"}],"author":[{"embeddable":true,"href":"https:\/\/www.europesays.com\/fr\/wp-json\/wp\/v2\/users\/2"}],"replies":[{"embeddable":true,"href":"https:\/\/www.europesays.com\/fr\/wp-json\/wp\/v2\/comments?post=559402"}],"version-history":[{"count":0,"href":"https:\/\/www.europesays.com\/fr\/wp-json\/wp\/v2\/posts\/559402\/revisions"}],"wp:featuredmedia":[{"embeddable":true,"href":"https:\/\/www.europesays.com\/fr\/wp-json\/wp\/v2\/media\/559403"}],"wp:attachment":[{"href":"https:\/\/www.europesays.com\/fr\/wp-json\/wp\/v2\/media?parent=559402"}],"wp:term":[{"taxonomy":"category","embeddable":true,"href":"https:\/\/www.europesays.com\/fr\/wp-json\/wp\/v2\/categories?post=559402"},{"taxonomy":"post_tag","embeddable":true,"href":"https:\/\/www.europesays.com\/fr\/wp-json\/wp\/v2\/tags?post=559402"}],"curies":[{"name":"wp","href":"https:\/\/api.w.org\/{rel}","templated":true}]}}