{"id":559406,"date":"2025-11-26T07:08:12","date_gmt":"2025-11-26T07:08:12","guid":{"rendered":"https:\/\/www.europesays.com\/fr\/559406\/"},"modified":"2025-11-26T07:08:12","modified_gmt":"2025-11-26T07:08:12","slug":"pourquoi-la-grandplace-est-minerale-actualites","status":"publish","type":"post","link":"https:\/\/www.europesays.com\/fr\/559406\/","title":{"rendered":"Pourquoi la Grand&rsquo;Place est min\u00e9rale \/ Actualit\u00e9s"},"content":{"rendered":"<p><strong>Y aurait-il une,\u00a0voire plusieurs raisons \u00e0 la\u00a0min\u00e9ralit\u00e9 de la Grand\u2019Place ?<\/strong><\/p>\n<p><strong>Premier constat : sous la\u00a0Grand&rsquo;Place se trouve <a href=\"https:\/\/www.lille.fr\/Vivre-a-Lille\/Me-deplacer\/En-voiture\/Le-stationnement\/Les-parkings-payants\" target=\"_self\" class=\"lien_interne\" rel=\"noopener\">un parking<\/a><\/strong>. Cette pr\u00e9sence souterraine\u00a0est \u00e0 prendre en compte puisqu\u2019un\u00a0arbre a besoin de terre profonde pour\u00a0son syst\u00e8me racinaire. Pour pouvoir\u00a0apporter une touche v\u00e9g\u00e9tale et cr\u00e9er\u00a0un \u00eelot de fra\u00eecheur, la Ville installe\u00a0donc, depuis 2011, une trentaine de\u00a0pots de v\u00e9g\u00e9taux de mai \u00e0 fin ao\u00fbt.<\/p>\n<p>Rappelons aussi que <strong>la Grand\u2019Place\u00a0a \u00e9t\u00e9 cr\u00e9\u00e9e au Moyen \u00c2ge<\/strong>, pour que\u00a0puisse se d\u00e9velopper le commerce,\u00a0alors en plein essor (<a href=\"https:\/\/www.lille.fr\/Actualites\/La-Grand-Place-au-coeur-de-l-Histoire\" target=\"_self\" class=\"lien_interne\" rel=\"noopener\">lire notre article sur l&rsquo;histoire de la Grand&rsquo;Place<\/a>).\u00a0<strong>L&rsquo;ambition \u00e9tait de pr\u00e9server\u00a0une grande surface pour les foires et\u00a0les march\u00e9s<\/strong>, dans un espace urbain\u00a0contraint par les fortifications. C\u2019\u00e9tait\u00a0aussi de faciliter l\u2019afflux et la circulation des marchandises telles que les\u00a0grains, le vin, le cuir, le sel ou encore\u00a0les draps.<\/p>\n<p>En plus de cette activit\u00e9 marchande, <strong>la place accueillait des processions religieuses<\/strong>, des c\u00e9l\u00e9brations\u00a0festives et des d\u00e9fi l\u00e9s militaires. Et,\u00a0lorsque la Grand Garde (aujourd\u2019hui\u00a0Th\u00e9\u00e2tre du Nord) a \u00e9t\u00e9 \u00e9difi\u00e9e pour\u00a0loger les troupes royales de Louis XIV,\u00a0la Grand\u2019Place \u00e9tait un poste d\u2019observation id\u00e9al pour surveiller les Lillois\u00a0qui auraient \u00e9t\u00e9 r\u00e9ticents \u00e0 devenir\u00a0Fran\u00e7ais !\u00a0Autant de raisons de ne pas\u00a0l\u2019encombrer avec des arbres !<\/p>\n<p>\nDe plus, \u00ab elle n\u2019avait alors pas lieu\u00a0d\u2019\u00eatre plant\u00e9e car la nature \u00e9tait d\u00e9j\u00e0\u00a0aux portes de la ville \u00bb, rappelle Didier\u00a0Joseph-Fran\u00e7ois, conseiller municipal\u00a0charg\u00e9 du patrimoine et architecte <br \/>de formation, \u00ab Lille \u00e9tait entour\u00e9e\u00a0par la campagne, puis la construction\u00a0des fortifications a entra\u00een\u00e9 aussi le\u00a0d\u00e9veloppement d\u2019espaces verts, par\u00a0cons\u00e9quent, la place de la nature en\u00a0centre-ville n\u2019\u00e9tait pas une question \u00bb.<\/p>\n<p>Chez nos voisins aussi<\/p>\n<p>Bien s\u00fbr, cette approche a consid\u00e9rablement \u00e9volu\u00e9, avec l\u2019industrialisation, le d\u00e9veloppement de nouvelles\u00a0villes alentour, puis avec un tournant\u00a0li\u00e9 aux pr\u00e9occupations environnementales, amorc\u00e9 dans les ann\u00e9es\u00a01970, acc\u00e9l\u00e9r\u00e9 dans les ann\u00e9es 2000.<\/p>\n<p>\nLa nature en milieu urbain permet de\u00a0pr\u00e9server la biodiversit\u00e9 et de jouer\u00a0un r\u00f4le de r\u00e9gulateur thermique.\u00a0Elle r\u00e9pond \u00e9galement \u00e0 un besoin\u00a0des habitants.\u00a0Alors, <strong>Lille plante des arbres et <\/strong><br \/><strong>\u00a0cr\u00e9e des espaces de verdure dans tous\u00a0ses quartiers<\/strong>. <strong>Mais la Grand\u2019Place\u00a0demeure\u2026 min\u00e9rale<\/strong>. Un choix assum\u00e9,\u00a0d\u00fb \u00e0 l&rsquo;existence du parking d\u00e9j\u00e0\u00a0\u00e9voqu\u00e9, et aussi parce qu&rsquo;elle se caract\u00e9rise justement par cet aspect, t\u00e9moin\u00a0de l\u2019Histoire de notre territoire, qui a\u00a0\u00e9t\u00e9 flamand avant d\u2019\u00eatre fran\u00e7ais.<\/p>\n<p>Cette\u00a0min\u00e9ralit\u00e9 se retrouve d\u2019ailleurs dans\u00a0d\u2019autres cit\u00e9s de Belgique ou des Pays-Bas, puisque, \u00e0 l\u2019origine, ces places\u00a0abritaient le plus grand march\u00e9 de la\u00a0ville, d\u2019o\u00f9 l\u2019appellation \u00ab grote markt \u00bb\u00a0en n\u00e9erlandais. \u25cf<\/p>\n<p>PAR VAL\u00c9RIE PFAHL<\/p>\n<p>&gt; <a href=\"https:\/\/www.lille.fr\/Actualites\/La-Grand-Place-pietonne-en-2026\" target=\"_self\" class=\"lien_interne\" rel=\"noopener\">\u00c0 Lille aussi : la Grand&rsquo;Place pi\u00e9tonne en 2026<\/a>\t<\/p>\n","protected":false},"excerpt":{"rendered":"Y aurait-il une,\u00a0voire plusieurs raisons \u00e0 la\u00a0min\u00e9ralit\u00e9 de la Grand\u2019Place ? Premier constat : sous la\u00a0Grand&rsquo;Place se trouve&hellip;\n","protected":false},"author":2,"featured_media":559407,"comment_status":"","ping_status":"","sticky":false,"template":"","format":"standard","meta":{"footnotes":""},"categories":[2815],"tags":[1111,11,4763,1777,674,1011,27,811,1307,5415,12,25],"class_list":{"0":"post-559406","1":"post","2":"type-post","3":"status-publish","4":"format-standard","5":"has-post-thumbnail","7":"category-lille","8":"tag-actu","9":"tag-actualites","10":"tag-agenda","11":"tag-eu","12":"tag-europe","13":"tag-fr","14":"tag-france","15":"tag-hauts-de-france","16":"tag-lille","17":"tag-mairie","18":"tag-news","19":"tag-republique-francaise"},"share_on_mastodon":{"url":"https:\/\/pubeurope.com\/@fr\/115614744864040548","error":""},"_links":{"self":[{"href":"https:\/\/www.europesays.com\/fr\/wp-json\/wp\/v2\/posts\/559406","targetHints":{"allow":["GET"]}}],"collection":[{"href":"https:\/\/www.europesays.com\/fr\/wp-json\/wp\/v2\/posts"}],"about":[{"href":"https:\/\/www.europesays.com\/fr\/wp-json\/wp\/v2\/types\/post"}],"author":[{"embeddable":true,"href":"https:\/\/www.europesays.com\/fr\/wp-json\/wp\/v2\/users\/2"}],"replies":[{"embeddable":true,"href":"https:\/\/www.europesays.com\/fr\/wp-json\/wp\/v2\/comments?post=559406"}],"version-history":[{"count":0,"href":"https:\/\/www.europesays.com\/fr\/wp-json\/wp\/v2\/posts\/559406\/revisions"}],"wp:featuredmedia":[{"embeddable":true,"href":"https:\/\/www.europesays.com\/fr\/wp-json\/wp\/v2\/media\/559407"}],"wp:attachment":[{"href":"https:\/\/www.europesays.com\/fr\/wp-json\/wp\/v2\/media?parent=559406"}],"wp:term":[{"taxonomy":"category","embeddable":true,"href":"https:\/\/www.europesays.com\/fr\/wp-json\/wp\/v2\/categories?post=559406"},{"taxonomy":"post_tag","embeddable":true,"href":"https:\/\/www.europesays.com\/fr\/wp-json\/wp\/v2\/tags?post=559406"}],"curies":[{"name":"wp","href":"https:\/\/api.w.org\/{rel}","templated":true}]}}