{"id":559410,"date":"2025-11-26T07:10:16","date_gmt":"2025-11-26T07:10:16","guid":{"rendered":"https:\/\/www.europesays.com\/fr\/559410\/"},"modified":"2025-11-26T07:10:16","modified_gmt":"2025-11-26T07:10:16","slug":"herve-morin-et-les-centristes-avec-martine-vassal","status":"publish","type":"post","link":"https:\/\/www.europesays.com\/fr\/559410\/","title":{"rendered":"Herv\u00e9 Morin et les Centristes avec Martine Vassal"},"content":{"rendered":"<p>Une \u00ab\u00a0brique de plus dans l&rsquo;union de la droite et du centre\u00a0\u00bb : ce mardi 25 novembre au soir, le parti Les Centristes a mat\u00e9rialis\u00e9 son soutien \u00e0 <a href=\"https:\/\/www.laprovence.com\/article\/politique\/21064949056675\/municipales-2026-a-marseille-martine-vassal-dvd-investie-par-le-parti-horizons\" target=\"_blank\" rel=\"noopener\">Martine Vassal (DVD) pour les municipales<\/a> par la visite de son pr\u00e9sident, Herv\u00e9 Morin. Guid\u00e9 par son d\u00e9l\u00e9gu\u00e9 marseillais, Bruno Genzana, devant une soixantaine de militants, le pr\u00e9sident de la R\u00e9gion Normandie a \u00e9t\u00e9 accueillie par la candidate \u00e0 sa permanence, cours Pierre-Puget (6e).<\/p>\n<p>L&rsquo;occasion pour l&rsquo;ancien ministre de la D\u00e9fense de donner quelques conseils\u00a0: la n\u00e9cessit\u00e9 d&rsquo;une \u00ab\u00a0implication quotidienne\u00a0\u00bb avec le <a href=\"https:\/\/www.laprovence.com\/article\/economie\/894232533462714\/le-grand-port-maritime-de-marseille-affiche-une-belle-croissance\" target=\"_blank\" rel=\"noopener\">Grand Port maritime<\/a>, qu&rsquo;il pratique au Havre\u00a0; que \u00ab\u00a0le maire s&rsquo;implique dans la s\u00e9curit\u00e9\u00a0\u00bb\u00a0; ou encore la priorit\u00e9 qui doit \u00eatre accord\u00e9e \u00e0 l&rsquo;enseignement sup\u00e9rieur et la recherche.<\/p>\n<p>Critiquant \u00ab\u00a0la gestion \u00e0 la petite semaine\u00a0\u00bb de Beno\u00eet Payan (DVG) qu&rsquo;elle juge vou\u00e9 \u00e0 \u00ab\u00a0s&rsquo;allier avec LFI\u00a0\u00bb, Martine Vassal a renvoy\u00e9 dos \u00e0 dos le maire sortant et <a href=\"https:\/\/www.laprovence.com\/article\/elections\/2783046509110414\/municipales-2026-a-marseille-le-candidat-rn-franck-allisio-veut-remettre-marseille-en-ordre\" target=\"_blank\" rel=\"noopener\">Franck Allisio (RN)<\/a>, \u00ab\u00a0deux apparatchiks\u00a0\u00bb dont l&rsquo;action se r\u00e9sumerait \u00e0 \u00ab\u00a0z\u00e9ro\u00a0\u00bb.<\/p>\n","protected":false},"excerpt":{"rendered":"Une \u00ab\u00a0brique de plus dans l&rsquo;union de la droite et du centre\u00a0\u00bb : ce mardi 25 novembre au&hellip;\n","protected":false},"author":2,"featured_media":559411,"comment_status":"","ping_status":"","sticky":false,"template":"","format":"standard","meta":{"footnotes":""},"categories":[2814],"tags":[17,1111,11,3396,34321,5949,1777,674,1011,27,18128,151,884,10203,67646,12,882,25,14243],"class_list":{"0":"post-559410","1":"post","2":"type-post","3":"status-publish","4":"format-standard","5":"has-post-thumbnail","7":"category-marseille","8":"tag-17","9":"tag-actu","10":"tag-actualites","11":"tag-avec","12":"tag-centristes","13":"tag-elections","14":"tag-eu","15":"tag-europe","16":"tag-fr","17":"tag-france","18":"tag-herve","19":"tag-les","20":"tag-marseille","21":"tag-martine","22":"tag-morin","23":"tag-news","24":"tag-provence-alpes-cote-dazur","25":"tag-republique-francaise","26":"tag-vassal"},"share_on_mastodon":{"url":"https:\/\/pubeurope.com\/@fr\/115614752749360579","error":""},"_links":{"self":[{"href":"https:\/\/www.europesays.com\/fr\/wp-json\/wp\/v2\/posts\/559410","targetHints":{"allow":["GET"]}}],"collection":[{"href":"https:\/\/www.europesays.com\/fr\/wp-json\/wp\/v2\/posts"}],"about":[{"href":"https:\/\/www.europesays.com\/fr\/wp-json\/wp\/v2\/types\/post"}],"author":[{"embeddable":true,"href":"https:\/\/www.europesays.com\/fr\/wp-json\/wp\/v2\/users\/2"}],"replies":[{"embeddable":true,"href":"https:\/\/www.europesays.com\/fr\/wp-json\/wp\/v2\/comments?post=559410"}],"version-history":[{"count":0,"href":"https:\/\/www.europesays.com\/fr\/wp-json\/wp\/v2\/posts\/559410\/revisions"}],"wp:featuredmedia":[{"embeddable":true,"href":"https:\/\/www.europesays.com\/fr\/wp-json\/wp\/v2\/media\/559411"}],"wp:attachment":[{"href":"https:\/\/www.europesays.com\/fr\/wp-json\/wp\/v2\/media?parent=559410"}],"wp:term":[{"taxonomy":"category","embeddable":true,"href":"https:\/\/www.europesays.com\/fr\/wp-json\/wp\/v2\/categories?post=559410"},{"taxonomy":"post_tag","embeddable":true,"href":"https:\/\/www.europesays.com\/fr\/wp-json\/wp\/v2\/tags?post=559410"}],"curies":[{"name":"wp","href":"https:\/\/api.w.org\/{rel}","templated":true}]}}