{"id":559414,"date":"2025-11-26T07:12:18","date_gmt":"2025-11-26T07:12:18","guid":{"rendered":"https:\/\/www.europesays.com\/fr\/559414\/"},"modified":"2025-11-26T07:12:18","modified_gmt":"2025-11-26T07:12:18","slug":"le-suspect-toujours-en-garde-a-vue-les-circonstances-se-precisent","status":"publish","type":"post","link":"https:\/\/www.europesays.com\/fr\/559414\/","title":{"rendered":"le suspect toujours en garde \u00e0 vue, les circonstances se pr\u00e9cisent"},"content":{"rendered":"<p>L\u2019homme de 32 ans extrait lundi 25\u00a0novembre de l\u2019h\u00f4pital Saint-Jean-de-Dieu \u00e0 Lyon (8e) se trouvait toujours en garde \u00e0 vue ce mardi pour le meurtre d\u2019un quinquag\u00e9naire, mortellement bless\u00e9 le 14\u00a0novembre \u00e0 Lyon (2e).<\/p>\n<p>Atteint de graves troubles psychiatriques, ce SDF connu pour des violences, et qui est sorti de prison en juin, a \u00e9t\u00e9 arr\u00eat\u00e9 peu apr\u00e8s avoir gri\u00e8vement bless\u00e9 la victime. Mais sa garde \u00e0 vue a \u00e9t\u00e9 rapidement lev\u00e9e en raison de son \u00e9tat et il a \u00e9t\u00e9 hospitalis\u00e9 en psychiatrie.<\/p>\n<p>Le d\u00e9c\u00e8s de la victime, dans la nuit du 21\u00a0novembre \u00e0 l\u2019h\u00f4pital \u00c9douard Herriot, a modifi\u00e9 le cours de l\u2019enqu\u00eate, avec un nouveau placement en garde \u00e0 vue. Selon les informations du Progr\u00e8s , le suspect n\u2019a pas apport\u00e9 d\u2019explications sur son geste lors de ses auditions. Mais des t\u00e9moignages et la vid\u00e9osurveillance le mettent formellement en cause.<\/p>\n<p>  Attaqu\u00e9 sur le quai du tramway<\/p>\n<p>Les faits se sont d\u00e9roul\u00e9s sur le quai du tramway, \u00e0 la station \u00ab\u00a0Perrache\u00a0\u00bb. La victime, \u00e2g\u00e9e de 56 ans et qui, selon des proches sortait de son travail dans un bar du quartier, attendait le tramway pour rentrer chez elle. Il y avait d\u2019autres personnes sur le quai mais le SDF s\u2019est dirig\u00e9 directement vers le quinquag\u00e9naire. Pour quelle raison\u00a0? On l\u2019ignore \u00e0 ce stade de l\u2019enqu\u00eate mais l\u2019hypoth\u00e8se d\u2019un contentieux entre les deux hommes n\u2019est pas exclue.<\/p>\n<p>Le SDF a alors attaqu\u00e9 sa victime, qui a essay\u00e9 de se prot\u00e9ger avec son sac, et l\u2019a bless\u00e9e au niveau du c\u0153ur avec une fourchette \u00e0 barbecue qu\u2019il a sortie de son sac. Il a ensuite quitt\u00e9 les lieux, laissant le quinquag\u00e9naire gri\u00e8vement bless\u00e9. Il a \u00e9t\u00e9 pris en charge dans un \u00e9tat critique, sans avoir pu s\u2019exprimer, ni \u00eatre entendu par la police.<\/p>\n<p>Ce contenu est bloqu\u00e9 car vous n&rsquo;avez pas accept\u00e9 les cookies et autres traceurs.<\/p>\n<p>En cliquant sur \u00ab J\u2019accepte \u00bb, les cookies et autres traceurs seront d\u00e9pos\u00e9s et vous pourrez visualiser les contenus  (<a href=\"\" class=\"consentModule_policy\" target=\"_blank\" title=\"Consulter la politique de protection des donn\u00e9es du fournisseur\">plus d&rsquo;informations<\/a>).<\/p>\n<p>En cliquant sur \u00ab J\u2019accepte tous les cookies \u00bb, vous autorisez des d\u00e9p\u00f4ts de cookies et autres traceurs pour le stockage de vos donn\u00e9es sur nos sites et applications \u00e0 des fins de personnalisation et de ciblage publicitaire.<\/p>\n<p class=\"consentModule_secondaryText\">Vous gardez la possibilit\u00e9 de retirer votre consentement \u00e0 tout moment en consultant notre <a href=\"https:\/\/www.leprogres.fr\/protection-des-donnees\" target=\"_blank\" title=\"Consulter notre politique de protection des donn\u00e9es\" rel=\"noopener\">politique de protection des donn\u00e9es<\/a>. <br \/>&#13;<br \/>\n            <a href=\"https:\/\/www.leprogres.fr\/faits-divers-justice\/2025\/11\/26\/javascript:Didomi.notice.show()\" class=\"consentModule_cmp\" target=\"_blank\" rel=\"noopener\">G\u00e9rer mes choix<\/a>&#13;\n        <\/p>\n<p>&#13;<br \/>\n                        J&rsquo;accepte&#13;<br \/>\n            J&rsquo;accepte tous les cookies&#13;\n        <\/p>\n<p>Selon la famille de la victime, l\u2019homme lui aurait port\u00e9 un coup de tesson de bouteille et lui aurait vol\u00e9 son sac.<\/p>\n<p>Au terme de sa garde \u00e0 vue, le SDF doit \u00eatre d\u00e9f\u00e9r\u00e9 mercredi au tribunal judiciaire en vue d\u2019une ouverture d\u2019information pour meurtre.<\/p>\n","protected":false},"excerpt":{"rendered":"L\u2019homme de 32 ans extrait lundi 25\u00a0novembre de l\u2019h\u00f4pital Saint-Jean-de-Dieu \u00e0 Lyon (8e) se trouvait toujours en garde&hellip;\n","protected":false},"author":2,"featured_media":559415,"comment_status":"","ping_status":"","sticky":false,"template":"","format":"standard","meta":{"footnotes":""},"categories":[1889],"tags":[1111,11,2430,271,272,2757,1777,674,274,107,1011,27,2428,12354,12353,12,25,2429],"class_list":{"0":"post-559414","1":"post","2":"type-post","3":"status-publish","4":"format-standard","5":"has-post-thumbnail","7":"category-lyon","8":"tag-actu","9":"tag-actualites","10":"tag-auvergne-rhone-alpes","11":"tag-crime","12":"tag-delit-et-contravention","13":"tag-edition-lyon-villeurbanne","14":"tag-eu","15":"tag-europe","16":"tag-faits-divers-justice","17":"tag-fil-info","18":"tag-fr","19":"tag-france","20":"tag-lyon","21":"tag-lyon-2e","22":"tag-lyon-2e-arrondissement","23":"tag-news","24":"tag-republique-francaise","25":"tag-rhone"},"share_on_mastodon":{"url":"https:\/\/pubeurope.com\/@fr\/115614760518559406","error":""},"_links":{"self":[{"href":"https:\/\/www.europesays.com\/fr\/wp-json\/wp\/v2\/posts\/559414","targetHints":{"allow":["GET"]}}],"collection":[{"href":"https:\/\/www.europesays.com\/fr\/wp-json\/wp\/v2\/posts"}],"about":[{"href":"https:\/\/www.europesays.com\/fr\/wp-json\/wp\/v2\/types\/post"}],"author":[{"embeddable":true,"href":"https:\/\/www.europesays.com\/fr\/wp-json\/wp\/v2\/users\/2"}],"replies":[{"embeddable":true,"href":"https:\/\/www.europesays.com\/fr\/wp-json\/wp\/v2\/comments?post=559414"}],"version-history":[{"count":0,"href":"https:\/\/www.europesays.com\/fr\/wp-json\/wp\/v2\/posts\/559414\/revisions"}],"wp:featuredmedia":[{"embeddable":true,"href":"https:\/\/www.europesays.com\/fr\/wp-json\/wp\/v2\/media\/559415"}],"wp:attachment":[{"href":"https:\/\/www.europesays.com\/fr\/wp-json\/wp\/v2\/media?parent=559414"}],"wp:term":[{"taxonomy":"category","embeddable":true,"href":"https:\/\/www.europesays.com\/fr\/wp-json\/wp\/v2\/categories?post=559414"},{"taxonomy":"post_tag","embeddable":true,"href":"https:\/\/www.europesays.com\/fr\/wp-json\/wp\/v2\/tags?post=559414"}],"curies":[{"name":"wp","href":"https:\/\/api.w.org\/{rel}","templated":true}]}}