{"id":55942,"date":"2025-04-27T03:58:12","date_gmt":"2025-04-27T03:58:12","guid":{"rendered":"https:\/\/www.europesays.com\/fr\/55942\/"},"modified":"2025-04-27T03:58:12","modified_gmt":"2025-04-27T03:58:12","slug":"omnisports-lanniversaire-dun-ancien-joueur-de-las-nancy-lorraine-des-albums-photos-et-quartararo-en-pole-du-gp-despagne-on-en-parle-au-cafe-des-sports","status":"publish","type":"post","link":"https:\/\/www.europesays.com\/fr\/55942\/","title":{"rendered":"Omnisports L\u2019anniversaire d\u2019un ancien joueur de l\u2019AS Nancy Lorraine, des albums photos et Quartararo en p\u00f4le du GP d\u2019Espagne\u2026 On en parle au caf\u00e9 des sports\u00a0!"},"content":{"rendered":"<p>  Joyeux anniversaire<\/p>\n<p>Toujours en activit\u00e9 dans son pays (il entra\u00eene l\u2019\u00e9quipe du Warta Poznan), l\u2019ex milieu de terrain polonais de l\u2019ASNL (1990-1992) Richard Tarasiewicz f\u00eate ses 63 ans ce dimanche. Un an de plus \u00e9galement pour l\u2019entra\u00eeneur du p\u00f4le d\u2019aviron de Nancy S\u00e9bastien Bel qui souffle ses 54 bougies.<\/p>\n<p>  Sur le web<\/p>\n<p>Ce dimanche, sur notre page web, vous pourrez suivre les r\u00e9sultats en direct et, bien s\u00fbr, vous d\u00e9lecter de nos habituels diaporamas et vid\u00e9os.<\/p>\n<p>  \u00c0 la t\u00e9l\u00e9<\/p>\n<p><strong>13\u00a0h\u00a035\u00a0:<\/strong> CYCLISME. Li\u00e8ge-Bastogne-Li\u00e8ge (France 3)<\/p>\n<p><strong>13\u00a0h\u00a045\u00a0:<\/strong> HANDBALL. Ligue des Champions (1\/4 retour). Metz &#8211; Brest (Eurosport 1)<\/p>\n<p><strong>13\u00a0h\u00a055\u00a0:<\/strong> MOTO. Grand Prix d\u2019Espagne (Canal +)<\/p>\n<p><strong>16\u00a0h\u00a015 :<\/strong> BASKET. Coupe de France. Finale. Paris &#8211; Le\u00a0Mans (la cha\u00eene L\u2019\u00c9quipe)<\/p>\n<p><strong>18\u00a0h\u00a0:<\/strong> FOOT. Ligue des Champions F\/\u00bd finale retour. Lyon &#8211; Arsenal (DAZN)<\/p>\n<p><strong>20\u00a0h\u00a045\u00a0:<\/strong> FOOT. Ligue 1. Marseille &#8211; Brest (DAZN).<\/p>\n","protected":false},"excerpt":{"rendered":"Joyeux anniversaire Toujours en activit\u00e9 dans son pays (il entra\u00eene l\u2019\u00e9quipe du Warta Poznan), l\u2019ex milieu de terrain&hellip;\n","protected":false},"author":2,"featured_media":55943,"comment_status":"","ping_status":"","sticky":false,"template":"","format":"standard","meta":{"footnotes":""},"categories":[9635],"tags":[1111,11,3810,1704,1777,674,63,1011,27,775,1702,1703,12,25,517,1700,15103],"class_list":{"0":"post-55942","1":"post","2":"type-post","3":"status-publish","4":"format-standard","5":"has-post-thumbnail","7":"category-nancy","8":"tag-actu","9":"tag-actualites","10":"tag-aviron","11":"tag-edition-nancy-et-agglomeration","12":"tag-eu","13":"tag-europe","14":"tag-football","15":"tag-fr","16":"tag-france","17":"tag-grand-est","18":"tag-nancy","19":"tag-nancy-ville-54b","20":"tag-news","21":"tag-republique-francaise","22":"tag-sport","23":"tag-sport-lorrain","24":"tag-sports-nautiques"},"share_on_mastodon":{"url":"https:\/\/pubeurope.com\/@fr\/114407925624436502","error":""},"_links":{"self":[{"href":"https:\/\/www.europesays.com\/fr\/wp-json\/wp\/v2\/posts\/55942","targetHints":{"allow":["GET"]}}],"collection":[{"href":"https:\/\/www.europesays.com\/fr\/wp-json\/wp\/v2\/posts"}],"about":[{"href":"https:\/\/www.europesays.com\/fr\/wp-json\/wp\/v2\/types\/post"}],"author":[{"embeddable":true,"href":"https:\/\/www.europesays.com\/fr\/wp-json\/wp\/v2\/users\/2"}],"replies":[{"embeddable":true,"href":"https:\/\/www.europesays.com\/fr\/wp-json\/wp\/v2\/comments?post=55942"}],"version-history":[{"count":0,"href":"https:\/\/www.europesays.com\/fr\/wp-json\/wp\/v2\/posts\/55942\/revisions"}],"wp:featuredmedia":[{"embeddable":true,"href":"https:\/\/www.europesays.com\/fr\/wp-json\/wp\/v2\/media\/55943"}],"wp:attachment":[{"href":"https:\/\/www.europesays.com\/fr\/wp-json\/wp\/v2\/media?parent=55942"}],"wp:term":[{"taxonomy":"category","embeddable":true,"href":"https:\/\/www.europesays.com\/fr\/wp-json\/wp\/v2\/categories?post=55942"},{"taxonomy":"post_tag","embeddable":true,"href":"https:\/\/www.europesays.com\/fr\/wp-json\/wp\/v2\/tags?post=55942"}],"curies":[{"name":"wp","href":"https:\/\/api.w.org\/{rel}","templated":true}]}}