{"id":559420,"date":"2025-11-26T07:18:15","date_gmt":"2025-11-26T07:18:15","guid":{"rendered":"https:\/\/www.europesays.com\/fr\/559420\/"},"modified":"2025-11-26T07:18:15","modified_gmt":"2025-11-26T07:18:15","slug":"les-valeurs-a-suivre-a-paris-et-en-europe-26-11-2025-a-0650","status":"publish","type":"post","link":"https:\/\/www.europesays.com\/fr\/559420\/","title":{"rendered":"Les valeurs \u00e0 suivre \u00e0 Paris et en Europe &#8211; 26\/11\/2025 \u00e0 06:50"},"content":{"rendered":"<p>\n *\n<\/p>\n<p>\n Variation des futures sur indice CAC 40  0#FCE:\n<\/p>\n<p>\n *\n<\/p>\n<p>\n Variation des futures sur indice Stoxx 600  0#FXXP:\n<\/p>\n<p>\n *\n<\/p>\n<p>\n Valeurs qui se traitent ex-dividende  .EX.PA\n<\/p>\n<p>\n *\n<\/p>\n<p>\n Le point sur les march\u00e9s europ\u00e9ens  .EUFR\n<\/p>\n<p>\n Les valeurs \u00e0 suivre<br \/>\nmercredi \u00e0 la Bourse de Paris et en Europe :\n<\/p>\n<p>\n * SECTEUR AUTOMOBILE &#8211; Le groupe chinois CATL entamera ce<br \/>\nmercredi la construction de la plus grande usine de batteries<br \/>\nd&rsquo;Espagne, un projet de 4,1 milliards d&rsquo;euros men\u00e9 avec<br \/>\nSTELLANTIS<br \/>\n <a href=\"https:\/\/www.boursorama.com\/cours\/1gSTLAM\/\" target=\"_blank\" rel=\"noopener\"><br \/>\n  STLAM.MI<br \/>\n <\/a><br \/>\n qui met en \u00e9vidence la d\u00e9pendance de<br \/>\nl&rsquo;Europe \u00e0 l&rsquo;\u00e9gard de la technologie chinoise alors m\u00eame que<br \/>\nBruxelles cherche \u00e0 durcir les r\u00e8gles commerciales.\n<\/p>\n<p>\n * SAP<br \/>\n <a href=\"https:\/\/www.boursorama.com\/cours\/1zSAP\/\" target=\"_blank\" rel=\"noopener\"><br \/>\n  SAPG.DE<br \/>\n <\/a><br \/>\n &#8211; La soci\u00e9t\u00e9 am\u00e9ricaine de logiciels o9<br \/>\nSolutions a d\u00e9pos\u00e9 mardi une plainte devant la cour f\u00e9d\u00e9rale du<br \/>\nTexas contre SAP pour vol de secrets commerciaux li\u00e9s \u00e0 son<br \/>\nlogiciel de gestion de la cha\u00eene d&rsquo;approvisionnement.\n<\/p>\n<p>\n * EVOKE  EVOK.L  a mandat\u00e9 des banquiers pour \u00e9valuer ses<br \/>\noptions, notamment une \u00e9ventuelle cession de son activit\u00e9 en<br \/>\nligne en Italie si le gouvernement impose de fortes hausses<br \/>\nd&rsquo;imp\u00f4ts dans le prochain budget, a rapport\u00e9 Sky News mardi.\n<\/p>\n<p>\n L&rsquo;AGENDA FRANCE &amp; INTERNATIONAL \u00c0 7 JOURS:<br \/>\n nL8N3WX1AD\n<\/p>\n<p>\n (R\u00e9dig\u00e9 par Diana Mandia et Claude Chendjou, \u00e9dit\u00e9 par Augustin<br \/>\nTurpin et Camille Raynaud)<\/p>\n","protected":false},"excerpt":{"rendered":"* Variation des futures sur indice CAC 40 0#FCE: * Variation des futures sur indice Stoxx 600 0#FXXP:&hellip;\n","protected":false},"author":2,"featured_media":481458,"comment_status":"","ping_status":"","sticky":false,"template":"","format":"standard","meta":{"footnotes":""},"categories":[1888],"tags":[400,1111,1928,11,1927,398,408,405,1777,674,1011,27,403,402,399,404,12,1926,626,1925,25,401,406,407],"class_list":{"0":"post-559420","1":"post","2":"type-post","3":"status-publish","4":"format-standard","5":"has-post-thumbnail","7":"category-paris","8":"tag-action-cac-40","9":"tag-actu","10":"tag-actu-paris","11":"tag-actualites","12":"tag-actualites-paris","13":"tag-bourse-de-paris","14":"tag-boursorama","15":"tag-cotations","16":"tag-eu","17":"tag-europe","18":"tag-fr","19":"tag-france","20":"tag-indices-devises","21":"tag-investir","22":"tag-investissement","23":"tag-marche-boursier","24":"tag-news","25":"tag-news-paris","26":"tag-paris","27":"tag-paris-news","28":"tag-republique-francaise","29":"tag-sicav","30":"tag-trackers","31":"tag-warrants"},"share_on_mastodon":{"url":"https:\/\/pubeurope.com\/@fr\/115614784276112906","error":""},"_links":{"self":[{"href":"https:\/\/www.europesays.com\/fr\/wp-json\/wp\/v2\/posts\/559420","targetHints":{"allow":["GET"]}}],"collection":[{"href":"https:\/\/www.europesays.com\/fr\/wp-json\/wp\/v2\/posts"}],"about":[{"href":"https:\/\/www.europesays.com\/fr\/wp-json\/wp\/v2\/types\/post"}],"author":[{"embeddable":true,"href":"https:\/\/www.europesays.com\/fr\/wp-json\/wp\/v2\/users\/2"}],"replies":[{"embeddable":true,"href":"https:\/\/www.europesays.com\/fr\/wp-json\/wp\/v2\/comments?post=559420"}],"version-history":[{"count":0,"href":"https:\/\/www.europesays.com\/fr\/wp-json\/wp\/v2\/posts\/559420\/revisions"}],"wp:featuredmedia":[{"embeddable":true,"href":"https:\/\/www.europesays.com\/fr\/wp-json\/wp\/v2\/media\/481458"}],"wp:attachment":[{"href":"https:\/\/www.europesays.com\/fr\/wp-json\/wp\/v2\/media?parent=559420"}],"wp:term":[{"taxonomy":"category","embeddable":true,"href":"https:\/\/www.europesays.com\/fr\/wp-json\/wp\/v2\/categories?post=559420"},{"taxonomy":"post_tag","embeddable":true,"href":"https:\/\/www.europesays.com\/fr\/wp-json\/wp\/v2\/tags?post=559420"}],"curies":[{"name":"wp","href":"https:\/\/api.w.org\/{rel}","templated":true}]}}