{"id":559425,"date":"2025-11-26T07:21:21","date_gmt":"2025-11-26T07:21:21","guid":{"rendered":"https:\/\/www.europesays.com\/fr\/559425\/"},"modified":"2025-11-26T07:21:21","modified_gmt":"2025-11-26T07:21:21","slug":"collusion-americaine-avec-la-russie-sarkozy-va-savoir-pour-bygmalion-et-complotisme","status":"publish","type":"post","link":"https:\/\/www.europesays.com\/fr\/559425\/","title":{"rendered":"Collusion am\u00e9ricaine avec la Russie, Sarkozy va savoir pour Bygmalion et complotisme"},"content":{"rendered":"<p>Vous avez manqu\u00e9 les infos de ce d\u00e9but de matin\u00e9e\u00a0? On vous a concoct\u00e9 un r\u00e9cap pour vous aider \u00e0 y voir plus clair et briller \u00e0 la machine \u00e0 caf\u00e9.<\/p>\n<p>C\u2019est un nouveau document qui montre que les Etats-Unis ne semblent pas compl\u00e8tement neutres entre la Russie et l\u2019Ukraine. L\u2019\u00e9missaire sp\u00e9cial de Donald Trump est soup\u00e7onn\u00e9 de collusion avec le Kremlin. Une conversation t\u00e9l\u00e9phonique r\u00e9v\u00e9l\u00e9e mardi par Bloomberg prouve en effet que <a href=\"https:\/\/www.20minutes.fr\/monde\/etats-unis\/4166898-20250806-guerre-ukraine-steve-witkoff-milliardaire-devenu-envoye-special-donald-trump\" target=\"_blank\" class=\"c-link c-link--is-underlined\" rel=\"noopener\">Steve Witkoff<\/a> a donn\u00e9 des conseils \u00e0 un conseiller diplomatique de Vladimir Poutine sur la mani\u00e8re de parler \u00e0 Donald Trump de la <a href=\"https:\/\/www.20minutes.fr\/monde\/ukraine\/4187971-20251126-direct-guerre-ukraine-trump-defend-emissaire-special-accuse-collusion-moscou\" target=\"_blank\" class=\"c-link c-link--is-underlined\" rel=\"noopener\">guerre en Ukraine<\/a>. L\u2019agence de presse am\u00e9ricaine a publi\u00e9 la retranscription d\u2019un \u00e9change du 14\u00a0octobre entre l\u2019ancien homme d\u2019affaires am\u00e9ricain et Iouri Ouchakov dans lequel est \u00e9voqu\u00e9 un futur plan de r\u00e8glement du conflit. Selon ce document, Steve Witkoff sugg\u00e8re un appel t\u00e9l\u00e9phonique entre Donald Trump et Vladimir Poutine, lors duquel ce dernier \u00ab\u00a0f\u00e9liciterait le pr\u00e9sident (am\u00e9ricain) pour ce succ\u00e8s\u00a0\u00bb. L\u2019\u00e9missaire sp\u00e9cial am\u00e9ricain conseille que cet \u00e9change ait lieu avant une visite \u00e0 la Maison-Blanche de Volodymyr Zelensky, pr\u00e9vue le 17\u00a0octobre. Donald Trump a depuis pris la d\u00e9fense de son \u00e9missaire, qui doit rencontrer le pr\u00e9sident russe la semaine prochaine \u00e0 Moscou. Tout en indiquant n\u2019avoir pas entendu la conversation en question, le locataire de la Maison-Blanche a jug\u00e9 qu\u2019il s\u2019agissait d\u2019une technique de n\u00e9gociation \u00ab\u00a0standard\u00a0\u00bb.<\/p>\n<p>Nicolas Sarkozy a une nouvelle fois le mot justice \u00e9crit ce mercredi dans son agenda. La Cour de cassation va en effet se prononcer sur le pourvoi de l\u2019ancien pr\u00e9sident dans l\u2019affaire Bygmalion. Elle fait peser le couperet d\u2019une deuxi\u00e8me condamnation p\u00e9nale d\u00e9finitive au-dessus de l\u2019ex-chef de l\u2019Etat, qui affrontera au printemps (du 6\u00a0mars au 3\u00a0juin) le proc\u00e8s libyen en appel. Cette proc\u00e9dure en cassation, qui a suspendu la peine prononc\u00e9e \u00e0 son encontre, est l\u2019ultime recours en droit fran\u00e7ais pour <a href=\"https:\/\/www.20minutes.fr\/politique\/4187092-20251121-sarkozy-prison-ancien-chef-etat-sortira-tres-bientot-livre-journal-prisonnier\" target=\"_blank\" class=\"c-link c-link--is-underlined\" rel=\"noopener\">Nicolas Sarkozy<\/a> dans ce dossier.<\/p>\n<p>Avec Candace Owens, le complotisme continue de tourner \u00e0 plein r\u00e9gime. La podcasteuse am\u00e9ricaine, qui propage sur Internet <a href=\"https:\/\/www.20minutes.fr\/justice\/4165041-20250723-brigitte-macron-couple-presidentiel-poursuit-influenceuse-americaine-diffamation\" target=\"_blank\" class=\"c-link c-link--is-underlined\" rel=\"noopener\">des rumeurs concernant Brigitte Macron<\/a>, a assur\u00e9 sur X que le couple pr\u00e9sidentiel avait \u00ab\u00a0commandit\u00e9 et financ\u00e9\u00a0\u00bb son assassinat. Selon elle, une \u00e9quipe du GIGN devait accomplir cette mission. Aupr\u00e8s de 20 Minutes, une source proche du groupe d\u2019intervention balaye ces accusations estimant qu\u2019il s\u2019agit de propos \u00ab\u00a0ridicules\u00a0\u00bb qui ont m\u00eame bien fait rire les membres de l\u2019unit\u00e9. L\u2019influenceuse ne se contente en outre pas de diffuser cette histoire. Elle affirme \u00e9galement que l\u2019assassin <a href=\"https:\/\/www.20minutes.fr\/diaporama\/diaporama-4174439-images-galaxie-maga-reunit-donald-trump-hommage-charlie-kirk\" target=\"_blank\" class=\"c-link c-link--is-underlined\" rel=\"noopener\">du blogueur \u00ab\u00a0MAGA\u00a0\u00bb Charlie Kirk<\/a>, s\u2019\u00e9tait entra\u00een\u00e9 avec la L\u00e9gion \u00e9trang\u00e8re fran\u00e7aise. Ce que d\u00e9ment l\u00e0 aussi l\u2019arm\u00e9e.<\/p>\n","protected":false},"excerpt":{"rendered":"Vous avez manqu\u00e9 les infos de ce d\u00e9but de matin\u00e9e\u00a0? On vous a concoct\u00e9 un r\u00e9cap pour vous&hellip;\n","protected":false},"author":2,"featured_media":559426,"comment_status":"","ping_status":"","sticky":false,"template":"","format":"standard","meta":{"footnotes":""},"categories":[1591],"tags":[47,11,986,54624,75,1073,73,1887,131,12,3091,1885,1886,132,104,37274,4804,133,135],"class_list":{"0":"post-559425","1":"post","2":"type-post","3":"status-publish","4":"format-standard","5":"has-post-thumbnail","7":"category-russie","8":"tag-actualite","9":"tag-actualites","10":"tag-brigitte-macron","11":"tag-bygmalion","12":"tag-donald-trump","13":"tag-emmanuel-macron","14":"tag-etats-unis","15":"tag-federation-de-russie","16":"tag-guerre-en-ukraine","17":"tag-news","18":"tag-nicolas-sarkozy","19":"tag-russia","20":"tag-russian-federation","21":"tag-russie","22":"tag-societe","23":"tag-theorie-du-complot","24":"tag-toute-linfo-en-2-minutes","25":"tag-video","26":"tag-vladimir-poutine"},"share_on_mastodon":{"url":"https:\/\/pubeurope.com\/@fr\/115614795962695343","error":""},"_links":{"self":[{"href":"https:\/\/www.europesays.com\/fr\/wp-json\/wp\/v2\/posts\/559425","targetHints":{"allow":["GET"]}}],"collection":[{"href":"https:\/\/www.europesays.com\/fr\/wp-json\/wp\/v2\/posts"}],"about":[{"href":"https:\/\/www.europesays.com\/fr\/wp-json\/wp\/v2\/types\/post"}],"author":[{"embeddable":true,"href":"https:\/\/www.europesays.com\/fr\/wp-json\/wp\/v2\/users\/2"}],"replies":[{"embeddable":true,"href":"https:\/\/www.europesays.com\/fr\/wp-json\/wp\/v2\/comments?post=559425"}],"version-history":[{"count":0,"href":"https:\/\/www.europesays.com\/fr\/wp-json\/wp\/v2\/posts\/559425\/revisions"}],"wp:featuredmedia":[{"embeddable":true,"href":"https:\/\/www.europesays.com\/fr\/wp-json\/wp\/v2\/media\/559426"}],"wp:attachment":[{"href":"https:\/\/www.europesays.com\/fr\/wp-json\/wp\/v2\/media?parent=559425"}],"wp:term":[{"taxonomy":"category","embeddable":true,"href":"https:\/\/www.europesays.com\/fr\/wp-json\/wp\/v2\/categories?post=559425"},{"taxonomy":"post_tag","embeddable":true,"href":"https:\/\/www.europesays.com\/fr\/wp-json\/wp\/v2\/tags?post=559425"}],"curies":[{"name":"wp","href":"https:\/\/api.w.org\/{rel}","templated":true}]}}