{"id":559429,"date":"2025-11-26T07:23:13","date_gmt":"2025-11-26T07:23:13","guid":{"rendered":"https:\/\/www.europesays.com\/fr\/559429\/"},"modified":"2025-11-26T07:23:13","modified_gmt":"2025-11-26T07:23:13","slug":"il-fait-un-excellent-travail-trump-soutient-le-directeur-du-fbi-apres-des-rumeurs-disant-quil-veut-le-licencier","status":"publish","type":"post","link":"https:\/\/www.europesays.com\/fr\/559429\/","title":{"rendered":"\u00ab\u00a0Il fait un excellent travail\u00a0\u00bb\u00a0: Trump soutient le directeur du FBI, apr\u00e8s des rumeurs disant qu\u2019il veut le licencier"},"content":{"rendered":"<p class=\"paragraph text_align_left lp-f-body-02\">Le directeur du FBI sera-t-il contraint de quitter son poste ? Pas pour l\u2019heure \u00e0 en croire Donald Trump. Le pr\u00e9sident am\u00e9ricain a apport\u00e9 ce mardi son soutien \u00e0 Kash Patel, <a href=\"https:\/\/www.leparisien.fr\/international\/etats-unis\/etats-unis-kash-patel-confirme-de-justesse-comme-directeur-du-fbi-20-02-2025-WDIHTLKWGRDXPDQHKRB5RESRLA.php\" target=\"_blank\" rel=\"noreferrer noopener\">l\u2019un de ses soutiens en poste depuis f\u00e9vrier<\/a>, selon <a href=\"https:\/\/www.reuters.com\/world\/us\/trump-weighing-ouster-fbi-director-kash-patel-ms-now-reports-2025-11-25\/\" target=\"_blank\" rel=\"noreferrer noopener\">l\u2019agence de presse Reuters<\/a>. \u00ab Je pense qu\u2019il fait un excellent travail \u00bb, a affirm\u00e9 le chef d\u2019\u00c9tat \u00e0 des journalistes \u00e0 bord de l\u2019avion pr\u00e9sidentiel Air Force One.<\/p>\n<p class=\"paragraph text_align_left lp-f-body-02\">Ce d\u00e9menti fait suite \u00e0 la publication ce mardi d\u2019un article de la cha\u00eene de t\u00e9l\u00e9vision am\u00e9ricaine <a href=\"https:\/\/www.ms.now\/news\/trump-kash-patel-replacing-fbi-director-planes-girlfriend\" target=\"_blank\" rel=\"noreferrer noopener\">MS Now<\/a> s\u2019appuyant sur trois sources anonymes, selon qui Donald Trump envisagerait de limoger Kash Patel de son poste. D\u2019apr\u00e8s la m\u00eame source, Andrew Bailey, coordinateur adjoint du FBI, pourrait \u00eatre nomm\u00e9 \u00e0 sa place.<\/p>\n<p>\u00ab Quoi ? C\u2019est compl\u00e8tement faux \u00bb<\/p>\n<p class=\"paragraph text_align_left lp-f-body-02\">\u00ab Au moment de la publication de cette fausse information, je me trouvais dans le Bureau ovale, o\u00f9 le pr\u00e9sident Trump rencontrait son \u00e9quipe charg\u00e9e des forces de l\u2019ordre, notamment le directeur du FBI, Kash Patel. J\u2019ai lu le titre au Pr\u00e9sident et il a ri. Il a dit : \u00ab Quoi ? C\u2019est compl\u00e8tement faux. Allez Kash, prenons une photo pour leur montrer que tu fais du super boulot ! \u00bb. Ne croyez pas aux fausses informations ! \u00bb, a r\u00e9agi <a href=\"https:\/\/x.com\/PressSec\/status\/1993408132559654976\" target=\"_blank\" rel=\"noreferrer\">sur le r\u00e9seau social X<\/a> Karoline Leavitt, porte-parole de la Maison Blanche, apr\u00e8s la publication de l\u2019article de MS Now, anciennement appel\u00e9 MSNBC.<\/p>\n<p class=\"paragraph text_align_left lp-f-body-02\">Comme le rappelle Reuters, les directeurs du FBI sont nomm\u00e9s pour un mandat de dix ans, justement pour \u00e9viter toute ing\u00e9rence politique. Le S\u00e9nat doit valider sa nomination, <a href=\"https:\/\/www.leparisien.fr\/international\/etats-unis\/etats-unis-kash-patel-confirme-de-justesse-comme-directeur-du-fbi-20-02-2025-WDIHTLKWGRDXPDQHKRB5RESRLA.php\" target=\"_blank\" rel=\"noopener\">ce qui est intervenu le 20 f\u00e9vrier pour Kash Patel<\/a>. Lors du premier mandat de Donald Trump, il a \u00e9t\u00e9 conseill\u00e9 du directeur du renseignement national et du secr\u00e9taire \u00e0 la D\u00e9fense. Kash Patel a d\u00e9j\u00e0 appel\u00e9 \u00e0 licencier tout employ\u00e9 refusant d\u2019appliquer le programme de Donald Trump, selon Reuters.<\/p>\n<p class=\"paragraph text_align_left lp-f-body-02\">Donald Trump a multipli\u00e9 les licenciements, y compris au minist\u00e8re de la Justice et au FBI. D\u2019apr\u00e8s Reuters, ce sont plus de 200 personnes qui ont perdu leur emploi, dont plusieurs dizaines qui travaillaient sur des affaires li\u00e9es \u00e0 Donald Trump ou son entourage.<\/p>\n","protected":false},"excerpt":{"rendered":"Le directeur du FBI sera-t-il contraint de quitter son poste ? Pas pour l\u2019heure \u00e0 en croire Donald&hellip;\n","protected":false},"author":2,"featured_media":559430,"comment_status":"","ping_status":"","sticky":false,"template":"","format":"standard","meta":{"footnotes":""},"categories":[1589],"tags":[11,73,1866,14,12,1864,1865,1863,308],"class_list":{"0":"post-559429","1":"post","2":"type-post","3":"status-publish","4":"format-standard","5":"has-post-thumbnail","7":"category-etats-unis","8":"tag-actualites","9":"tag-etats-unis","10":"tag-etats-unis-damerique","11":"tag-international","12":"tag-news","13":"tag-united-states","14":"tag-united-states-of-america","15":"tag-us","16":"tag-usa"},"share_on_mastodon":{"url":"https:\/\/pubeurope.com\/@fr\/115614803802138958","error":""},"_links":{"self":[{"href":"https:\/\/www.europesays.com\/fr\/wp-json\/wp\/v2\/posts\/559429","targetHints":{"allow":["GET"]}}],"collection":[{"href":"https:\/\/www.europesays.com\/fr\/wp-json\/wp\/v2\/posts"}],"about":[{"href":"https:\/\/www.europesays.com\/fr\/wp-json\/wp\/v2\/types\/post"}],"author":[{"embeddable":true,"href":"https:\/\/www.europesays.com\/fr\/wp-json\/wp\/v2\/users\/2"}],"replies":[{"embeddable":true,"href":"https:\/\/www.europesays.com\/fr\/wp-json\/wp\/v2\/comments?post=559429"}],"version-history":[{"count":0,"href":"https:\/\/www.europesays.com\/fr\/wp-json\/wp\/v2\/posts\/559429\/revisions"}],"wp:featuredmedia":[{"embeddable":true,"href":"https:\/\/www.europesays.com\/fr\/wp-json\/wp\/v2\/media\/559430"}],"wp:attachment":[{"href":"https:\/\/www.europesays.com\/fr\/wp-json\/wp\/v2\/media?parent=559429"}],"wp:term":[{"taxonomy":"category","embeddable":true,"href":"https:\/\/www.europesays.com\/fr\/wp-json\/wp\/v2\/categories?post=559429"},{"taxonomy":"post_tag","embeddable":true,"href":"https:\/\/www.europesays.com\/fr\/wp-json\/wp\/v2\/tags?post=559429"}],"curies":[{"name":"wp","href":"https:\/\/api.w.org\/{rel}","templated":true}]}}