{"id":559433,"date":"2025-11-26T07:25:18","date_gmt":"2025-11-26T07:25:18","guid":{"rendered":"https:\/\/www.europesays.com\/fr\/559433\/"},"modified":"2025-11-26T07:25:18","modified_gmt":"2025-11-26T07:25:18","slug":"barometre-de-lemploi-en-allemagne-nouvelle-baisse-en-novembre-sur-fond-deconomie-hesitante","status":"publish","type":"post","link":"https:\/\/www.europesays.com\/fr\/559433\/","title":{"rendered":"Barom\u00e8tre de l&#8217;emploi en Allemagne : nouvelle baisse en novembre sur fond d&rsquo;\u00e9conomie \u00ab\u00a0h\u00e9sitante\u00a0\u00bb"},"content":{"rendered":"<td class=\"is__realtime px-5\">\n<tr wp_automatic_readability=\"2\">\n<td colspan=\"3\" class=\"is__realtime-quality js-next-event-quotes\" data-next-event=\"2025-11-26T09:00:00+01:00\">\n<p>                                            March\u00e9 Ferm\u00e9 &#8211;<\/p>\n<p>                                            Switzerland<\/p>\n<p>17:50:00 25\/11\/2025<\/p>\n<\/td>\n<td class=\"txt-align-center is__realtime-quality c-none cm-table\">\n                            Varia. 5j.\n                        <\/td>\n<td class=\"txt-align-center is__realtime-quality\">\n                            Varia. 1 janv.\n                        <\/td>\n<\/tr>\n<tr>\n<td class=\"txt-s7 is__realtime-last txt-align-left\">\n<p>568,01                        PTS\n                                    <\/td>\n<td class=\"txt-s7 is__realtime-var txt-align-left\">\n                                             +0,91\u00a0%\n                                    <\/td>\n<td class=\"table-child--middle c-none cs-table table-child--no-pad\">\n                                                <img loading=\"lazy\" decoding=\"async\" style=\"vertical-align: middle\" width=\"120\" height=\"45\" alt=\"Graphique intraday de STOXX Europe 600 Index (EUR)\" src=\"https:\/\/www.zonebourse.com\/zbcache\/charts\/ObjectChart.aspx?Name=7477&amp;Type=Intraday&amp;Width=120&amp;Height=45&amp;ShowAxis=0&amp;DTstart=2025-11-25&amp;Render=Line&amp;BottomMargin=3&amp;TopMargin=5&amp;Prev=562.88\" onerror=\"this.style.display='none'\"\/>                    <\/td>\n<td class=\"txt-s4 txt-align-center c-none cm-table\">\n                             +1,09\u00a0%\n                        <\/td>\n<td class=\"txt-s4 txt-align-center\">\n                                                             +11,90\u00a0%\n                                                    <\/td>\n<\/tr>\n<p class=\"m-0 txt-s1\">Publi\u00e9 le 26\/11\/2025<br \/>\n                    \u00e0 08:19<\/p>\n<p>                                            MT Newswires<br \/>\n                                                                                            &#8211;<br \/>\n                                                Traduit par Zonebourse<\/p>\n<p>Avertissement l\u00e9gal<\/p>\n<p>Contactez-nous pour toute demande de correction<\/p>\n<p>                                                &#8211; Voir l&rsquo;original]]]]>]]><\/p>\n<p>D\u00e9bloquer l&rsquo;article : INSCRIVEZ-VOUS !<\/p>\n<p><img decoding=\"async\" src=\"https:\/\/www.europesays.com\/fr\/wp-content\/uploads\/2025\/08\/mtnewswires.png\" alt=\"mtnewswires logo\" class=\"c-block ml-auto\"\/><br \/>\n                    \u00a9 MT Newswires &#8211;<br \/>\n                                        2025<\/p>\n<tr class=\" \" wp_automatic_readability=\"0.23684210526316\">\n<td class=\"table-child--centered table-child--top table-child--nowrap table-child--w60 txt-s1\">08:19<\/td>\n<td class=\"w-100\"><a href=\"https:\/\/www.zonebourse.com\/actualite-bourse\/barometre-de-l-emploi-en-allemagne-nouvelle-baisse-en-novembre-sur-fond-d-economie-hesitante--ce7d5ed2df81f325\" class=\"txt- txt-overflow-2 link link--no-underline my-5 my-m-0 \" target=\"_blank\" rel=\"noopener\"><\/p>\n<p>Barom\u00e8tre de l&#8217;emploi en Allemagne : nouvelle baisse en novembre sur fond d&rsquo;\u00e9conomie \u00ab\u00a0h\u00e9sitante\u00a0\u00bb<\/p>\n<p>                <\/a><\/td>\n<td class=\"table-child--right  table-child--top table-child--w60 c-none cm-table\">\n                                    MT\n                        <\/td>\n<\/tr>\n<tr class=\" \" wp_automatic_readability=\"0.24657534246575\">\n<td class=\"table-child--centered table-child--top table-child--nowrap table-child--w60 txt-s1\">07:46<\/td>\n<td class=\"w-100\"><a href=\"https:\/\/www.zonebourse.com\/actualite-bourse\/hausse-prudente-en-vue-en-europe-avant-la-fed-et-des-indicateurs-ce7d5ed2dc8df124\" class=\"txt- txt-overflow-2 link link--no-underline my-5 my-m-0 \" target=\"_blank\" rel=\"noopener\"><\/p>\n<p>Hausse prudente en vue en Europe avant la Fed et des indicateurs<\/p>\n<p>                <\/a><\/td>\n<td class=\"table-child--right  table-child--top table-child--w60 c-none cm-table\">\n                                    RE\n                        <\/td>\n<\/tr>\n<tr class=\" \" wp_automatic_readability=\"0.28571428571429\">\n<td class=\"table-child--centered table-child--top table-child--nowrap table-child--w60 txt-s1\">\n    25\/11<\/td>\n<td class=\"w-100\"><a href=\"https:\/\/www.zonebourse.com\/actualite-bourse\/obiz-en-croissance-annuelle-de-17-ce7d5ed2d889f723\" class=\"txt- txt-overflow-2 link link--no-underline my-5 my-m-0 \" target=\"_blank\" rel=\"noopener\"><\/p>\n<p>Obiz : en croissance annuelle de 17%<\/p>\n<p>                <\/a><\/td>\n<td class=\"table-child--right  table-child--top table-child--w60 c-none cm-table\"><img loading=\"lazy\" decoding=\"async\" src=\"https:\/\/www.europesays.com\/fr\/wp-content\/uploads\/2025\/05\/logo_at.gif\" width=\"14\" height=\"8\" alt=\"Zonebourse\"\/><\/td>\n<\/tr>\n<tr class=\" \" wp_automatic_readability=\"0.39705882352941\">\n<td class=\"table-child--centered table-child--top table-child--nowrap table-child--w60 txt-s1\">\n    25\/11<\/td>\n<td class=\"w-100\"><a href=\"https:\/\/www.zonebourse.com\/actualite-bourse\/l-europe-termine-en-hausse-les-paris-sur-la-fed-en-soutien-ce7d5ed2d889f726\" class=\"txt- txt-overflow-2 link link--no-underline my-5 my-m-0 \" target=\"_blank\" rel=\"noopener\"><\/p>\n<p>L&rsquo;Europe termine en hausse, les paris sur la Fed en soutien<\/p>\n<p>                <\/a><\/td>\n<td class=\"table-child--right  table-child--top table-child--w60 c-none cm-table\">\n                                    RE\n                        <\/td>\n<\/tr>\n<tr class=\" \" wp_automatic_readability=\"0.23684210526316\">\n<td class=\"table-child--centered table-child--top table-child--nowrap table-child--w60 txt-s1\">\n    25\/11<\/td>\n<td class=\"w-100\"><a href=\"https:\/\/www.zonebourse.com\/actualite-bourse\/les-marches-europeens-cloturent-en-hausse-mardi-l-economie-allemande-stagne-au-troisieme-trimestre-ce7d5ed2d980fe21\" class=\"txt- txt-overflow-2 link link--no-underline my-5 my-m-0 \" target=\"_blank\" rel=\"noopener\"><\/p>\n<p>Les march\u00e9s europ\u00e9ens cl\u00f4turent en hausse mardi ; l&rsquo;\u00e9conomie allemande stagne au troisi\u00e8me trimestre<\/p>\n<p>                <\/a><\/td>\n<td class=\"table-child--right  table-child--top table-child--w60 c-none cm-table\">\n                                    MT\n                        <\/td>\n<\/tr>\n<tr class=\" \" wp_automatic_readability=\"0.32530120481928\">\n<td class=\"table-child--centered table-child--top table-child--nowrap table-child--w60 txt-s1\">\n    25\/11<\/td>\n<td class=\"w-100\"><a href=\"https:\/\/www.zonebourse.com\/actualite-bourse\/point-marches-l-europe-termine-en-hausse-les-paris-sur-la-fed-en-soutien-ce7d5ed2d980f020\" class=\"txt- txt-overflow-2 link link--no-underline my-5 my-m-0 \" target=\"_blank\" rel=\"noopener\"><\/p>\n<p>Point march\u00e9s-L&rsquo;Europe termine en hausse, les paris sur la Fed en soutien<\/p>\n<p>                <\/a><\/td>\n<td class=\"table-child--right  table-child--top table-child--w60 c-none cm-table\">\n                                    RE\n                        <\/td>\n<\/tr>\n<tr class=\" \" wp_automatic_readability=\"0.2967032967033\">\n<td class=\"table-child--centered table-child--top table-child--nowrap table-child--w60 txt-s1\">\n    25\/11<\/td>\n<td class=\"w-100\"><a href=\"https:\/\/www.zonebourse.com\/actualite-bourse\/wall-street-vue-en-legere-baisse-avant-une-serie-de-donnees-l-europe-prudente-ce7d5eddde8ffe27\" class=\"txt- txt-overflow-2 link link--no-underline my-5 my-m-0 \" target=\"_blank\" rel=\"noopener\"><\/p>\n<p>Wall Street vue en l\u00e9g\u00e8re baisse avant une s\u00e9rie de donn\u00e9es, l&rsquo;Europe prudente<\/p>\n<p>                <\/a><\/td>\n<td class=\"table-child--right  table-child--top table-child--w60 c-none cm-table\">\n                                    RE\n                        <\/td>\n<\/tr>\n<tr class=\" \" wp_automatic_readability=\"0.30508474576271\">\n<td class=\"table-child--centered table-child--top table-child--nowrap table-child--w60 txt-s1\">\n    25\/11<\/td>\n<td class=\"w-100\"><a href=\"https:\/\/www.zonebourse.com\/actualite-bourse\/les-marches-europeens-hesitent-a-la-mi-journee-entre-incertitudes-geopolitiques-et-attentes-sur-la-ce7d5eddde88f025\" class=\"txt- txt-overflow-2 link link--no-underline my-5 my-m-0 \" target=\"_blank\" rel=\"noopener\"><\/p>\n<p>Les march\u00e9s europ\u00e9ens h\u00e9sitent \u00e0 la mi-journ\u00e9e, entre incertitudes g\u00e9opolitiques et attentes sur la Fed<\/p>\n<p>                <\/a><\/td>\n<td class=\"table-child--right  table-child--top table-child--w60 c-none cm-table\">\n                                    MT\n                        <\/td>\n<\/tr>\n<tr class=\" \" wp_automatic_readability=\"0.21428571428571\">\n<td class=\"table-child--centered table-child--top table-child--nowrap table-child--w60 txt-s1\">\n    25\/11<\/td>\n<td class=\"w-100\"><a href=\"https:\/\/www.zonebourse.com\/actualite-bourse\/la-bce-examine-deutsche-bank-pour-ses-pratiques-de-compensation-presumees-ce7d5edddc8ef226\" class=\"txt- txt-overflow-2 link link--no-underline my-5 my-m-0 \" target=\"_blank\" rel=\"noopener\"><\/p>\n<p>La BCE examine Deutsche Bank pour ses pratiques de compensation pr\u00e9sum\u00e9es<\/p>\n<p>                <\/a><\/td>\n<td class=\"table-child--right  table-child--top table-child--w60 c-none cm-table\">\n                                    MT\n                        <\/td>\n<\/tr>\n<tr class=\" \" wp_automatic_readability=\"0.23376623376623\">\n<td class=\"table-child--centered table-child--top table-child--nowrap table-child--w60 txt-s1\">\n    25\/11<\/td>\n<td class=\"w-100\"><a href=\"https:\/\/www.zonebourse.com\/actualite-bourse\/l-europe-sur-de-faibles-variations-avant-des-indicateurs-americains-ce7d5edddc8df52c\" class=\"txt- txt-overflow-2 link link--no-underline my-5 my-m-0 \" target=\"_blank\" rel=\"noopener\"><\/p>\n<p>L&rsquo;Europe sur de faibles variations avant des indicateurs am\u00e9ricains<\/p>\n<p>                <\/a><\/td>\n<td class=\"table-child--right  table-child--top table-child--w60 c-none cm-table\">\n                                    RE\n                        <\/td>\n<\/tr>\n<tr class=\" \" wp_automatic_readability=\"0.28571428571429\">\n<td class=\"table-child--centered table-child--top table-child--nowrap table-child--w60 txt-s1\">\n    25\/11<\/td>\n<td class=\"w-100\"><a href=\"https:\/\/www.zonebourse.com\/actualite-bourse\/les-bourses-europeennes-ouvrent-sur-une-note-prudente-ce7d5edddc8af72c\" class=\"txt- txt-overflow-2 link link--no-underline my-5 my-m-0 \" target=\"_blank\" rel=\"noopener\"><\/p>\n<p>Les Bourses europ\u00e9ennes ouvrent sur une note prudente<\/p>\n<p>                <\/a><\/td>\n<td class=\"table-child--right  table-child--top table-child--w60 c-none cm-table\">\n                                    AW\n                        <\/td>\n<\/tr>\n<tr class=\" \" wp_automatic_readability=\"0.35064935064935\">\n<td class=\"table-child--centered table-child--top table-child--nowrap table-child--w60 txt-s1\">\n    25\/11<\/td>\n<td class=\"w-100\"><a href=\"https:\/\/www.zonebourse.com\/actualite-bourse\/les-prix-a-la-production-en-espagne-augmentent-de-0-7-en-octobre-ce7d5edddc8af727\" class=\"txt- txt-overflow-2 link link--no-underline my-5 my-m-0 \" target=\"_blank\" rel=\"noopener\"><\/p>\n<p>Les prix \u00e0 la production en Espagne augmentent de 0,7\u00a0% en octobre<\/p>\n<p>                <\/a><\/td>\n<td class=\"table-child--right  table-child--top table-child--w60 c-none cm-table\">\n                                    MT\n                        <\/td>\n<\/tr>\n<tr class=\" \" wp_automatic_readability=\"0.22131147540984\">\n<td class=\"table-child--centered table-child--top table-child--nowrap table-child--w60 txt-s1\">\n    25\/11<\/td>\n<td class=\"w-100\"><a href=\"https:\/\/www.zonebourse.com\/actualite-bourse\/les-bourses-europeennes-en-legere-hausse-la-prudence-domine-avant-les-donnees-economiques-americain-ce7d5edddc8bf42d\" class=\"txt- txt-overflow-2 link link--no-underline my-5 my-m-0 \" target=\"_blank\" rel=\"noopener\"><\/p>\n<p>Les actions europ\u00e9ennes bondissent port\u00e9es par les espoirs de paix en Ukraine et de baisse des taux am\u00e9ricains<\/p>\n<p>                <\/a><\/td>\n<td class=\"table-child--right  table-child--top table-child--w60 c-none cm-table\">\n                                    RE\n                        <\/td>\n<\/tr>\n<tr class=\" \" wp_automatic_readability=\"0.28571428571429\">\n<td class=\"table-child--centered table-child--top table-child--nowrap table-child--w60 txt-s1\">\n    25\/11<\/td>\n<td class=\"w-100\"><a href=\"https:\/\/www.zonebourse.com\/actualite-bourse\/la-confiance-des-menages-francais-recule-en-novembre-ce7d5edddc89f725\" class=\"txt- txt-overflow-2 link link--no-underline my-5 my-m-0 \" target=\"_blank\" rel=\"noopener\"><\/p>\n<p>La confiance des m\u00e9nages fran\u00e7ais recule en novembre<\/p>\n<p>                <\/a><\/td>\n<td class=\"table-child--right  table-child--top table-child--w60 c-none cm-table\">\n                                    MT\n                        <\/td>\n<\/tr>\n<tr class=\" \" wp_automatic_readability=\"0.28723404255319\">\n<td class=\"table-child--centered table-child--top table-child--nowrap table-child--w60 txt-s1\">\n    25\/11<\/td>\n<td class=\"w-100\"><a href=\"https:\/\/www.zonebourse.com\/actualite-bourse\/le-pib-allemand-reste-stable-au-troisieme-trimestre-selon-les-donnees-definitives-ce7d5eddda8df22d\" class=\"txt- txt-overflow-2 link link--no-underline my-5 my-m-0 \" target=\"_blank\" rel=\"noopener\"><\/p>\n<p>Le PIB allemand reste stable au troisi\u00e8me trimestre, selon les donn\u00e9es d\u00e9finitives<\/p>\n<p>                <\/a><\/td>\n<td class=\"table-child--right  table-child--top table-child--w60 c-none cm-table\">\n                                    MT\n                        <\/td>\n<\/tr>\n<tr class=\" \" wp_automatic_readability=\"0.30681818181818\">\n<td class=\"table-child--centered table-child--top table-child--nowrap table-child--w60 txt-s1\">\n    25\/11<\/td>\n<td class=\"w-100\"><a href=\"https:\/\/www.zonebourse.com\/actualite-bourse\/le-moral-des-exportateurs-allemands-s-effrite-en-novembre-selon-l-institut-ifo-ce7d5eddda8af725\" class=\"txt- txt-overflow-2 link link--no-underline my-5 my-m-0 \" target=\"_blank\" rel=\"noopener\"><\/p>\n<p>Le moral des exportateurs allemands s&rsquo;effrite en novembre, selon l&rsquo;institut ifo<\/p>\n<p>                <\/a><\/td>\n<td class=\"table-child--right  table-child--top table-child--w60 c-none cm-table\">\n                                    MT\n                        <\/td>\n<\/tr>\n<tr class=\" \" wp_automatic_readability=\"0.21176470588235\">\n<td class=\"table-child--centered table-child--top table-child--nowrap table-child--w60 txt-s1\">\n    25\/11<\/td>\n<td class=\"w-100\"><a href=\"https:\/\/www.zonebourse.com\/actualite-bourse\/prudence-en-vue-en-europe-apres-le-net-rebond-lie-aux-taux-et-a-la-tech-ce7d5eddda88f226\" class=\"txt- txt-overflow-2 link link--no-underline my-5 my-m-0 \" target=\"_blank\" rel=\"noopener\"><\/p>\n<p>Prudence en vue en Europe apr\u00e8s le net rebond li\u00e9 aux taux et \u00e0 la &lsquo;tech&rsquo;<\/p>\n<p>                <\/a><\/td>\n<td class=\"table-child--right  table-child--top table-child--w60 c-none cm-table\">\n                                    RE\n                        <\/td>\n<\/tr>\n<tr class=\" \" wp_automatic_readability=\"0.24770642201835\">\n<td class=\"table-child--centered table-child--top table-child--nowrap table-child--w60 txt-s1\">\n    25\/11<\/td>\n<td class=\"w-100\"><a href=\"https:\/\/www.zonebourse.com\/actualite-bourse\/point-marches-prudence-en-vue-en-europe-apres-le-net-rebond-lie-aux-taux-et-a-la-tech-ce7d5edddb80f02c\" class=\"txt- txt-overflow-2 link link--no-underline my-5 my-m-0 \" target=\"_blank\" rel=\"noopener\"><\/p>\n<p>Point march\u00e9s-Prudence en vue en Europe apr\u00e8s le rebond li\u00e9 aux taux et \u00e0 la \u00ab\u00a0tech\u00a0\u00bb (actualis\u00e9)<\/p>\n<p>                <\/a><\/td>\n<td class=\"table-child--right  table-child--top table-child--w60 c-none cm-table\">\n                                    RE\n                        <\/td>\n<\/tr>\n<tr class=\" \" wp_automatic_readability=\"0.30681818181818\">\n<td class=\"table-child--centered table-child--top table-child--nowrap table-child--w60 txt-s1\">\n    25\/11<\/td>\n<td class=\"w-100\"><a href=\"https:\/\/www.zonebourse.com\/actualite-bourse\/les-immatriculations-de-voitures-neuves-dans-l-ue-bondissent-de-5-8-en-octobre-ce7d5edddb81f722\" class=\"txt- txt-overflow-2 link link--no-underline my-5 my-m-0 \" target=\"_blank\" rel=\"noopener\"><\/p>\n<p>Les immatriculations de voitures neuves dans l&rsquo;UE bondissent de 5,8% en octobre<\/p>\n<p>                <\/a><\/td>\n<td class=\"table-child--right  table-child--top table-child--w60 c-none cm-table\">\n                                    MT\n                        <\/td>\n<\/tr>\n<tr class=\" \" wp_automatic_readability=\"0.225\">\n<td class=\"table-child--centered table-child--top table-child--nowrap table-child--w60 txt-s1\">\n    25\/11<\/td>\n<td class=\"w-100\"><a href=\"https:\/\/www.zonebourse.com\/actualite-bourse\/framery-depose-une-demande-d-introduction-en-bourse-au-nasdaq-helsinki-ce7d5edddb8df020\" class=\"txt- txt-overflow-2 link link--no-underline my-5 my-m-0 \" target=\"_blank\" rel=\"noopener\"><\/p>\n<p>Framery d\u00e9pose une demande d&rsquo;introduction en bourse au Nasdaq Helsinki<\/p>\n<p>                <\/a><\/td>\n<td class=\"table-child--right  table-child--top table-child--w60 c-none cm-table\">\n                                    MT\n                        <\/td>\n<\/tr>\n<tr class=\" \" wp_automatic_readability=\"0.33333333333333\">\n<td class=\"table-child--centered table-child--top table-child--nowrap table-child--w60 txt-s1\">\n    24\/11<\/td>\n<td class=\"w-100\"><a href=\"https:\/\/www.zonebourse.com\/actualite-bourse\/l-europe-termine-dans-le-vert-les-espoirs-sur-la-fed-prennent-le-dessus-ce7d5edcd08cff26\" class=\"txt- txt-overflow-2 link link--no-underline my-5 my-m-0 \" target=\"_blank\" rel=\"noopener\"><\/p>\n<p>L&rsquo;Europe termine dans le vert, les espoirs sur la Fed prennent le dessus<\/p>\n<p>                <\/a><\/td>\n<td class=\"table-child--right  table-child--top table-child--w60 c-none cm-table\">\n                                    RE\n                        <\/td>\n<\/tr>\n<tr class=\" \" wp_automatic_readability=\"0.2967032967033\">\n<td class=\"table-child--centered table-child--top table-child--nowrap table-child--w60 txt-s1\">\n    24\/11<\/td>\n<td class=\"w-100\"><a href=\"https:\/\/www.zonebourse.com\/actualite-bourse\/wall-street-vue-ordre-disperse-l-europe-prudente-en-amont-d-une-semaine-chargee-ce7d5edcde8afe2d\" class=\"txt- txt-overflow-2 link link--no-underline my-5 my-m-0 \" target=\"_blank\" rel=\"noopener\"><\/p>\n<p>Wall Street vue ordre dispers\u00e9, l&rsquo;Europe prudente en amont d&rsquo;une semaine charg\u00e9e<\/p>\n<p>                <\/a><\/td>\n<td class=\"table-child--right  table-child--top table-child--w60 c-none cm-table\">\n                                    RE\n                        <\/td>\n<\/tr>\n<tr class=\" \" wp_automatic_readability=\"0.21686746987952\">\n<td class=\"table-child--centered table-child--top table-child--nowrap table-child--w60 txt-s1\">\n    24\/11<\/td>\n<td class=\"w-100\"><a href=\"https:\/\/www.zonebourse.com\/actualite-bourse\/l-ue-envisage-des-regles-plus-strictes-sur-les-investissements-etrangers-ce7d5edcdf81f525\" class=\"txt- txt-overflow-2 link link--no-underline my-5 my-m-0 \" target=\"_blank\" rel=\"noopener\"><\/p>\n<p>L&rsquo;UE envisage des r\u00e8gles plus strictes sur les investissements \u00e9trangers<\/p>\n<p>                <\/a><\/td>\n<td class=\"table-child--right  table-child--top table-child--w60 c-none cm-table\">\n                                    MT\n                        <\/td>\n<\/tr>\n<tr class=\" \" wp_automatic_readability=\"0.20454545454545\">\n<td class=\"table-child--centered table-child--top table-child--nowrap table-child--w60 txt-s1\">\n    24\/11<\/td>\n<td class=\"w-100\"><a href=\"https:\/\/www.zonebourse.com\/actualite-bourse\/la-reserve-federale-et-les-discussions-russie-ukraine-limitent-la-progression-des-bourses-europeenne-ce7d5edcdf8df62d\" class=\"txt- txt-overflow-2 link link--no-underline my-5 my-m-0 \" target=\"_blank\" rel=\"noopener\"><\/p>\n<p>La R\u00e9serve f\u00e9d\u00e9rale et les discussions Russie-Ukraine limitent la progression des Bourses europ\u00e9ennes \u00e0 la mi-journ\u00e9e<\/p>\n<p>                <\/a><\/td>\n<td class=\"table-child--right  table-child--top table-child--w60 c-none cm-table\">\n                                    MT\n                        <\/td>\n<\/tr>\n<tr class=\" \" wp_automatic_readability=\"0.23893805309735\">\n<td class=\"table-child--centered table-child--top table-child--nowrap table-child--w60 txt-s1\">\n    24\/11<\/td>\n<td class=\"w-100\"><a href=\"https:\/\/www.zonebourse.com\/actualite-bourse\/g42-inception-et-mirror-security-s-associent-pour-developper-des-produits-de-securite-bases-sur-l-ia-ce7d5edcdf8af026\" class=\"txt- txt-overflow-2 link link--no-underline my-5 my-m-0 \" target=\"_blank\" rel=\"noopener\"><\/p>\n<p>G42 Inception et Mirror Security s&rsquo;associent pour d\u00e9velopper des produits de s\u00e9curit\u00e9 bas\u00e9s sur l&rsquo;IA<\/p>\n<p>                <\/a><\/td>\n<td class=\"table-child--right  table-child--top table-child--w60 c-none cm-table\">\n                                    MT\n                        <\/td>\n<\/tr>\n<p>Couleur : Varia.Varia. 5j.Variation 1 moisVariation 3 moisVariation 6 moisVaria. 1anVaria. 3ansVaria. 5ansVaria. 10ansVaria. 1 janv.<\/p>\n<p>Pond\u00e9ration : CapitalisationPond\u00e9rations Equipond\u00e9r\u00e9esPoids<\/p>\n<p>Regroupement : IndustrieSuper SecteursSuper Secteurs et SecteursIndustrie et ActionsSuper Secteurs et ActionsSecteurs et ActionsActions<\/p>\n<p><a class=\"c-block mt-10 link link__more\" href=\"https:\/\/www.zonebourse.com\/cours\/indice\/STOXX-EUROPE-600-INDEX-EU-7477\/heatmap\/\" target=\"_blank\" rel=\"noopener\"><br \/>\n                    Heatmap d\u00e9taill\u00e9e<br \/>\n                <\/a><\/p>\n<ol itemscope=\"\" itemtype=\"https:\/\/schema.org\/BreadcrumbList\">\n<li itemprop=\"itemListElement\" itemscope=\"\" itemtype=\"https:\/\/schema.org\/ListItem\"><a itemprop=\"item\" itemid=\"https:\/\/www.zonebourse.com\/\" href=\"https:\/\/www.zonebourse.com\/\" target=\"_blank\" rel=\"noopener\">Bourse<\/a><\/li>\n<li itemprop=\"itemListElement\" itemscope=\"\" itemtype=\"https:\/\/schema.org\/ListItem\"><a itemprop=\"item\" itemid=\"https:\/\/www.zonebourse.com\/actualite-bourse\/\" href=\"https:\/\/www.zonebourse.com\/actualite-bourse\/\" target=\"_blank\" rel=\"noopener\">Actualit\u00e9s Bourse<\/a><\/li>\n<li itemprop=\"itemListElement\" itemscope=\"\" itemtype=\"https:\/\/schema.org\/ListItem\">Barom\u00e8tre de l&#8217;emploi en Allemagne :  nouvelle baisse en novembre sur fond d&rsquo;\u00e9conomie \u00ab\u00a0h\u00e9sitante\u00a0\u00bb<\/li>\n<\/ol>\n<p><img decoding=\"async\" src=\"https:\/\/www.europesays.com\/fr\/wp-content\/uploads\/2025\/04\/img_footer_appstore.png\" alt=\"Download from Apple Store\" loading=\"lazy\"\/><\/p>\n<p class=\"m-0\">NOS EXPERTS \u00c0 VOTRE \u00c9COUTE<\/p>\n<p class=\"m-0 txt-bold\">Lundi &#8211; Vendredi 9h-12h \/ 14h-18h<\/p>\n<p><img decoding=\"async\" src=\"https:\/\/www.europesays.com\/fr\/wp-content\/uploads\/2025\/04\/footer_logo_zb.png\" width=\"181\" height=\"24\" alt=\"Zonebourse, bourse en direct\" loading=\"lazy\"\/><br \/>\n                    Mentions l\u00e9gales<br \/>\n                |<br \/>\n                Param\u00e9trer les cookies<br \/>\n            |<br \/>\n                    Blog Zonebourse<br \/>\n                |<a href=\"https:\/\/www.zonebourse.com\/qui-sommes-nous\" class=\"link txt-footer\" target=\"_blank\" rel=\"noopener\"><br \/>\n                Qui sommes-nous ?<br \/>\n            <\/a>|<br \/>\n                Copyright \u00a9 2025 Surperformance SAS. Tous droits r\u00e9serv\u00e9s.<\/p>\n<p>\n            Les cotations sont fournies par Factset, Morningstar et S&amp;P Capital IQ\n        <\/p>\n<p>]]]]>]]><\/p>\n<p class=\"pl-10 txt-bold m-0\">S\u00e9lectionnez votre \u00e9dition<\/p>\n<p class=\"txt-s1 txt-muted m-0 pl-10\">Toutes les informations financi\u00e8res adapt\u00e9es au niveau national<\/p>\n<\/td>\n","protected":false},"excerpt":{"rendered":"March\u00e9 Ferm\u00e9 &#8211; Switzerland 17:50:00 25\/11\/2025 Varia. 5j. Varia. 1 janv. 568,01 PTS +0,91\u00a0% +1,09\u00a0% +11,90\u00a0% Publi\u00e9 le&hellip;\n","protected":false},"author":2,"featured_media":48534,"comment_status":"","ping_status":"","sticky":false,"template":"","format":"standard","meta":{"footnotes":""},"categories":[1587],"tags":[11,672,340,1804,1805,1803,1777,674,1801,12,1802],"class_list":{"0":"post-559433","1":"post","2":"type-post","3":"status-publish","4":"format-standard","5":"has-post-thumbnail","7":"category-allemagne","8":"tag-actualites","9":"tag-allemagne","10":"tag-bourse","11":"tag-bundesrepublik-deutschland","12":"tag-de","13":"tag-deutschland","14":"tag-eu","15":"tag-europe","16":"tag-germany","17":"tag-news","18":"tag-republique-federale-dallemagne"},"share_on_mastodon":{"url":"https:\/\/pubeurope.com\/@fr\/115614813699076169","error":""},"_links":{"self":[{"href":"https:\/\/www.europesays.com\/fr\/wp-json\/wp\/v2\/posts\/559433","targetHints":{"allow":["GET"]}}],"collection":[{"href":"https:\/\/www.europesays.com\/fr\/wp-json\/wp\/v2\/posts"}],"about":[{"href":"https:\/\/www.europesays.com\/fr\/wp-json\/wp\/v2\/types\/post"}],"author":[{"embeddable":true,"href":"https:\/\/www.europesays.com\/fr\/wp-json\/wp\/v2\/users\/2"}],"replies":[{"embeddable":true,"href":"https:\/\/www.europesays.com\/fr\/wp-json\/wp\/v2\/comments?post=559433"}],"version-history":[{"count":0,"href":"https:\/\/www.europesays.com\/fr\/wp-json\/wp\/v2\/posts\/559433\/revisions"}],"wp:featuredmedia":[{"embeddable":true,"href":"https:\/\/www.europesays.com\/fr\/wp-json\/wp\/v2\/media\/48534"}],"wp:attachment":[{"href":"https:\/\/www.europesays.com\/fr\/wp-json\/wp\/v2\/media?parent=559433"}],"wp:term":[{"taxonomy":"category","embeddable":true,"href":"https:\/\/www.europesays.com\/fr\/wp-json\/wp\/v2\/categories?post=559433"},{"taxonomy":"post_tag","embeddable":true,"href":"https:\/\/www.europesays.com\/fr\/wp-json\/wp\/v2\/tags?post=559433"}],"curies":[{"name":"wp","href":"https:\/\/api.w.org\/{rel}","templated":true}]}}