{"id":559436,"date":"2025-11-26T07:27:23","date_gmt":"2025-11-26T07:27:23","guid":{"rendered":"https:\/\/www.europesays.com\/fr\/559436\/"},"modified":"2025-11-26T07:27:23","modified_gmt":"2025-11-26T07:27:23","slug":"un-jour-une-carte-budget-britannique-en-crise-le-brexit-pointe-du-doigt","status":"publish","type":"post","link":"https:\/\/www.europesays.com\/fr\/559436\/","title":{"rendered":"Un jour, une carte : budget britannique en crise, le Brexit point\u00e9 du doigt"},"content":{"rendered":"<p>On pensait que les Britanniques avaient enterr\u00e9 le Brexit, qu&rsquo;ils l&rsquo;avaient rang\u00e9 dans le tiroir des erreurs qu&rsquo;on pr\u00e9f\u00e8re oublier. Et\u00a0bien non : le Brexit revient\u2026 et il revient, parce que la facture arrive.<\/p>\n<p>Depuis quelques semaines, le gouvernement britannique multiplie les sorties sur le sujet. Le Premier ministre Keir Starmer d\u00e9nonce ce qu&rsquo;il appelle \u00ab\u00a0un accord de Brexit b\u00e2cl\u00e9\u00a0\u00bb. Et il s&rsquo;appuie sur de nouvelles \u00e9tudes, comme <a href=\"https:\/\/www.ecb.europa.eu\/pub\/pdf\/scpops\/ecb.op379.it.pdf?94d407bf2e4cc8f982594b0197232622\" target=\"_blank\" rel=\"noopener\">celle de la BCE<\/a>,\u00a0\u00a0qui confirment que la sortie de l&rsquo;Union europ\u00e9enne a \u00e9t\u00e9 d\u00e9vastatrice\u00a0: une productivit\u00e9 en recul de 4% ;\u00a0des \u00e9changes avec l&rsquo;UE en baisse de 15% ;\u00a0une \u00e9conomie moins ouverte, moins comp\u00e9titive ;\u00a0et la finance en premi\u00e8re ligne avec 15.000 emplois perdus dans le secteur boursier, des centaines d&rsquo;entreprises financi\u00e8res parties sur le continent, et une partie des transactions d\u2019actions qui ont gliss\u00e9 vers les bourses europ\u00e9ennes.\u00a0<\/p>\n<p>Ces \u00e9tudes ne r\u00e9v\u00e8lent rien de vraiment neuf : elles ne font que remettre des chiffres sur une r\u00e9alit\u00e9 v\u00e9cue au quotidien par les Britanniques.\u00a0La vraie nouveaut\u00e9, c&rsquo;est que les travaillistes, au gouvernement,\u00a0n&rsquo;ont plus peur d&rsquo;en parler. Pendant des ann\u00e9es, on marchait sur des \u0153ufs,\u00a0on n&rsquo;\u00e9voquait pas trop le sujet, pour ne pas froisser les pro-Brexit. Aujourd&rsquo;hui, le tabou a saut\u00e9.<\/p>\n","protected":false},"excerpt":{"rendered":"On pensait que les Britanniques avaient enterr\u00e9 le Brexit, qu&rsquo;ils l&rsquo;avaient rang\u00e9 dans le tiroir des erreurs qu&rsquo;on&hellip;\n","protected":false},"author":2,"featured_media":559437,"comment_status":"","ping_status":"","sticky":false,"template":"","format":"standard","meta":{"footnotes":""},"categories":[1586],"tags":[11,1777,674,1779,1011,27,12,25,1778,364],"class_list":{"0":"post-559436","1":"post","2":"type-post","3":"status-publish","4":"format-standard","5":"has-post-thumbnail","7":"category-europe","8":"tag-actualites","9":"tag-eu","10":"tag-europe","11":"tag-european-union","12":"tag-fr","13":"tag-france","14":"tag-news","15":"tag-republique-francaise","16":"tag-ue","17":"tag-union-europeenne"},"share_on_mastodon":{"url":"https:\/\/pubeurope.com\/@fr\/115614819559724472","error":""},"_links":{"self":[{"href":"https:\/\/www.europesays.com\/fr\/wp-json\/wp\/v2\/posts\/559436","targetHints":{"allow":["GET"]}}],"collection":[{"href":"https:\/\/www.europesays.com\/fr\/wp-json\/wp\/v2\/posts"}],"about":[{"href":"https:\/\/www.europesays.com\/fr\/wp-json\/wp\/v2\/types\/post"}],"author":[{"embeddable":true,"href":"https:\/\/www.europesays.com\/fr\/wp-json\/wp\/v2\/users\/2"}],"replies":[{"embeddable":true,"href":"https:\/\/www.europesays.com\/fr\/wp-json\/wp\/v2\/comments?post=559436"}],"version-history":[{"count":0,"href":"https:\/\/www.europesays.com\/fr\/wp-json\/wp\/v2\/posts\/559436\/revisions"}],"wp:featuredmedia":[{"embeddable":true,"href":"https:\/\/www.europesays.com\/fr\/wp-json\/wp\/v2\/media\/559437"}],"wp:attachment":[{"href":"https:\/\/www.europesays.com\/fr\/wp-json\/wp\/v2\/media?parent=559436"}],"wp:term":[{"taxonomy":"category","embeddable":true,"href":"https:\/\/www.europesays.com\/fr\/wp-json\/wp\/v2\/categories?post=559436"},{"taxonomy":"post_tag","embeddable":true,"href":"https:\/\/www.europesays.com\/fr\/wp-json\/wp\/v2\/tags?post=559436"}],"curies":[{"name":"wp","href":"https:\/\/api.w.org\/{rel}","templated":true}]}}