{"id":559440,"date":"2025-11-26T07:29:20","date_gmt":"2025-11-26T07:29:20","guid":{"rendered":"https:\/\/www.europesays.com\/fr\/559440\/"},"modified":"2025-11-26T07:29:20","modified_gmt":"2025-11-26T07:29:20","slug":"le-senat-soppose-massivement-a-la-suspension-de-la-reforme-des-retraites","status":"publish","type":"post","link":"https:\/\/www.europesays.com\/fr\/559440\/","title":{"rendered":"Le S\u00e9nat s\u2019oppose massivement \u00e0 la suspension de la r\u00e9forme des retraites"},"content":{"rendered":"<p>Le <a href=\"https:\/\/www.20minutes.fr\/dossier\/senat\" target=\"_blank\" class=\"c-link c-link--is-underlined\" rel=\"noopener\">S\u00e9nat<\/a>, domin\u00e9 par la droite, a rejet\u00e9 mardi soir par 190 voix contre 108 la suspension de la <a href=\"https:\/\/www.20minutes.fr\/dossier\/reforme_des_retraites\" target=\"_blank\" class=\"c-link c-link--is-underlined\" rel=\"noopener\">r\u00e9forme des retraites<\/a>, pourtant propos\u00e9e par le Premier ministre <a href=\"https:\/\/www.20minutes.fr\/politique\/sebastien-lecornu\/\" target=\"_blank\" class=\"c-link c-link--is-underlined\" rel=\"noopener\">S\u00e9bastien Lecornu<\/a> pour rallier les socialistes dans le cadre du budget de la S\u00e9curit\u00e9 sociale. Ce refus ferme la voie \u00e0 un compromis entre les deux chambres, \u00e0 la veille d\u2019une commission mixte paritaire d\u00e9j\u00e0 promise \u00e0 l\u2019\u00e9chec, et remet en cause le report \u00e0 janvier\u00a02028 de l\u2019\u00e2ge l\u00e9gal fix\u00e9 \u00e0 64 ans.<\/p>\n<p>La droite assume pleinement son blocage. <a href=\"https:\/\/www.20minutes.fr\/dossier\/bruno_retailleau\" target=\"_blank\" class=\"c-link c-link--is-underlined\" rel=\"noopener\">Bruno Retailleau<\/a>, pr\u00e9sident des R\u00e9publicains redevenu s\u00e9nateur, accuse le gouvernement de c\u00e9der aux exigences de la gauche. \u00ab\u00a0La suspension de la r\u00e9forme des retraites, c\u2019est le tribut pay\u00e9 par le gouvernement \u00e0 la gauche pour durer\u00a0\u00bb, a-t-il dit estimant qu\u2019un tel report reviendrait \u00e0 \u00ab\u00a0faire peser sur les g\u00e9n\u00e9rations futures le fardeau de l\u2019endettement\u00a0\u00bb. La s\u00e9natrice <a href=\"https:\/\/www.20minutes.fr\/politique\/lr\/\" target=\"_blank\" class=\"c-link c-link--is-underlined\" rel=\"noopener\">LR<\/a> Pascale Gruny a, elle aussi, d\u00e9nonc\u00e9 une mesure de \u00ab\u00a0poudre de Perlimpinpin\u00a0\u00bb qui \u00ab\u00a0sacrifierait la jeunesse\u00a0\u00bb pour pr\u00e9server l\u2019ex\u00e9cutif.<\/p>\n<\/p>\n<p>Pour le PS, le S\u00e9nat ne cherche pas le \u00ab\u00a0compromis\u00a0\u00bb<\/p>\n<p>La <a href=\"https:\/\/www.20minutes.fr\/dossier\/gauche\" target=\"_blank\" class=\"c-link c-link--is-underlined\" rel=\"noopener\">gauche<\/a> a imm\u00e9diatement ripost\u00e9 en d\u00e9non\u00e7ant un refus \u00ab\u00a0id\u00e9ologique\u00a0\u00bb du compromis. Le chef de file des socialistes, <a href=\"https:\/\/www.20minutes.fr\/dossier\/patrick-kanner\" target=\"_blank\" class=\"c-link c-link--is-underlined\" rel=\"noopener\">Patrick Kanner<\/a>, a fustig\u00e9 un \u00ab\u00a0matraquage m\u00e9thodique, inique, cynique\u00a0\u00bb des avanc\u00e9es obtenues \u00e0 l\u2019Assembl\u00e9e nationale. Selon lui, \u00ab\u00a0ce vote d\u00e9montre que le S\u00e9nat ne cherche pas le compromis\u00a0\u00bb, appelant S\u00e9bastien Lecornu \u00e0 trouver une issue avant la deuxi\u00e8me lecture \u00e0 l\u2019<a href=\"https:\/\/www.20minutes.fr\/dossier\/assemblee_nationale\" target=\"_blank\" class=\"c-link c-link--is-underlined\" rel=\"noopener\">Assembl\u00e9e<\/a> pr\u00e9vue la semaine prochaine.<\/p>\n<p><a href=\"https:\/\/www.20minutes.fr\/economie\/budget\/\" target=\"_blank\" class=\"c-link c-btn c-btn--primary\" rel=\"noopener\">Notre dossier sur le budget<\/a><\/p>\n<p>Dans l\u2019h\u00e9micycle, le <a href=\"https:\/\/www.20minutes.fr\/dossier\/ministre_du_travail\" target=\"_blank\" class=\"c-link c-link--is-underlined\" rel=\"noopener\">ministre du Travail<\/a>, Jean-Pierre Farandou, a d\u00e9fendu la suspension comme une \u00ab\u00a0condition pour donner une stabilit\u00e9 politique et \u00e9conomique \u00e0 notre pays\u00a0\u00bb. Apr\u00e8s le vote, il a exhort\u00e9 la droite au \u00ab\u00a0recul et \u00e0 la r\u00e9flexion\u00a0\u00bb et averti\u00a0: \u00ab\u00a0Si on n\u2019y arrive pas, il va se passer des choses bizarres et curieuses. Je ne sais pas si \u00e7a fait du bien au pays\u00a0\u00bb. Alors que la mesure, chiffr\u00e9e \u00e0 300\u00a0millions d\u2019euros en\u00a02026 et 1,9\u00a0milliard en\u00a02027, pourrait \u00eatre r\u00e9tablie par l\u2019Assembl\u00e9e, le budget de la S\u00e9curit\u00e9 sociale doit encore \u00eatre soumis au vote final du S\u00e9nat ce mercredi.<\/p>\n","protected":false},"excerpt":{"rendered":"Le S\u00e9nat, domin\u00e9 par la droite, a rejet\u00e9 mardi soir par 190 voix contre 108 la suspension de&hellip;\n","protected":false},"author":2,"featured_media":559441,"comment_status":"","ping_status":"","sticky":false,"template":"","format":"standard","meta":{"footnotes":""},"categories":[2],"tags":[47,11,416,1013,6592,1011,27,2383,32208,12,67661,316,1268,25,11067,1004],"class_list":{"0":"post-559440","1":"post","2":"type-post","3":"status-publish","4":"format-standard","5":"has-post-thumbnail","7":"category-actualites","8":"tag-actualite","9":"tag-actualites","10":"tag-assemblee-nationale","11":"tag-bruno-retailleau","12":"tag-droite","13":"tag-fr","14":"tag-france","15":"tag-gauche","16":"tag-ministre-du-travail","17":"tag-news","18":"tag-patrick-kanner","19":"tag-politique","20":"tag-reforme-des-retraites-2023","21":"tag-republique-francaise","22":"tag-sebastien-lecornu","23":"tag-senat"},"share_on_mastodon":{"url":"https:\/\/pubeurope.com\/@fr\/115614827459583843","error":""},"_links":{"self":[{"href":"https:\/\/www.europesays.com\/fr\/wp-json\/wp\/v2\/posts\/559440","targetHints":{"allow":["GET"]}}],"collection":[{"href":"https:\/\/www.europesays.com\/fr\/wp-json\/wp\/v2\/posts"}],"about":[{"href":"https:\/\/www.europesays.com\/fr\/wp-json\/wp\/v2\/types\/post"}],"author":[{"embeddable":true,"href":"https:\/\/www.europesays.com\/fr\/wp-json\/wp\/v2\/users\/2"}],"replies":[{"embeddable":true,"href":"https:\/\/www.europesays.com\/fr\/wp-json\/wp\/v2\/comments?post=559440"}],"version-history":[{"count":0,"href":"https:\/\/www.europesays.com\/fr\/wp-json\/wp\/v2\/posts\/559440\/revisions"}],"wp:featuredmedia":[{"embeddable":true,"href":"https:\/\/www.europesays.com\/fr\/wp-json\/wp\/v2\/media\/559441"}],"wp:attachment":[{"href":"https:\/\/www.europesays.com\/fr\/wp-json\/wp\/v2\/media?parent=559440"}],"wp:term":[{"taxonomy":"category","embeddable":true,"href":"https:\/\/www.europesays.com\/fr\/wp-json\/wp\/v2\/categories?post=559440"},{"taxonomy":"post_tag","embeddable":true,"href":"https:\/\/www.europesays.com\/fr\/wp-json\/wp\/v2\/tags?post=559440"}],"curies":[{"name":"wp","href":"https:\/\/api.w.org\/{rel}","templated":true}]}}