{"id":559448,"date":"2025-11-26T07:38:11","date_gmt":"2025-11-26T07:38:11","guid":{"rendered":"https:\/\/www.europesays.com\/fr\/559448\/"},"modified":"2025-11-26T07:38:11","modified_gmt":"2025-11-26T07:38:11","slug":"bourg-en-bresse-ain-cyclisme-leffectif-2026-actualite","status":"publish","type":"post","link":"https:\/\/www.europesays.com\/fr\/559448\/","title":{"rendered":"Bourg-en-Bresse Ain Cyclisme : L\u2019effectif 2026 &#8211; Actualit\u00e9"},"content":{"rendered":"<p style=\"text-align: justify;\">Quinze coureurs composent l\u2019effectif 2026 de <strong><a href=\"https:\/\/www.directvelo.com\/equipe\/3\/bourg-en-bresse-ain-cyclisme\" target=\"_blank\" rel=\"noopener\">Bourg-en-Bresse Ain Cyclisme<\/a><\/strong>. L\u2019\u00e9quipe Conti F\u00e9d\u00e9rale compte huit recrues dont Charles Paige de retour apr\u00e8s deux saisons chez les professionnels, ainsi que R\u00e9mi Lelandais et Daniel Lima qui arrivent de Continentale.<br \/>Cette saison, Bourg-en-Bresse Ain Cyclisme a termin\u00e9 3e du Challenge DirectVelo des N1 et 6e de la Coupe de France N1.<\/p>\n<p><strong>L\u2019effectif 2026 de Bourg-en-Bresse Ain Cyclisme :<\/strong><br \/>Antoine Basset, 19 ans (VC Pays de Loud\u00e9ac)<br \/>Huw Buck Jones, 21 ans<br \/>L\u00e9o Busson, 19 ans<br \/>Jules Drouet, 19 ans<br \/>Tim\u00e9o Gantois, 18 ans (CC Etupes)<br \/>Axel Hardy-Lain\u00e9, 20 ans (EC Quevilly)<br \/>Adam Howell, 21 ans (Muc-Off SRCT Storck)<br \/>Edgar Jorge, 20 ans (CR4C Roanne)<br \/>R\u00e9mi Lelandais, 23 ans (Ark\u00e9a-B&amp;B H\u00f4tels Conti)<br \/>Daniel Lima, 21 ans (Israel-Premier Tech Academy)<br \/>Arthur Meyer, 24 ans<br \/>Yoan Morin, 21 ans<br \/>Charles Paige, 24 ans (Unibet Tietema Rockets)<br \/>Antoine Roussel, 25 ans<br \/>Nicolas Silliau, 25 ans<\/p>\n<p>Les d\u00e9parts : Victor Loulergue (Groupama-FDJ Continental), R\u00e9mi Arsac (Decathlon CMA CGM DT), Axel Prod\u2019homme (Team Bricquebec Cotentin), Trym Bjorner Westgaard Holther (Team Bricquebec Cotentin), Estevan Delaunay (Montlu\u00e7on Cyclisme), Thibault Delerce (Grenoble M\u00e9tropole Cyclisme 38-EF), Louis Ferreira et Henry Lawton.<\/p>\n","protected":false},"excerpt":{"rendered":"Quinze coureurs composent l\u2019effectif 2026 de Bourg-en-Bresse Ain Cyclisme. L\u2019\u00e9quipe Conti F\u00e9d\u00e9rale compte huit recrues dont Charles Paige&hellip;\n","protected":false},"author":2,"featured_media":559449,"comment_status":"","ping_status":"","sticky":false,"template":"","format":"standard","meta":{"footnotes":""},"categories":[1411],"tags":[834,828,836,829,837,827,83,826,824,823,1154,207,814,817,815,816,822,821,832,211,839,1011,27,820,818,819,835,831,830,833,838,60,212,208,825],"class_list":{"0":"post-559448","1":"post","2":"type-post","3":"status-publish","4":"format-standard","5":"has-post-thumbnail","7":"category-cyclisme","8":"tag-attaque","9":"tag-belgique","10":"tag-braquet","11":"tag-bretagne","12":"tag-chute","13":"tag-competition","14":"tag-coupe-de-france","15":"tag-coureur","16":"tag-course-cyclisme","17":"tag-course-cycliste","18":"tag-cycling","19":"tag-cyclisme","20":"tag-direct","21":"tag-direct-velo","22":"tag-directvelo","23":"tag-directvelo-com","24":"tag-epreuve","25":"tag-epreuve-cycliste","26":"tag-federation-francaise-de-cyclisme","27":"tag-ffc","28":"tag-flandres","29":"tag-fr","30":"tag-france","31":"tag-live","32":"tag-live-course","33":"tag-live-epreuve","34":"tag-peloton","35":"tag-radio-peloton","36":"tag-radio-tour","37":"tag-ravitaillement","38":"tag-relance","39":"tag-sports","40":"tag-uci","41":"tag-velo","42":"tag-velos"},"share_on_mastodon":{"url":"https:\/\/pubeurope.com\/@fr\/115614862787794385","error":""},"_links":{"self":[{"href":"https:\/\/www.europesays.com\/fr\/wp-json\/wp\/v2\/posts\/559448","targetHints":{"allow":["GET"]}}],"collection":[{"href":"https:\/\/www.europesays.com\/fr\/wp-json\/wp\/v2\/posts"}],"about":[{"href":"https:\/\/www.europesays.com\/fr\/wp-json\/wp\/v2\/types\/post"}],"author":[{"embeddable":true,"href":"https:\/\/www.europesays.com\/fr\/wp-json\/wp\/v2\/users\/2"}],"replies":[{"embeddable":true,"href":"https:\/\/www.europesays.com\/fr\/wp-json\/wp\/v2\/comments?post=559448"}],"version-history":[{"count":0,"href":"https:\/\/www.europesays.com\/fr\/wp-json\/wp\/v2\/posts\/559448\/revisions"}],"wp:featuredmedia":[{"embeddable":true,"href":"https:\/\/www.europesays.com\/fr\/wp-json\/wp\/v2\/media\/559449"}],"wp:attachment":[{"href":"https:\/\/www.europesays.com\/fr\/wp-json\/wp\/v2\/media?parent=559448"}],"wp:term":[{"taxonomy":"category","embeddable":true,"href":"https:\/\/www.europesays.com\/fr\/wp-json\/wp\/v2\/categories?post=559448"},{"taxonomy":"post_tag","embeddable":true,"href":"https:\/\/www.europesays.com\/fr\/wp-json\/wp\/v2\/tags?post=559448"}],"curies":[{"name":"wp","href":"https:\/\/api.w.org\/{rel}","templated":true}]}}