{"id":559452,"date":"2025-11-26T07:40:12","date_gmt":"2025-11-26T07:40:12","guid":{"rendered":"https:\/\/www.europesays.com\/fr\/559452\/"},"modified":"2025-11-26T07:40:12","modified_gmt":"2025-11-26T07:40:12","slug":"mort-de-bebert-leader-du-groupe-de-rock-les-forbans-a-lage-de-63-ans","status":"publish","type":"post","link":"https:\/\/www.europesays.com\/fr\/559452\/","title":{"rendered":"Mort de \u00ab\u00a0B\u00e9bert\u00a0\u00bb, leader du groupe de rock Les Forbans, \u00e0 l&rsquo;\u00e2ge de 63 ans"},"content":{"rendered":"<p>Le chanteur Albert Kassabi, dit \u00ab\u00a0B\u00e9bert\u00a0\u00bb, leader <a href=\"https:\/\/www.laprovence.com\/article\/sorties-loisirs\/4578831\/les-forbans-toujours-dattaque-pour-la-scene.html\" target=\"_blank\" rel=\"noopener\">du groupe de rock Les Forbans<\/a>, est mort ce mardi soir \u00e0 l\u2019\u00e2ge de 63\u00a0ans, a annonc\u00e9 \u00e0 l\u2019AFP Michel Papain, cofondateur et batteur du groupe, au nom de la famille.<\/p>\n<p>Albert Kassabi est d\u00e9c\u00e9d\u00e9 en r\u00e9gion parisienne des suites d\u2019une longue maladie, a-t-il pr\u00e9cis\u00e9.<\/p>\n<p>Une dizaine d\u2019albums<\/p>\n<p>Les Forbans ont connu la gloire dans les ann\u00e9es\u00a01980. Compos\u00e9 au d\u00e9part de copains de lyc\u00e9e, le groupe s\u2019est form\u00e9 en\u00a01978.<\/p>\n<p>Les Forbans ont rencontr\u00e9 le succ\u00e8s avec le titre \u00ab\u00a0Chante\u00a0!\u00a0\u00bb, sorti en\u00a01982. Il s\u2019agit d\u2019une adaptation fran\u00e7aise de \u00ab\u00a0Shout\u00a0! Shout\u00a0! (Knock Yourself Out)\u00a0\u00bb du chanteur am\u00e9ricain Ernie Maresca, chanson sortie vingt ans plus t\u00f4t. Ce tube les a propuls\u00e9s au hit parade avec pr\u00e8s de 2\u00a0millions d\u2019exemplaires \u00e9coul\u00e9s. Il est depuis rest\u00e9 un standard de la chanson populaire fran\u00e7aise.<\/p>\n<p>Avec une dizaine d\u2019albums \u00e0 leur actif et une cinquantaine de concerts par an ces derniers temps, Les Forbans avaient f\u00eat\u00e9 leur 40e anniversaire sur la sc\u00e8ne de L\u2019Olympia, mythique salle parisienne, en\u00a02018.<\/p>\n","protected":false},"excerpt":{"rendered":"Le chanteur Albert Kassabi, dit \u00ab\u00a0B\u00e9bert\u00a0\u00bb, leader du groupe de rock Les Forbans, est mort ce mardi soir&hellip;\n","protected":false},"author":2,"featured_media":559453,"comment_status":"","ping_status":"","sticky":false,"template":"","format":"standard","meta":{"footnotes":""},"categories":[1359],"tags":[17,67662,251,58,59,67663,1011,27,2705,6079,151,18,973,7040],"class_list":{"0":"post-559452","1":"post","2":"type-post","3":"status-publish","4":"format-standard","5":"has-post-thumbnail","7":"category-people","8":"tag-17","9":"tag-bebert","10":"tag-culture","11":"tag-divertissement","12":"tag-entertainment","13":"tag-forbans","14":"tag-fr","15":"tag-france","16":"tag-groupe","17":"tag-leader","18":"tag-les","19":"tag-mort","20":"tag-people","21":"tag-rock"},"share_on_mastodon":{"url":"https:\/\/pubeurope.com\/@fr\/115614870694079171","error":""},"_links":{"self":[{"href":"https:\/\/www.europesays.com\/fr\/wp-json\/wp\/v2\/posts\/559452","targetHints":{"allow":["GET"]}}],"collection":[{"href":"https:\/\/www.europesays.com\/fr\/wp-json\/wp\/v2\/posts"}],"about":[{"href":"https:\/\/www.europesays.com\/fr\/wp-json\/wp\/v2\/types\/post"}],"author":[{"embeddable":true,"href":"https:\/\/www.europesays.com\/fr\/wp-json\/wp\/v2\/users\/2"}],"replies":[{"embeddable":true,"href":"https:\/\/www.europesays.com\/fr\/wp-json\/wp\/v2\/comments?post=559452"}],"version-history":[{"count":0,"href":"https:\/\/www.europesays.com\/fr\/wp-json\/wp\/v2\/posts\/559452\/revisions"}],"wp:featuredmedia":[{"embeddable":true,"href":"https:\/\/www.europesays.com\/fr\/wp-json\/wp\/v2\/media\/559453"}],"wp:attachment":[{"href":"https:\/\/www.europesays.com\/fr\/wp-json\/wp\/v2\/media?parent=559452"}],"wp:term":[{"taxonomy":"category","embeddable":true,"href":"https:\/\/www.europesays.com\/fr\/wp-json\/wp\/v2\/categories?post=559452"},{"taxonomy":"post_tag","embeddable":true,"href":"https:\/\/www.europesays.com\/fr\/wp-json\/wp\/v2\/tags?post=559452"}],"curies":[{"name":"wp","href":"https:\/\/api.w.org\/{rel}","templated":true}]}}