{"id":559456,"date":"2025-11-26T07:43:18","date_gmt":"2025-11-26T07:43:18","guid":{"rendered":"https:\/\/www.europesays.com\/fr\/559456\/"},"modified":"2025-11-26T07:43:18","modified_gmt":"2025-11-26T07:43:18","slug":"tbt9-christine-bravo-payee-4-000-euros-par-emission-la-nouvelle-chroniqueuse-demarre-fort","status":"publish","type":"post","link":"https:\/\/www.europesays.com\/fr\/559456\/","title":{"rendered":"TBT9 : Christine Bravo pay\u00e9e 4.000 euros par \u00e9mission, la nouvelle chroniqueuse d\u00e9marre fort"},"content":{"rendered":"<p>      R\u00e9sum\u00e9<\/p>\n<p>Christine Bravo a fait ses d\u00e9buts en tant que chroniqueuse pour l&rsquo;\u00e9mission \u00ab\u00a0TBT9\u00a0\u00bb sur W9 ce mardi 26 novembre. L&rsquo;animatrice qui, \u00e0 cette occasion, a fait le show prouvant une nouvelle fois qu&rsquo;elle n&rsquo;a pas la langue dans sa poche.<\/p>\n<p>        Sommaire<\/p>\n<p>Apr\u00e8s la fermeture de C8 en mars dernier, Cyril Hanouna et sa bande ont rebondi sur W9. Exit \u00ab\u00a0Touche pas \u00e0 mon poste\u00a0\u00bb\u2026 D\u00e9sormais, l&rsquo;\u00e9mission s&rsquo;appelle <strong>\u00ab\u00a0Tout beau tout neuf\u00a0\u00bb<\/strong>. Un programme qui ressemble fortement \u00e0 \u00ab\u00a0TPMP\u00a0\u00bb et dans lequel \u00ab\u00a0Baba\u00a0\u00bb a tenu \u00e0 garder <strong>ses plus fid\u00e8les chroniqueurs<\/strong> comme Matthieu Delormeau, Gilles Verdez, G\u00e9raldine Maillet ou encore Val\u00e9rie B\u00e9na\u00efm. Toutefois, <a href=\"https:\/\/www.public.fr\/christine-bravo-aussitot-deprogrammee-aussitot-embauchee-par-cyril-hanouna\" target=\"_blank\" rel=\"noopener\">des petits nouveaux<\/a> ont aussi fait leur apparition \u00e0 l&rsquo;instar de <strong>Christine Bravo.<\/strong><\/p>\n<p>Et <a href=\"https:\/\/www.public.fr\/christine-bravo-deprogrammee-tres-mauvaise-nouvelle-pour-lanimatrice-star\" target=\"_blank\" rel=\"noopener\">cette derni\u00e8re <\/a>a fait sa grande rentr\u00e9e TV <strong>ce mardi 25\u00a0novembre<\/strong>. \u00ab\u00a0Je l&rsquo;aime. D\u00e9j\u00e0 Christine, merci d&rsquo;\u00eatre l\u00e0. Je te jure, <strong>c&rsquo;est un truc de fou, tu as perdu quinze ans. T&rsquo;as fait quoi\u00a0? T&rsquo;es plus en forme qu&rsquo;avant<\/strong>\u00a0\u00bb a commenc\u00e9 par l\u00e2cher son nouveau boss en guise d&rsquo;introduction. <a href=\"https:\/\/www.public.fr\/christine-bravo-fait-denormes-revelations-sur-cecilia-lex-de-nicolas-sarkozy-ridicule-minable-ta-carriere-est-foutue\" target=\"_blank\" rel=\"noopener\">L&rsquo;animatrice de 69 ans<\/a> qui n&rsquo;a pas la langue dans sa poche a alors fait savoir que <strong>sa nouvelle vie en Corse<\/strong>, proche des animaux et loin du \u00ab\u00a0rouleau compresseur\u00a0\u00bb qu&rsquo;est Paris a tout chang\u00e9 pour elle.<\/p>\n<p>Mais alors <strong>combien va lui rapporter ce nouveau job<\/strong> de chroniqueuse sur W9\u00a0? Si beaucoup pr\u00e9f\u00e8rent rester discrets sur la question, <a href=\"https:\/\/www.public.fr\/mais-cest-quoi-ce-truc-christine-bravo-monte-au-creneau-en-direct-chez-cyril-hanouna\" target=\"_blank\" rel=\"noopener\">l&rsquo;ancienne animatrice d'\u00a0\u00bbUnion Libre\u00a0\u00bb<\/a> a \u00e9t\u00e9 <strong>cash, comme \u00e0 son habitude<\/strong>. En effet, face \u00e0 ses nouveaux camarades de jeu et face aux t\u00e9l\u00e9spectateurs, Christine Bravo a d\u00e9voil\u00e9 gagner\u2026. \u00ab\u00a0<strong>4000 euros par \u00e9mission<\/strong>\u00a0\u00bb\u00a0alors que sa coll\u00e8gue Shana Loustau a confi\u00e9 qu&rsquo;elle gagnait 4000 euros par mois sur CNews \u00e0 l&rsquo;\u00e9poque o\u00f9 elle y travaillait. Une information qui n&rsquo;est sans doute pas tomb\u00e9e dans l&rsquo;oreille d&rsquo;un sourd.<\/p>\n<p>Christine Bravo\u00a0: pour sa premi\u00e8re, elle s&rsquo;en prend \u00e0 une de ses camarades<\/p>\n<p>Quelques jours apr\u00e8s s&rsquo;\u00eatre querell\u00e9e avec Matthieu Delormeau, <a href=\"https:\/\/www.google.com\/url?sa=t&amp;source=web&amp;rct=j&amp;opi=89978449&amp;url=https:\/\/vsd.fr\/65268-ce-jour-est-arrive-christine-bravo-plus-epanouie-que-jamais-avec-romeo-elle-a-realise-son-reve\/&amp;ved=2ahUKEwjosOXtio-RAxU-TaQEHf12KNkQFnoECDwQAQ&amp;usg=AOvVaw0_arelvt4j6mSpIzxizvqs\" target=\"_blank\" rel=\"noopener\">la gagnante de la derni\u00e8re saison des \u00ab\u00a0Tra\u00eetres\u00a0\u00bb<\/a> sur M6 a fait la connaissance de ses nouveaux coll\u00e8gues et notamment de <strong>Polska <\/strong>qui, comme Cyril Hanouna lui a fait remarquer, a subitement chang\u00e9 de look capillaire. La jeune femme s&rsquo;est alors justifi\u00e9e\u00a0: \u00ab\u00a0<strong>Je voulais bien accueillir Chrichri\u00a0\u00bb.<\/strong> Imm\u00e9diatement, la<a href=\"https:\/\/www.google.com\/url?sa=t&amp;source=web&amp;rct=j&amp;opi=89978449&amp;url=https:\/\/vsd.fr\/84398-jaurais-du-me-mefier-en-prenant-des-avocats-christine-bravo-evoque-son-amitie-en-dents-de-scie-avec-thierry-ardisson\/&amp;ved=2ahUKEwjosOXtio-RAxU-TaQEHf12KNkQFnoECBoQAQ&amp;usg=AOvVaw1qBv37OQcnDZbgWPI0Bp9a\" target=\"_blank\" rel=\"noopener\"> principale int\u00e9ress\u00e9e<\/a> a saisi la perche. \u00ab\u00a0Je suis ravie parce que <strong>je suis tr\u00e8s naturaliste <\/strong>et<strong> j&rsquo;aime beaucoup les esp\u00e8ces rares<\/strong>\u00ab\u00a0, a-t-elle commenc\u00e9 par lancer.<\/p>\n<p>\u00ab\u00a0Pour moi <strong>Polska c&rsquo;est une esp\u00e8ce rare<\/strong>. Par exemple je me pose plein de questions sur son habitat. Habitat humide, est-ce que vous vivez dans des zones humides, zones s\u00e8ches\u2026 <strong>Vous n&rsquo;existez pas dans la vraie vie<\/strong>\u00ab\u00a0, a-t-elle poursuivi suscitant des \u00e9clats de rires sur le plateau. Toutefois, il semblerait qu&rsquo;en loges, Christine Bravo a \u00e9t\u00e9 moins tendre avec <a href=\"https:\/\/www.public.fr\/polska-le-coeur-en-miettes-son-ex-pret-a-tout-pour-se-faire-pardonner\" target=\"_blank\" rel=\"noopener\">la jolie blonde<\/a>. <\/p>\n<p>\u00ab\u00a0<strong>Elle m&rsquo;a dit s**ope en loge<\/strong>\u00a0\u00bb a assur\u00e9 <a href=\"https:\/\/www.public.fr\/polska-se-moque-ouvertement-des-problemes-daddiction-a-la-drogue-de-matthieu-delormeau-dans-tbt9-valerie-benaim-extremement-genee\" target=\"_blank\" rel=\"noopener\">Polska <\/a>avant que Christine Bravo n&rsquo;assure qu&rsquo;il \u00ab\u00a0y avait une raison\u00a0\u00bb.  \u00ab\u00a0Je lui demandais si elle \u00e9tait vraiment inculte. Soit elle est vraiment b\u00e9tassone ou elle est maline, je compte bien le d\u00e9couvrir\u00a0\u00bb, a-t-elle conclu. Autant dire que l&rsquo;arriv\u00e9e de Christine Bravo dans \u00ab\u00a0TBT9\u00a0\u00bb sur W9 devrait apporter une <strong>nouvelle dose de piquant <\/strong>au programme.<\/p>\n<p>\n          Hits &amp; People en continu\n        <\/p>\n<p>\n          Public Radio\n        <\/p>\n<p>      Mentionn\u00e9s dans cet article<\/p>\n<p>      Sur le m\u00eame sujet<\/p>\n","protected":false},"excerpt":{"rendered":"R\u00e9sum\u00e9 Christine Bravo a fait ses d\u00e9buts en tant que chroniqueuse pour l&rsquo;\u00e9mission \u00ab\u00a0TBT9\u00a0\u00bb sur W9 ce mardi&hellip;\n","protected":false},"author":2,"featured_media":559457,"comment_status":"","ping_status":"","sticky":false,"template":"","format":"standard","meta":{"footnotes":""},"categories":[1356],"tags":[1261,31049,3721,1083,58,59,1011,27,14099,252,22498,22497,1364,2395],"class_list":{"0":"post-559456","1":"post","2":"type-post","3":"status-publish","4":"format-standard","5":"has-post-thumbnail","7":"category-television","8":"tag-argent","9":"tag-christine-bravo","10":"tag-chroniqueur","11":"tag-cyril-hanouna","12":"tag-divertissement","13":"tag-entertainment","14":"tag-fr","15":"tag-france","16":"tag-salaire","17":"tag-television","18":"tag-tout-9-tbt9","19":"tag-tout-beau","20":"tag-tv","21":"tag-w9"},"share_on_mastodon":{"url":"https:\/\/pubeurope.com\/@fr\/115614882514871626","error":""},"_links":{"self":[{"href":"https:\/\/www.europesays.com\/fr\/wp-json\/wp\/v2\/posts\/559456","targetHints":{"allow":["GET"]}}],"collection":[{"href":"https:\/\/www.europesays.com\/fr\/wp-json\/wp\/v2\/posts"}],"about":[{"href":"https:\/\/www.europesays.com\/fr\/wp-json\/wp\/v2\/types\/post"}],"author":[{"embeddable":true,"href":"https:\/\/www.europesays.com\/fr\/wp-json\/wp\/v2\/users\/2"}],"replies":[{"embeddable":true,"href":"https:\/\/www.europesays.com\/fr\/wp-json\/wp\/v2\/comments?post=559456"}],"version-history":[{"count":0,"href":"https:\/\/www.europesays.com\/fr\/wp-json\/wp\/v2\/posts\/559456\/revisions"}],"wp:featuredmedia":[{"embeddable":true,"href":"https:\/\/www.europesays.com\/fr\/wp-json\/wp\/v2\/media\/559457"}],"wp:attachment":[{"href":"https:\/\/www.europesays.com\/fr\/wp-json\/wp\/v2\/media?parent=559456"}],"wp:term":[{"taxonomy":"category","embeddable":true,"href":"https:\/\/www.europesays.com\/fr\/wp-json\/wp\/v2\/categories?post=559456"},{"taxonomy":"post_tag","embeddable":true,"href":"https:\/\/www.europesays.com\/fr\/wp-json\/wp\/v2\/tags?post=559456"}],"curies":[{"name":"wp","href":"https:\/\/api.w.org\/{rel}","templated":true}]}}