{"id":559460,"date":"2025-11-26T07:45:24","date_gmt":"2025-11-26T07:45:24","guid":{"rendered":"https:\/\/www.europesays.com\/fr\/559460\/"},"modified":"2025-11-26T07:45:24","modified_gmt":"2025-11-26T07:45:24","slug":"la-voix-de-hind-rajab-bugonia-zootopie-2-vie-privee","status":"publish","type":"post","link":"https:\/\/www.europesays.com\/fr\/559460\/","title":{"rendered":"\u00ab\u00a0La Voix de Hind Rajab\u00a0\u00bb, \u00ab\u00a0Bugonia\u00a0\u00bb, \u00ab\u00a0Zootopie 2\u00a0\u00bb, \u00ab\u00a0Vie priv\u00e9e\u00a0\u00bb\u2026"},"content":{"rendered":"\n<p class=\"article__fact article__fact--false\">LA LISTE DE LA MATINALE<\/p>\n<p>                     <img loading=\"lazy\" decoding=\"async\" src=\"https:\/\/www.europesays.com\/fr\/wp-content\/uploads\/2025\/11\/84ed6f7_upload-1-km6yd8d2gy0l-4f008595c61ce77e009e0370dbd06865.jpg\" alt=\"Image extraite du film \u00ab\u00a0La Voix de Hind Rajab\u00a0\u00bb, de Kaouther Ben Hania.\"   width=\"664\" height=\"443\"\/>    Image extraite du film \u00ab\u00a0La Voix de Hind Rajab\u00a0\u00bb, de Kaouther Ben Hania.  JOUR2FETE                 <\/p>\n<p class=\"article__paragraph  \">Dans La Voix de Hind Rajab, la Tunisienne Kaouther Ben\u00a0Hania reconstitue le calvaire d\u2019une fillette dans l\u2019enfer de Gaza, en s\u2019appuyant sur l\u2019enregistrement de son appel au Croissant-Rouge. Ailleurs, si la terreur est moins suffocante, une inqui\u00e9tante \u00e9tranget\u00e9 et la pathologie mentale dominent\u00a0: aux Etats-Unis, un absurde rapt complotiste (Bugonia, de Yorgos Lanthimos) ou une d\u00e9mence patriarcale qui prend Halloween trop au s\u00e9rieux (Room Temperature, de Dennis Cooper et Zac Farley)\u00a0; \u00e0 Paris, l\u2019enqu\u00eate d\u2019une psychiatre en roue libre sur la mort d\u2019une de ses patientes (Vie priv\u00e9e, de Rebecca Zlotowski).<\/p>\n<p class=\"article__paragraph  \"><strong>A ne pas manquer<\/strong><\/p>\n<p>           \u00ab\u00a0La Voix de Hind Rajab\u00a0\u00bb\u00a0: le calvaire d\u2019une fillette \u00e0 Gaza           <\/p>\n<p class=\"article__paragraph  \">Prix du jury \u00e0 la Mostra de Venise, La\u00a0Voix de Hind Rajab est le septi\u00e8me long-m\u00e9trage de la Tunisienne Kaouther Ben\u00a0Hania. Le film, qui divise, rejoue la sc\u00e8ne de tentative de sauvetage de cette fillette, en int\u00e9grant dans les dialogues ses derni\u00e8res paroles, telles qu\u2019elles ont \u00e9t\u00e9 enregistr\u00e9es lors de l\u2019appel au Croissant-Rouge palestinien.<\/p>\n<p class=\"article__paragraph  \">\u00ab\u00a0J\u2019ai si peur, s\u2019il vous pla\u00eet, venez\u00a0!\u00a0\u00bb L\u2019enfant de 6\u00a0ans, en ligne avec des secouristes, est, le 29\u00a0janvier\u00a02024, pi\u00e9g\u00e9e dans une voiture, sous les tirs isra\u00e9liens, avec des membres de sa famille, \u00e0 Gaza. On conna\u00eet <a href=\"https:\/\/www.lemonde.fr\/international\/article\/2024\/02\/12\/hind-rajab-6-ans-tuee-au-milieu-des-siens-a-gaza-j-ai-si-peur-s-il-vous-plait-venez_6216113_3210.html\" target=\"_blank\" rel=\"noopener\">la fin tragique de l\u2019histoire, amplement m\u00e9diatis\u00e9e<\/a>\u00a0: lorsque le v\u00e9hicule du Croissant-Rouge arriva enfin, il fut pulv\u00e9ris\u00e9 par une puissante explosion, de m\u00eame que la voiture o\u00f9 se trouvait Hind.<\/p>\n<p class=\"reading-mode-only \"><strong>Il vous reste 91.44% de cet article \u00e0 lire. La suite est r\u00e9serv\u00e9e aux abonn\u00e9s.<\/strong><\/p>\n","protected":false},"excerpt":{"rendered":"LA LISTE DE LA MATINALE Image extraite du film \u00ab\u00a0La Voix de Hind Rajab\u00a0\u00bb, de Kaouther Ben Hania.&hellip;\n","protected":false},"author":2,"featured_media":559461,"comment_status":"","ping_status":"","sticky":false,"template":"","format":"standard","meta":{"footnotes":""},"categories":[1354],"tags":[58,59,1346,1011,27,1360],"class_list":{"0":"post-559460","1":"post","2":"type-post","3":"status-publish","4":"format-standard","5":"has-post-thumbnail","7":"category-films","8":"tag-divertissement","9":"tag-entertainment","10":"tag-films","11":"tag-fr","12":"tag-france","13":"tag-movies"},"share_on_mastodon":{"url":"https:\/\/pubeurope.com\/@fr\/115614891067642110","error":""},"_links":{"self":[{"href":"https:\/\/www.europesays.com\/fr\/wp-json\/wp\/v2\/posts\/559460","targetHints":{"allow":["GET"]}}],"collection":[{"href":"https:\/\/www.europesays.com\/fr\/wp-json\/wp\/v2\/posts"}],"about":[{"href":"https:\/\/www.europesays.com\/fr\/wp-json\/wp\/v2\/types\/post"}],"author":[{"embeddable":true,"href":"https:\/\/www.europesays.com\/fr\/wp-json\/wp\/v2\/users\/2"}],"replies":[{"embeddable":true,"href":"https:\/\/www.europesays.com\/fr\/wp-json\/wp\/v2\/comments?post=559460"}],"version-history":[{"count":0,"href":"https:\/\/www.europesays.com\/fr\/wp-json\/wp\/v2\/posts\/559460\/revisions"}],"wp:featuredmedia":[{"embeddable":true,"href":"https:\/\/www.europesays.com\/fr\/wp-json\/wp\/v2\/media\/559461"}],"wp:attachment":[{"href":"https:\/\/www.europesays.com\/fr\/wp-json\/wp\/v2\/media?parent=559460"}],"wp:term":[{"taxonomy":"category","embeddable":true,"href":"https:\/\/www.europesays.com\/fr\/wp-json\/wp\/v2\/categories?post=559460"},{"taxonomy":"post_tag","embeddable":true,"href":"https:\/\/www.europesays.com\/fr\/wp-json\/wp\/v2\/tags?post=559460"}],"curies":[{"name":"wp","href":"https:\/\/api.w.org\/{rel}","templated":true}]}}