{"id":559464,"date":"2025-11-26T07:48:12","date_gmt":"2025-11-26T07:48:12","guid":{"rendered":"https:\/\/www.europesays.com\/fr\/559464\/"},"modified":"2025-11-26T07:48:12","modified_gmt":"2025-11-26T07:48:12","slug":"une-belle-ordure-la-blague-de-leo-aupres-des-au","status":"publish","type":"post","link":"https:\/\/www.europesays.com\/fr\/559464\/","title":{"rendered":"\u00ab\u00a0Une belle ordure\u00a0\u00bb, la blague de L\u00e9o aupr\u00e8s des au &#8230;"},"content":{"rendered":"<p>EN BREF<\/p>\n<ul class=\"bloc_resume_post_list\">\n<li>Samedi 18 octobre 2025, Nikos Aliagas et Karima Charni<br \/>\nont lanc\u00e9 la nouvelle saison de la Star Academy sur<br \/>\nTF1.<\/li>\n<li>Les candidats ont pass\u00e9 leurs \u00e9valuations en bin\u00f4me, avec<br \/>\ndes destins li\u00e9s jusqu\u00a0\u00bbau prochain prime.<\/li>\n<li>Les tensions entre L\u00e9o et Jeanne r\u00e9v\u00e8lent des dynamiques<br \/>\nintrigantes parmi les acad\u00e9miciens.<\/li>\n<\/ul>\n<p>Samedi 18 octobre 2025,\u00a0Nikos Aliagas\u00a0et\u00a0Karima<br \/>\nCharni\u00a0\u00e9taient aux commandes du <a href=\"https:\/\/www.telestar.fr\/tele_realite\/star-academy-2025-qui-sont-les-dix-sept-eleves-de-la-saison-1742154\" target=\"_blank\" rel=\"noopener\"><br \/>\nlancement de la nouvelle saison de la\u00a0Star Academy<\/a>\u00a0en<br \/>\nprime time sur TF1. \u00ab\u00a0Le ch\u00e2teau de la Star Academy rouvre ses<br \/>\nportes pour accueillir la promotion 2025 !\u00a0<strong>Ils ont<br \/>\nentre 18 et 25 ans.<\/strong>\u00a0Talentueux, passionn\u00e9s,<br \/>\nd\u00e9termin\u00e9s, ils ont d\u00e9croch\u00e9 leur place au ch\u00e2teau de<br \/>\nDammarie-les-Lys\u00a0\u00bb, avait ainsi soulign\u00e9 la premi\u00e8re cha\u00eene<br \/>\ndans un communiqu\u00e9.<\/p>\n<p>\u00ab\u00a0<strong>Qui succ\u00e9dera \u00e0 Marine<\/strong>, grande gagnante de<br \/>\nla saison 2024 avec son album d\u00e9j\u00e0 disque d&rsquo;or, et remportera un<br \/>\ncontrat d&rsquo;enregistrement exclusif avec Sony Music Entertainment<br \/>\nFrance, la production d&rsquo;un premier album, ainsi que 100.000 euros<br \/>\n?<br \/>Le compte \u00e0 rebours est lanc\u00e9&#8230; et le r\u00eave ne fait que<br \/>\ncommencer !\u00a0\u00bb, avait ensuite ajout\u00e9 TF1.<\/p>\n<p>Star Academy 2025 : les \u00ab\u00a0destins li\u00e9s\u00a0\u00bb sont venus bousculer les<br \/>\ncandidats cette semaine<\/p>\n<p>\u00ab\u00a0<a href=\"https:\/\/www.telestar.fr\/tele_realite\/star-academy-michael-goldman-annonce-un-grand-changement-pour-les-evaluations-1742366\" target=\"_blank\" rel=\"noopener\">Michael<br \/>\nGoldman<\/a>\u00a0revient en tant que Directeur de la Star Academy<br \/>\npour la quatri\u00e8me ann\u00e9e. Il sera entour\u00e9 d&rsquo;une \u00e9quipe<br \/>\np\u00e9dagogique,\u00a0<strong>compos\u00e9e de cinq professeurs et deux<br \/>\nr\u00e9p\u00e9titrices.<\/strong>\u00a0Et il accueillera dans ses rangs deux<br \/>\nnouveaux professeurs reconnus dans leur domaine\u00a0\u00bb, avait<br \/>\n\u00e9galement pr\u00e9cis\u00e9 la premi\u00e8re cha\u00eene.<\/p>\n<p>Cette semaine, les cartes ont \u00e9t\u00e9 rebattues pour les candidats<br \/>\nde la Star Academy. En effet, chacun d&rsquo;entre eux a vu son destin<br \/>\n\u00eatre li\u00e9 \u00e0 celui d&rsquo;un autre acad\u00e9micien jusqu&rsquo;au prochain prime.<br \/>\n<strong>Ils ont ainsi tous pass\u00e9s leurs \u00e9valuations en<br \/>\nbin\u00f4me.<\/strong> Parmi tous les duos cr\u00e9\u00e9s pour l&rsquo;occasion. On peut<br \/>\nnotamment citer <a href=\"https:\/\/www.telestar.fr\/actu_tv\/ca-sest-fait-la-hier-soir-leo-en-couple-avec-jeanne-rebondissement-de-taille-a-la-star-academy-1744964\" target=\"_blank\" rel=\"noopener\"><br \/>\ncelui form\u00e9 par L\u00e9o et Jeanne<\/a>, qui semblent tr\u00e8s proches depuis<br \/>\nle d\u00e9but de l&rsquo;aventure.<\/p>\n<p>Jeanne \u00e0 propos de son partenaire L\u00e9o :<br \/>\n\u00ab\u00a0J&rsquo;ai le pire bin\u00f4me !\u00a0\u00bb<\/p>\n<p>Cependant, le jeune homme s&rsquo;est attir\u00e9 les foudres de sa<br \/>\npartenaire apr\u00e8s lui avoir lanc\u00e9 une petite plaisanterie.<br \/>\n\u00ab\u00a0<strong>J&rsquo;aurais peut-\u00eatre d\u00fb me mettre avec<br \/>\nLily<\/strong>\u00ab\u00a0, a-t-il ainsi d\u00e9clar\u00e9 dans la quotidienne de la<br \/>\nStar Academy diffus\u00e9e le mardi 25 novembre 2025 sur<br \/>\nTF1.\u00a0\u00ab\u00a0Oh non ! Attend, j&rsquo;ai le pire bin\u00f4me !\u00a0\u00bb, s&rsquo;est<br \/>\nalors exclam\u00e9e Jeanne. Visiblement touch\u00e9e par cette remarque. Son<br \/>\npartenaire a ensuite tent\u00e9 de se d\u00e9fendre en lan\u00e7ant : \u00ab\u00a0Mais<br \/>\nc&rsquo;est une blague !\u00a0\u00bb.<\/p>\n<p>\u00ab\u00a0Elle n&rsquo;est pas dr\u00f4le ta blague. Je ne m\u00e9rite pas \u00e7a (&#8230;)<br \/>\nJe ne suis pas susceptible mais \u00e0 force&#8230;\u00a0\u00bb, a imm\u00e9diatement<br \/>\nr\u00e9pliqu\u00e9 Jeanne.\u00a0\u00ab\u00a0L\u00e9o, ce n&rsquo;est pas parce que tu le dis de<br \/>\nfa\u00e7on gentille, que ce sont des blagues. <strong>Marl\u00e8ne a<br \/>\nraison, t&rsquo;es pince-sans-rire<\/strong>. Tu dis des trucs<br \/>\nhyper durs, mais tu vas le dire avec un ton adorable\u00a0\u00bb, a<br \/>\n\u00e9galement surench\u00e9ri Anouk. Pour apporter son soutien \u00e0 sa camarade<br \/>\nde promotion.<\/p>\n","protected":false},"excerpt":{"rendered":"EN BREF Samedi 18 octobre 2025, Nikos Aliagas et Karima Charni ont lanc\u00e9 la nouvelle saison de la&hellip;\n","protected":false},"author":2,"featured_media":559465,"comment_status":"","ping_status":"","sticky":false,"template":"","format":"standard","meta":{"footnotes":""},"categories":[8],"tags":[548,58,59,1011,27,199],"class_list":{"0":"post-559464","1":"post","2":"type-post","3":"status-publish","4":"format-standard","5":"has-post-thumbnail","7":"category-divertissement","8":"tag-article-simple","9":"tag-divertissement","10":"tag-entertainment","11":"tag-fr","12":"tag-france","13":"tag-tf1"},"share_on_mastodon":{"url":"https:\/\/pubeurope.com\/@fr\/115614902113682550","error":""},"_links":{"self":[{"href":"https:\/\/www.europesays.com\/fr\/wp-json\/wp\/v2\/posts\/559464","targetHints":{"allow":["GET"]}}],"collection":[{"href":"https:\/\/www.europesays.com\/fr\/wp-json\/wp\/v2\/posts"}],"about":[{"href":"https:\/\/www.europesays.com\/fr\/wp-json\/wp\/v2\/types\/post"}],"author":[{"embeddable":true,"href":"https:\/\/www.europesays.com\/fr\/wp-json\/wp\/v2\/users\/2"}],"replies":[{"embeddable":true,"href":"https:\/\/www.europesays.com\/fr\/wp-json\/wp\/v2\/comments?post=559464"}],"version-history":[{"count":0,"href":"https:\/\/www.europesays.com\/fr\/wp-json\/wp\/v2\/posts\/559464\/revisions"}],"wp:featuredmedia":[{"embeddable":true,"href":"https:\/\/www.europesays.com\/fr\/wp-json\/wp\/v2\/media\/559465"}],"wp:attachment":[{"href":"https:\/\/www.europesays.com\/fr\/wp-json\/wp\/v2\/media?parent=559464"}],"wp:term":[{"taxonomy":"category","embeddable":true,"href":"https:\/\/www.europesays.com\/fr\/wp-json\/wp\/v2\/categories?post=559464"},{"taxonomy":"post_tag","embeddable":true,"href":"https:\/\/www.europesays.com\/fr\/wp-json\/wp\/v2\/tags?post=559464"}],"curies":[{"name":"wp","href":"https:\/\/api.w.org\/{rel}","templated":true}]}}