{"id":559466,"date":"2025-11-26T07:49:20","date_gmt":"2025-11-26T07:49:20","guid":{"rendered":"https:\/\/www.europesays.com\/fr\/559466\/"},"modified":"2025-11-26T07:49:20","modified_gmt":"2025-11-26T07:49:20","slug":"carrefour-fait-tomber-les-prix-de-son-petit-electromenager-pour-le-black-friday","status":"publish","type":"post","link":"https:\/\/www.europesays.com\/fr\/559466\/","title":{"rendered":"Carrefour fait tomber les prix de son petit \u00e9lectrom\u00e9nager pour le Black Friday"},"content":{"rendered":"<p class=\"ed__a-h ed__bdy__l\">Prenez soin de votre maison (et de tous ses habitants) sans vous ruiner, profitez des offres du Black Friday Carrefour ! De nombreuses promotions toutes plus all\u00e9chantes les unes que les autres vous attendent dans la cat\u00e9gorie du petit \u00e9lectrom\u00e9nager\u2026 \u00c0 saisir rapidement.<\/p>\n<p class=\"ed__a-p ed__bdy__l\">Un aspirateur balai Dyson ultra performant pour nettoyer vos sols sans vous \u00e9puiser, un micro-ondes tr\u00e8s pratique \u00e0 tout petit prix ou encore un multicuiseur Cookeo pour simplifier la pr\u00e9paration des repas : pendant le Black Friday Carrefour, tous ces articles incontournables pour la maison sont en promotion, \u00e0 des prix exceptionnels !<\/p>\n<p class=\"ed__a-p ed__bdy__l\">Vous avez quelques jours pour profiter de ces superbes affaires disponibles en ligne, avec possibilit\u00e9 d\u2019\u00eatre livr\u00e9 \u00e0 domicile ou de b\u00e9n\u00e9ficier d\u2019un retrait en magasin sur les produits en stock. N\u2019h\u00e9sitez pas \u00e0 parcourir toutes les rubriques du site de Carrefour, car les promotions sont partout\u2026 Et cela ne va durer que quelques jours, le temps de bien pr\u00e9parer No\u00ebl ou tout simplement de vous faire plaisir.<\/p>\n<p>Le multicuiseur Moulinex Cookeo+ CE851HF0 80 \u20ac moins cher !<\/p>\n<p class=\"ed__a-p ed__bdy__l\">Pendant le Black Friday, l\u2019enseigne Carrefour vous propose une <strong>r\u00e9duction imm\u00e9diate de 80 \u20ac<\/strong> sur ce mod\u00e8le de <a href=\"https:\/\/bit.ly\/4adC4Uy\" target=\"_blank\" rel=\"nofollow noopener\">multicuiseur Cookeo+<\/a> qu\u2019on ne pr\u00e9sente plus. Ainsi, vous avez la possibilit\u00e9 de vous l\u2019offrir pour la somme de 169,99 \u20ac seulement, contre 249,99 \u20ac hors p\u00e9riode de promotion.<\/p>\n<p class=\"ed__a-p ed__bdy__l\"><img loading=\"lazy\" decoding=\"async\" src=\"data:image\/svg+xml,%3Csvg xmlns='http:\/\/www.w3.org\/2000\/svg'%3E%3C\/svg%3E\" draggable=\"false\" width=\"1575\" height=\"1575\" class=\"ed__title-xxs\" alt=\"\" style=\"background-color: #f2f2f2; aspect-ratio:1575\/1575;\"\/><\/p>\n<p class=\"ed__a-p ed__bdy__l\">Ce multicuiseur intelligent, qui n\u2019inclut pas moins de 150 recettes pr\u00e9programm\u00e9es, fonctionne avec un \u00e9cran tr\u00e8s intuitif parfait pour un usage sans stress. Avec lui, chaque \u00e9tape de votre recette vous est d\u00e9crite pas \u00e0 pas : cuisiner n\u2019aura jamais \u00e9t\u00e9 aussi simple.<\/p>\n<p class=\"ed__a-p ed__bdy__l\">Parmi les points forts de ce mod\u00e8le, on appr\u00e9cie notamment la diversit\u00e9 des modes de cuisson disponibles :<\/p>\n<ul class=\"ed__lists ed__bdy__l\">\n<li>Cuire sous pression<\/li>\n<li>Cuire \u00e0 la vapeur<\/li>\n<li>Mijoter<\/li>\n<li>Dorer<\/li>\n<li>Cuire lentement<\/li>\n<li>R\u00e9chauffer<\/li>\n<\/ul>\n<p class=\"ed__a-p ed__bdy__l\">Sans oublier que vous pouvez \u00e9galement utiliser ce Cookeo comme friteuse sans huile, si vous vous dotez de l\u2019accessoire EXTRA CRISP et que vous profitez de sa fonction air fryer (vendu s\u00e9par\u00e9ment).<\/p>\n<p>L\u2019incontournable aspirateur balai Dyson V10 Origin \u00e0 un tarif imbattable<\/p>\n<p class=\"ed__a-p ed__bdy__l\">Le Black Friday Carrefour, c\u2019est aussi l\u2019occasion de vous offrir l\u2019<a href=\"https:\/\/bit.ly\/48j3TIs\" target=\"_blank\" rel=\"nofollow noopener\">aspirateur Dyson V10 Origin<\/a> 100 \u20ac moins cher ! D\u00e8s \u00e0 pr\u00e9sent, vous pouvez le commander pour 329 \u20ac au lieu de 429 \u20ac.<\/p>\n<p class=\"ed__a-p ed__bdy__l\"><img loading=\"lazy\" decoding=\"async\" src=\"data:image\/svg+xml,%3Csvg xmlns='http:\/\/www.w3.org\/2000\/svg'%3E%3C\/svg%3E\" draggable=\"false\" width=\"879\" height=\"903\" class=\"ed__title-xxs\" alt=\"\" style=\"background-color: #f2f2f2; aspect-ratio:879\/903;\"\/><\/p>\n<p class=\"ed__a-p ed__bdy__l\">Efficace aussi bien sur les sols durs que sur les moquettes, ce mod\u00e8le fonctionne avec un moteur 14 cyclones capable de g\u00e9n\u00e9rer des forces de plus de 79 000G. R\u00e9sultat : votre aspirateur capture toutes les poussi\u00e8res et salet\u00e9s, m\u00eame les plus fines, ce qui fait de lui un alli\u00e9 id\u00e9al pour vous d\u00e9barrasser des bact\u00e9ries et des allerg\u00e8nes.<\/p>\n<p class=\"ed__a-p ed__bdy__l\">Impossible de pr\u00e9senter cette r\u00e9f\u00e9rence sans \u00e9voquer sa brosse Motorbar, sp\u00e9cifiquement con\u00e7ue pour capturer tous les poils d\u2019animaux avec une efficacit\u00e9 d\u00e9concertante. Une brosse anti-enchev\u00eatrement qui \u00e9vite aussi les emm\u00ealements, pour un entretien facilit\u00e9.<\/p>\n<p class=\"ed__a-p ed__bdy__l\">Sans concession sur la performance, ce condens\u00e9 d\u2019innovations technologiques offre jusqu\u2019\u00e0 60 minutes d\u2019aspiration continue sans aucune baisse de puissance, gr\u00e2ce \u00e0 une batterie au nickel-cobalt-aluminium \u00e0 sept cellules.<\/p>\n<p>Des caf\u00e9s dignes d\u2019un professionnel avec la machine \u00e0 expresso Delonghi \u00e0 petit prix<\/p>\n<p class=\"ed__a-p ed__bdy__l\">Et si le Black Friday Carrefour transformait vos petits d\u00e9jeuners ? Avec la <a href=\"https:\/\/bit.ly\/3Ml9O8u\" target=\"_blank\" rel=\"nofollow noopener\">machine \u00e0 expresso De&rsquo;Longhi Ecam 3.123B<\/a> en promotion, le r\u00eave devient r\u00e9alit\u00e9. L\u2019enseigne r\u00e9alise une remise exceptionnelle de 240 \u20ac sur ce produit qui passe de 499,99 \u20ac \u00e0 259,99 \u20ac.<\/p>\n<p class=\"ed__a-p ed__bdy__l\"><img loading=\"lazy\" decoding=\"async\" src=\"data:image\/svg+xml,%3Csvg xmlns='http:\/\/www.w3.org\/2000\/svg'%3E%3C\/svg%3E\" draggable=\"false\" width=\"2867\" height=\"2999\" class=\"ed__title-xxs\" alt=\"\" style=\"background-color: #f2f2f2; aspect-ratio:2867\/2999;\"\/><\/p>\n<p class=\"ed__a-p ed__bdy__l\">Cette machine \u00e0 expresso tr\u00e8s compl\u00e8te vous permet de pr\u00e9parer des caf\u00e9s parfaitement \u00e9quilibr\u00e9s simplement en appuyant sur un bouton, sans perte de temps. Elle fonctionne avec une technologie de broyage int\u00e9gr\u00e9 vous garantissant des grains fra\u00eechement moulus pour chacune de vos boissons.<\/p>\n<p class=\"ed__a-p ed__bdy__l\">En fonction de vos envies, vous pouvez \u00e9videmment personnaliser le niveau d\u2019ar\u00f4me ainsi que l\u2019intensit\u00e9 de votre pr\u00e9paration. Non seulement vous gagnez du temps, mais vous ne faites pas une seule concession sur la saveur de vos caf\u00e9s.<\/p>\n<p>Un micro-ondes gril Whirlpool simple, efficace et plus qu\u2019abordable<\/p>\n<p class=\"ed__a-p ed__bdy__l\">Vendu 79,99 \u20ac au lieu de 139,99 \u20ac, le <a href=\"https:\/\/bit.ly\/3Kkvy3I\" target=\"_blank\" rel=\"nofollow noopener\">micro-ondes gril Whirlpool MWP103B<\/a> comme un excellent rapport qualit\u00e9\/prix repr\u00e9sentatif des bonnes affaires que vous pouvez r\u00e9aliser pendant ce Black Friday Carrefour.<\/p>\n<p class=\"ed__a-p ed__bdy__l\"><img loading=\"lazy\" decoding=\"async\" src=\"data:image\/svg+xml,%3Csvg xmlns='http:\/\/www.w3.org\/2000\/svg'%3E%3C\/svg%3E\" draggable=\"false\" width=\"988\" height=\"902\" class=\"ed__title-xxs\" alt=\"\" style=\"background-color: #f2f2f2; aspect-ratio:988\/902;\"\/><\/p>\n<p class=\"ed__a-p ed__bdy__l\">Sa fonctionnalit\u00e9 gril vous plaira tout particuli\u00e8rement pour sa capacit\u00e9 \u00e0 faire croustiller vos plats en un temps record : parfait pour les gratins, par exemple ! En parall\u00e8le, notez que pour moins de 80 \u20ac, ce mod\u00e8le offre une puissance de 700 W, 5 programmes et une capacit\u00e9 de 20 litres.<\/p>\n<p class=\"ed__a-p ed__bdy__l\">Dans la cuisine et dans toute la maison, c\u2019est le moment de vous \u00e9quiper : les meilleures marques et les meilleurs produits sont en promotion chez Carrefour pour le Black Friday ! Profitez-en d\u00e8s maintenant, car les offres restent valables sur une courte dur\u00e9e.<\/p>\n","protected":false},"excerpt":{"rendered":"Prenez soin de votre maison (et de tous ses habitants) sans vous ruiner, profitez des offres du Black&hellip;\n","protected":false},"author":2,"featured_media":559467,"comment_status":"","ping_status":"","sticky":false,"template":"","format":"standard","meta":{"footnotes":""},"categories":[7],"tags":[1011,27,43,40,41,39,42,44],"class_list":{"0":"post-559466","1":"post","2":"type-post","3":"status-publish","4":"format-standard","5":"has-post-thumbnail","7":"category-sciences-et-technologies","8":"tag-fr","9":"tag-france","10":"tag-science","11":"tag-science-and-technology","12":"tag-sciences","13":"tag-sciences-et-technologies","14":"tag-technologies","15":"tag-technology"},"share_on_mastodon":{"url":"https:\/\/pubeurope.com\/@fr\/115614906051441357","error":""},"_links":{"self":[{"href":"https:\/\/www.europesays.com\/fr\/wp-json\/wp\/v2\/posts\/559466","targetHints":{"allow":["GET"]}}],"collection":[{"href":"https:\/\/www.europesays.com\/fr\/wp-json\/wp\/v2\/posts"}],"about":[{"href":"https:\/\/www.europesays.com\/fr\/wp-json\/wp\/v2\/types\/post"}],"author":[{"embeddable":true,"href":"https:\/\/www.europesays.com\/fr\/wp-json\/wp\/v2\/users\/2"}],"replies":[{"embeddable":true,"href":"https:\/\/www.europesays.com\/fr\/wp-json\/wp\/v2\/comments?post=559466"}],"version-history":[{"count":0,"href":"https:\/\/www.europesays.com\/fr\/wp-json\/wp\/v2\/posts\/559466\/revisions"}],"wp:featuredmedia":[{"embeddable":true,"href":"https:\/\/www.europesays.com\/fr\/wp-json\/wp\/v2\/media\/559467"}],"wp:attachment":[{"href":"https:\/\/www.europesays.com\/fr\/wp-json\/wp\/v2\/media?parent=559466"}],"wp:term":[{"taxonomy":"category","embeddable":true,"href":"https:\/\/www.europesays.com\/fr\/wp-json\/wp\/v2\/categories?post=559466"},{"taxonomy":"post_tag","embeddable":true,"href":"https:\/\/www.europesays.com\/fr\/wp-json\/wp\/v2\/tags?post=559466"}],"curies":[{"name":"wp","href":"https:\/\/api.w.org\/{rel}","templated":true}]}}